{"id":1245,"date":"2023-04-12T18:48:17","date_gmt":"2023-04-12T18:48:17","guid":{"rendered":"https:\/\/koff.swisspeace.ch\/apropos\/?p=1245"},"modified":"2023-04-19T11:39:43","modified_gmt":"2023-04-19T11:39:43","slug":"wenn-medien-die-themen-umwelt-und-ressourcenmanagement-aufgreifen","status":"publish","type":"post","link":"https:\/\/koff.swisspeace.ch\/apropos\/1245\/wenn-medien-die-themen-umwelt-und-ressourcenmanagement-aufgreifen\/","title":{"rendered":"Wenn Medien die Themen Umwelt und Ressourcenmanagement aufgreifen"},"content":{"rendered":"\n<p><\/p>\n\n\n\n<p>In den L\u00e4ndern, in denen die Stiftung Hirondelle t\u00e4tig ist, besteht ein indirekter, aber dennoch bedeutsamer Zusammenhang zwischen knappen nat\u00fcrlichen Ressourcen und gewaltt\u00e4tigen Konflikten. Dort spielen die unabh\u00e4ngigen Medien eine grosse Rolle, denn sie schaffen Raum f\u00fcr Dialog. Sie erm\u00f6glichen den Austausch, Er\u00f6rterungen sowie lebhafte Diskussionen und tragen so dazu bei, dass die Verbindung zwischen den Konfliktparteien nicht abbricht. Dank der Medienberichterstattung \u00fcber das Thema Ressourcenmanagement k\u00f6nnen Staatsbeamt:innen hinterfragt und in die politische Verantwortung genommen werden. Lokale Medien vermitteln den H\u00f6rer:innen nicht nur theoretisches und praktisches Wissen sowie Fertigkeiten, sondern schaffen auch einen Raum, in dem sie ihre Sorgen \u00e4ussern k\u00f6nnen und ihre Stimmen vermehrt geh\u00f6rt werden. Manchmal schaffen sie es so sogar auf die politische Agenda.<\/p>\n\n\n\n<p>Wir haben unseren Medienpartner in Pakistan und unseren Radiosender in Niger befragt:<\/p>\n\n\n\n<p><strong>Said Nazir \/ Gesch\u00e4ftsleiter von Tribal News Network (TNN) \u2013 Pakistan<\/strong><strong><\/strong><\/p>\n\n\n\n<p><em>Welche Rolle spielen die Medien Ihrer Meinung nach beim Management nat\u00fcrlicher Ressourcen?<\/em><em><\/em><\/p>\n\n\n\n<p>Die Medien tragen eine grosse Verantwortung bei der L\u00f6sung von Konflikten: Sie stellen eine Plattform f\u00fcr den Dialog und f\u00fcr Stimmen, die sich f\u00fcr die L\u00f6sung von Konflikten aussprechen, bereit. In einem Land wie Pakistan, in welchem diese Plattformen von K\u00e4mpfer:innen und m\u00e4chtigen staatlichen und antistaatlichen Elementen beherrscht werden, m\u00fcssen sich die Medien auf die menschliche Seite und die Belastungen dieser Konflikte konzentrieren. Sie m\u00fcssen Wiedergutmachung fordern, Rechenschaft ablegen und unabh\u00e4ngige Stimmen zu Wort kommen lassen, die die Friedensf\u00f6rderung beg\u00fcnstigen. Das nachhaltige Management nat\u00fcrlicher Ressourcen kann Realit\u00e4t werden, wenn die Beteiligten geh\u00f6rt werden und Beamt:innen, Umweltsch\u00fctzer:innen, Gemeindevorsteher:innen, \u00d6ffentlichkeitsvertreter:innen und die \u00d6ffentlichkeit im Allgemeinen miteinbezogen werden.<\/p>\n\n\n\n<p>Darum gibt es unser Netzwerk: Wenn den Menschen in einem Konflikt immer mehr die Stimme geraubt wird, verschafft unsere Berichterstattung diesen Gemeinschaften Geh\u00f6r. TNN bietet allen Anspruchsgruppen eine Dialogplattform, damit sie ihre Meinung \u00e4ussern und gemeinsame Entscheidungen f\u00fcr eine verantwortungsvolle Nutzung nat\u00fcrlicher Ressourcen und den Umweltschutz treffen k\u00f6nnen. TNN zieht die Machthaber:innen f\u00fcr ihr Handeln zur Verantwortung, indem es Entscheidungstr\u00e4ger:innen und die breite \u00d6ffentlichkeit f\u00fcr die Bedeutung der nachhaltigen Ressourcenbewirtschaftung im Hinblick auf langfristigen Frieden und Stabilit\u00e4t sensibilisiert.<\/p>\n\n\n\n<p><strong>Karine Dyskiewi<strong>cz<\/strong> \/ Projektleiterin Studio Kalangou \u2013 Niger<\/strong><\/p>\n\n\n\n<p><em>Wie gehen Sie im Sender das Thema Management von nat\u00fcrlichen Ressourcen an?<\/em><em><\/em><\/p>\n\n\n\n<p>Eines der vorrangigen Ziele der Stiftung Hirondelle ist die Verbesserung der Beziehungen zwischen Wissenschaft und Journalismus. Jede Woche gibt es bei uns ein Magazin zu den Themen Umwelt und nat\u00fcrliche Ressourcen. Zudem bieten wir unserem Publikum Foren und interaktive Diskussionen.<\/p>\n\n\n\n<p>Wir erm\u00f6glichen es den B\u00fcrger:innen, sich zu den Themen Gouvernanz, Landzugang und Management von nat\u00fcrlichen Ressourcen zu \u00e4ussern. So geben wir der Bev\u00f6lkerung konkrete Werkzeuge an die Hand, um ihre Rechte zu verteidigen und sich einzeln oder in der Gruppe im Bereich Ressourcenmanagement zu engagieren.<\/p>\n","protected":false},"excerpt":{"rendered":"<p>In den L\u00e4ndern, in denen die Stiftung Hirondelle t\u00e4tig ist, besteht ein indirekter, aber dennoch bedeutsamer Zusammenhang zwischen knappen nat\u00fcrlichen Ressourcen und gewaltt\u00e4tigen Konflikten. Dort spielen die unabh\u00e4ngigen Medien eine grosse Rolle, denn sie schaffen Raum f\u00fcr Dialog. Sie erm\u00f6glichen den Austausch, Er\u00f6rterungen sowie lebhafte Diskussionen und tragen so dazu bei, dass die Verbindung zwischen <a href=\"https:\/\/koff.swisspeace.ch\/apropos\/1245\/wenn-medien-die-themen-umwelt-und-ressourcenmanagement-aufgreifen\/\" class=\"more-link\">&#8230;<span class=\"screen-reader-text\">  Wenn Medien die Themen Umwelt und Ressourcenmanagement aufgreifen<\/span><\/a><\/p>\n","protected":false},"author":3,"featured_media":1231,"comment_status":"open","ping_status":"open","sticky":false,"template":"","format":"standard","meta":{"advgb_blocks_editor_width":"","advgb_blocks_columns_visual_guide":""},"categories":[73],"tags":[],"issue":[163],"acf":[],"author_meta":{"display_name":"\u00e0 propos","author_link":"https:\/\/koff.swisspeace.ch\/apropos\/author\/apropos\/"},"featured_img":"https:\/\/koff.swisspeace.ch\/apropos\/wp-content\/uploads\/2023\/04\/WB180FondationHirondelleBild2-600x332.jpg","coauthors":[],"tax_additional":{"categories":{"linked":["<a href=\"https:\/\/koff.swisspeace.ch\/apropos\/category\/reports-de\/\" class=\"advgb-post-tax-term\">Dossier<\/a>"],"unlinked":["<span class=\"advgb-post-tax-term\">Dossier<\/span>"]}},"comment_count":0,"relative_dates":{"created":"Posted 3 years ago","modified":"Updated 3 years ago"},"absolute_dates":{"created":"Posted on April 12, 2023","modified":"Updated on April 19, 2023"},"absolute_dates_time":{"created":"Posted on April 12, 2023 6:48 pm","modified":"Updated on April 19, 2023 11:39 am"},"featured_img_caption":"","series_order":null,"_links":{"self":[{"href":"https:\/\/koff.swisspeace.ch\/apropos\/wp-json\/wp\/v2\/posts\/1245"}],"collection":[{"href":"https:\/\/koff.swisspeace.ch\/apropos\/wp-json\/wp\/v2\/posts"}],"about":[{"href":"https:\/\/koff.swisspeace.ch\/apropos\/wp-json\/wp\/v2\/types\/post"}],"author":[{"embeddable":true,"href":"https:\/\/koff.swisspeace.ch\/apropos\/wp-json\/wp\/v2\/users\/3"}],"replies":[{"embeddable":true,"href":"https:\/\/koff.swisspeace.ch\/apropos\/wp-json\/wp\/v2\/comments?post=1245"}],"version-history":[{"count":4,"href":"https:\/\/koff.swisspeace.ch\/apropos\/wp-json\/wp\/v2\/posts\/1245\/revisions"}],"predecessor-version":[{"id":1598,"href":"https:\/\/koff.swisspeace.ch\/apropos\/wp-json\/wp\/v2\/posts\/1245\/revisions\/1598"}],"wp:featuredmedia":[{"embeddable":true,"href":"https:\/\/koff.swisspeace.ch\/apropos\/wp-json\/wp\/v2\/media\/1231"}],"wp:attachment":[{"href":"https:\/\/koff.swisspeace.ch\/apropos\/wp-json\/wp\/v2\/media?parent=1245"}],"wp:term":[{"taxonomy":"category","embeddable":true,"href":"https:\/\/koff.swisspeace.ch\/apropos\/wp-json\/wp\/v2\/categories?post=1245"},{"taxonomy":"post_tag","embeddable":true,"href":"https:\/\/koff.swisspeace.ch\/apropos\/wp-json\/wp\/v2\/tags?post=1245"},{"taxonomy":"issue","embeddable":true,"href":"https:\/\/koff.swisspeace.ch\/apropos\/wp-json\/wp\/v2\/issue?post=1245"}],"curies":[{"name":"wp","href":"https:\/\/api.w.org\/{rel}","templated":true}]}}