{"id":1248,"date":"2023-04-14T09:36:25","date_gmt":"2023-04-14T09:36:25","guid":{"rendered":"https:\/\/koff.swisspeace.ch\/apropos\/?p=1248"},"modified":"2023-04-19T11:40:13","modified_gmt":"2023-04-19T11:40:13","slug":"quand-lenvironnement-et-la-gestion-des-ressources-deviennent-mediatiques","status":"publish","type":"post","link":"https:\/\/koff.swisspeace.ch\/apropos\/1248\/quand-lenvironnement-et-la-gestion-des-ressources-deviennent-mediatiques\/","title":{"rendered":"Quand l&#8217;environnement et la gestion des ressources deviennent m\u00e9diatiques"},"content":{"rendered":"\n<p><\/p>\n\n\n\n<p>La relation entre la raret\u00e9 des ressources naturelles et les conflits violents au sein des pays d\u2019intervention de la Fondation Hirondelle est indirecte mais significative. Les m\u00e9dias ind\u00e9pendants y jouent un r\u00f4le important en offrant un espace de dialogue. Ils permettent d\u2019\u00e9changer, de d\u00e9battre, de faire vivre la discussion et ainsi contribuer \u00e0 maintenir le lien entre les parties en conflits. La m\u00e9diatisation des questions relatives \u00e0 la gestion des ressources permet d\u2019interroger les officiel\u00b7les et d&#8217;engager leur responsabilit\u00e9 politique. Les m\u00e9dias de proximit\u00e9 permettent non seulement de transmettre aux auditeur.rices des connaissances et des comp\u00e9tences th\u00e9oriques et pratiques, mais aussi d\u2019entendre leurs pr\u00e9occupations et d\u2019amplifier leur voix; jusqu\u2019\u00e0 parfois les inscrire \u00e0 l\u2019agenda politique.<\/p>\n\n\n\n<p>Nous avons interrog\u00e9 notre m\u00e9dia partenaire au Pakistan et notre radio au Niger :<\/p>\n\n\n\n<p><strong>Said Nazir \/ Directeur de Tribal News Network (TNN) &#8211; Pakistan<\/strong><\/p>\n\n\n\n<p><em>Comment voyez-vous le r\u00f4le des m\u00e9dias dans la gouvernance des ressources naturelles ?<\/em><\/p>\n\n\n\n<p>Les m\u00e9dias ont une grande responsabilit\u00e9 dans la r\u00e9solution des conflits en fournissant une plateforme de dialogue et des voix favorables \u00e0 leur r\u00e9solution. Dans un pays comme le Pakistan, o\u00f9 ces plateformes sont domin\u00e9es par des combattants et de puissants \u00e9l\u00e9ments \u00e9tatiques et anti\u00e9tatiques, les m\u00e9dias doivent se concentrer sur le c\u00f4t\u00e9 humain et le co\u00fbt de ces conflits, en demandant r\u00e9paration et en rendant des comptes, en faisant entendre des voix ind\u00e9pendantes qui facilitent la construction de la paix. En donnant la parole aux parties prenantes et en impliquant les fonctionnaires, les \u00e9cologistes, les chefs de communaut\u00e9s, les repr\u00e9sentants publics et le public, la gestion durable des ressources naturelles peut devenir une r\u00e9alit\u00e9.<\/p>\n\n\n\n<p>C&#8217;est la raison d&#8217;\u00eatre de notre r\u00e9seau : notre couverture permet de faire entendre les voix des communaut\u00e9s dans un conflit qui cherche de plus en plus \u00e0 r\u00e9duire les gens au silence. TNN offre une plateforme de dialogue \u00e0 toutes les parties prenantes afin qu&#8217;elles puissent exprimer leur opinion et prendre des d\u00e9cisions collectives pour une utlisation responsable des ressources naturelles et la protection de l&#8217;environnement. TNN tient les d\u00e9tenteur\u00b7rices du pouvoir responsables de leurs actes en sensibilisant les d\u00e9cisionnaires et le grand public \u00e0 l&#8217;importance d&#8217;une gestion durable des ressources pour une paix et une stabilit\u00e9 \u00e0 long terme.<\/p>\n\n\n\n<p><strong>Karine Dyskiewicz \/ Responsable du projet Studio Kalangou &#8211; Niger<\/strong><\/p>\n\n\n\n<p><em>Comment abordez-vous le sujet de la gestion des ressources naturelles \u00e0 l\u2019antenne ?<\/em><\/p>\n\n\n\n<p>Am\u00e9liorer les relations entre le monde scientifique et journalistique est un objectif prioritaire de la Fondation Hirondelle. Nous d\u00e9dions chaque semaine un magazine sur les questions d\u2019environnement et de ressources naturelles, et nous proposons \u00e0 nos auditeur\u00b7rices des forums et des d\u00e9bat interactifs.<\/p>\n\n\n\n<p>En donnant aux citoyen\u00b7nes la possibilit\u00e9 de s\u2019exprimer sur les questions de gouvernance, d\u2019acc\u00e8s aux terres et de gestion des ressources naturelles, nous donnons aux populations des outils concrets pour d\u00e9fendre leurs droits et pour s\u2019engager \u00e0 titre individuel ou collectif en tant qu\u2019acteur\u00b7rices au sujet des probl\u00e9matiques de gestion des ressources.<\/p>\n","protected":false},"excerpt":{"rendered":"<p>La relation entre la raret\u00e9 des ressources naturelles et les conflits violents au sein des pays d\u2019intervention de la Fondation Hirondelle est indirecte mais significative. Les m\u00e9dias ind\u00e9pendants y jouent un r\u00f4le important en offrant un espace de dialogue. Ils permettent d\u2019\u00e9changer, de d\u00e9battre, de faire vivre la discussion et ainsi contribuer \u00e0 maintenir le <a href=\"https:\/\/koff.swisspeace.ch\/apropos\/1248\/quand-lenvironnement-et-la-gestion-des-ressources-deviennent-mediatiques\/\" class=\"more-link\">&#8230;<span class=\"screen-reader-text\">  Quand l&#8217;environnement et la gestion des ressources deviennent m\u00e9diatiques<\/span><\/a><\/p>\n","protected":false},"author":3,"featured_media":1231,"comment_status":"open","ping_status":"open","sticky":false,"template":"","format":"standard","meta":{"advgb_blocks_editor_width":"","advgb_blocks_columns_visual_guide":""},"categories":[113],"tags":[],"issue":[165],"acf":[],"author_meta":{"display_name":"\u00e0 propos","author_link":"https:\/\/koff.swisspeace.ch\/apropos\/author\/apropos\/"},"featured_img":"https:\/\/koff.swisspeace.ch\/apropos\/wp-content\/uploads\/2023\/04\/WB180FondationHirondelleBild2-600x332.jpg","coauthors":[],"tax_additional":{"categories":{"linked":["<a href=\"https:\/\/koff.swisspeace.ch\/apropos\/category\/reports-fr\/\" class=\"advgb-post-tax-term\">Dossier<\/a>"],"unlinked":["<span class=\"advgb-post-tax-term\">Dossier<\/span>"]}},"comment_count":0,"relative_dates":{"created":"Posted 3 years ago","modified":"Updated 3 years ago"},"absolute_dates":{"created":"Posted on April 14, 2023","modified":"Updated on April 19, 2023"},"absolute_dates_time":{"created":"Posted on April 14, 2023 9:36 am","modified":"Updated on April 19, 2023 11:40 am"},"featured_img_caption":"","series_order":null,"_links":{"self":[{"href":"https:\/\/koff.swisspeace.ch\/apropos\/wp-json\/wp\/v2\/posts\/1248"}],"collection":[{"href":"https:\/\/koff.swisspeace.ch\/apropos\/wp-json\/wp\/v2\/posts"}],"about":[{"href":"https:\/\/koff.swisspeace.ch\/apropos\/wp-json\/wp\/v2\/types\/post"}],"author":[{"embeddable":true,"href":"https:\/\/koff.swisspeace.ch\/apropos\/wp-json\/wp\/v2\/users\/3"}],"replies":[{"embeddable":true,"href":"https:\/\/koff.swisspeace.ch\/apropos\/wp-json\/wp\/v2\/comments?post=1248"}],"version-history":[{"count":4,"href":"https:\/\/koff.swisspeace.ch\/apropos\/wp-json\/wp\/v2\/posts\/1248\/revisions"}],"predecessor-version":[{"id":1599,"href":"https:\/\/koff.swisspeace.ch\/apropos\/wp-json\/wp\/v2\/posts\/1248\/revisions\/1599"}],"wp:featuredmedia":[{"embeddable":true,"href":"https:\/\/koff.swisspeace.ch\/apropos\/wp-json\/wp\/v2\/media\/1231"}],"wp:attachment":[{"href":"https:\/\/koff.swisspeace.ch\/apropos\/wp-json\/wp\/v2\/media?parent=1248"}],"wp:term":[{"taxonomy":"category","embeddable":true,"href":"https:\/\/koff.swisspeace.ch\/apropos\/wp-json\/wp\/v2\/categories?post=1248"},{"taxonomy":"post_tag","embeddable":true,"href":"https:\/\/koff.swisspeace.ch\/apropos\/wp-json\/wp\/v2\/tags?post=1248"},{"taxonomy":"issue","embeddable":true,"href":"https:\/\/koff.swisspeace.ch\/apropos\/wp-json\/wp\/v2\/issue?post=1248"}],"curies":[{"name":"wp","href":"https:\/\/api.w.org\/{rel}","templated":true}]}}