{"id":1251,"date":"2023-04-14T11:57:38","date_gmt":"2023-04-14T11:57:38","guid":{"rendered":"https:\/\/koff.swisspeace.ch\/apropos\/?p=1251"},"modified":"2023-04-14T11:57:39","modified_gmt":"2023-04-14T11:57:39","slug":"femmes-et-hommes-deux-realites-distinctes-face-a-limpact-devastateur-de-lexploitation-miniere","status":"publish","type":"post","link":"https:\/\/koff.swisspeace.ch\/apropos\/1251\/femmes-et-hommes-deux-realites-distinctes-face-a-limpact-devastateur-de-lexploitation-miniere\/","title":{"rendered":"Femmes et hommes \u2013 deux r\u00e9alit\u00e9s distinctes face \u00e0 l&#8217;impact d\u00e9vastateur de l&#8217;exploitation mini\u00e8re"},"content":{"rendered":"\n<p><\/p>\n\n\n\n<p>En Afrique du Sud et ailleurs, l&#8217;activit\u00e9 des grandes mines industrielles affecte un grand nombre de personnes, que ce soient le personnel des mines, les fournisseurs, les familles aux alentours, les travailleur\u00b7se\u00b7s migrant\u00b7es ou encore les personnes d\u00e9plac\u00e9es. Une \u00e9tude d&#8217;Action de Car\u00eame r\u00e9alis\u00e9e en 2022 a tent\u00e9 d&#8217;\u00e9lucider si l&#8217;impact des mines en Afrique du Sud \u00e9tait diff\u00e9renci\u00e9 selon le genre, et quelles cons\u00e9quences on pouvait en tirer pour le travail de soutien des communaut\u00e9s affect\u00e9es.<\/p>\n\n\n\n<p>D&#8217;embl\u00e9e, l&#8217;auteure de l&#8217;\u00e9tude a \u00e9tabli que l&#8217;impact est multiple et ne d\u00e9pend pas seulement du genre, mais aussi du groupe racialis\u00e9 de l&#8217;individu et de sa classe sociale. Les personnes noires, par exemple, sont nettement plus touch\u00e9es en raison du racisme, du patriarcat ou des fondements du capitalisme en Afrique du Sud \u2013 une situation qui perdure pr\u00e8s de trois d\u00e9cennies apr\u00e8s l&#8217;apartheid. En revanche, de nouveaux facteurs sont apparus ces derni\u00e8res ann\u00e9es, tels que l&#8217;augmentation de la sous-traitance et du nombre de femmes travaillant dans les mines.<\/p>\n\n\n\n<p><strong>Les hommes plus touch\u00e9s par les mauvaises conditions de travail et les maladies, les femmes par l&#8217;augmentation de la charge li\u00e9e aux familles et aux malades<\/strong><\/p>\n\n\n\n<p>La majorit\u00e9 des personnes employ\u00e9es dans ou pour les mines sont des travailleurs (hommes) migrants affect\u00e9s par la pr\u00e9carit\u00e9 et les mauvaises conditions de travail. Avec la sous-traitance, les conditions de travail se sont encore d\u00e9grad\u00e9es. Dans ce milieu masculin, l&#8217;\u00e9volution de la loi sudafricaine visant \u00e0 int\u00e9grer les femmes dans les mines n&#8217;a pas am\u00e9lior\u00e9 la situation, mais elle a entra\u00een\u00e9 une augmentation des violences sexuelles. Lorsque les soci\u00e9t\u00e9s mini\u00e8res consultent les communaut\u00e9s, elles discutent avec les autorit\u00e9s traditionnelles qui sont largement repr\u00e9sent\u00e9es par des hommes, \u00e9cartant ainsi les femmes des d\u00e9cisions les concernant.<\/p>\n\n\n\n<p>Dans le cadre de l&#8217;\u00e9tude, l&#8217;auteure a rendu visite \u00e0 une communaut\u00e9 affect\u00e9e par une mine de charbon. Les habitant\u00b7es y ont t\u00e9moign\u00e9 de la violence exerc\u00e9e contre eux\u00b7elles, dans l&#8217;irrespect de leur personne, leur environnement et des cultures locales: d\u00e9placements forc\u00e9s, d\u00e9molition de maisons, tombes exhum\u00e9es et r\u00e9enterr\u00e9es, explosions r\u00e9guli\u00e8res, etc. Les r\u00e9coltes p\u00e9riclitent et le b\u00e9tail meurt car l&#8217;eau et le sol sont contamin\u00e9s. En cons\u00e9quence, les maladies respiratoires, l&#8217;ins\u00e9curit\u00e9 alimentaire et la pauvret\u00e9 se sont accrues; fl\u00e9aux qui impactent les femmes de fa\u00e7on disproportionn\u00e9e. Ce sont elles qui sont la plupart du temps charg\u00e9es de s&#8217;occuper des familles.<\/p>\n\n\n\n<p>Le sentiment g\u00e9n\u00e9ral est que la mine a augment\u00e9 la pauvret\u00e9 chez des familles qui \u00e9taient auparavant autosuffisantes. Seules quelques personnes \u2013 des sous-traitant\u00b7es, chauffeurs de camion ou de taxi \u2013 en ont profit\u00e9. Mais m\u00eame pour ces individus, la vie reste pr\u00e9caire et le prix \u00e0 payer (sant\u00e9, conditions de travail difficiles) est \u00e9lev\u00e9 par rapport au b\u00e9n\u00e9fice tir\u00e9. Celles et ceux ayant tent\u00e9 de protester contre la mine t\u00e9moignent de violences, d&#8217;intimidation et m\u00eame d&#8217;assassinats.<\/p>\n\n\n\n<p>Les partenaires d&#8217;Action de Car\u00eame soulignent l&#8217;importance de tenir compte de cette situation dans le travail sur les entreprises et les droits humains. Ils esp\u00e8rent aussi que ces conclusions serviront \u00e0 th\u00e9matiser la responsabilit\u00e9 des soci\u00e9t\u00e9s mini\u00e8res et l&#8217;impact de notre consommation de mati\u00e8res premi\u00e8res.<\/p>\n","protected":false},"excerpt":{"rendered":"<p>En Afrique du Sud et ailleurs, l&#8217;activit\u00e9 des grandes mines industrielles affecte un grand nombre de personnes, que ce soient le personnel des mines, les fournisseurs, les familles aux alentours, les travailleur\u00b7se\u00b7s migrant\u00b7es ou encore les personnes d\u00e9plac\u00e9es. Une \u00e9tude d&#8217;Action de Car\u00eame r\u00e9alis\u00e9e en 2022 a tent\u00e9 d&#8217;\u00e9lucider si l&#8217;impact des mines en Afrique <a href=\"https:\/\/koff.swisspeace.ch\/apropos\/1251\/femmes-et-hommes-deux-realites-distinctes-face-a-limpact-devastateur-de-lexploitation-miniere\/\" class=\"more-link\">&#8230;<span class=\"screen-reader-text\">  Femmes et hommes \u2013 deux r\u00e9alit\u00e9s distinctes face \u00e0 l&#8217;impact d\u00e9vastateur de l&#8217;exploitation mini\u00e8re<\/span><\/a><\/p>\n","protected":false},"author":3,"featured_media":1221,"comment_status":"open","ping_status":"open","sticky":false,"template":"","format":"standard","meta":{"advgb_blocks_editor_width":"","advgb_blocks_columns_visual_guide":""},"categories":[113],"tags":[],"issue":[165],"acf":[],"author_meta":{"display_name":"\u00e0 propos","author_link":"https:\/\/koff.swisspeace.ch\/apropos\/author\/apropos\/"},"featured_img":"https:\/\/koff.swisspeace.ch\/apropos\/wp-content\/uploads\/2023\/04\/WB180Fastenaktion-600x331.jpg","coauthors":[],"tax_additional":{"categories":{"linked":["<a href=\"https:\/\/koff.swisspeace.ch\/apropos\/category\/reports-fr\/\" class=\"advgb-post-tax-term\">Dossier<\/a>"],"unlinked":["<span class=\"advgb-post-tax-term\">Dossier<\/span>"]}},"comment_count":0,"relative_dates":{"created":"Posted 3 years ago","modified":"Updated 3 years ago"},"absolute_dates":{"created":"Posted on April 14, 2023","modified":"Updated on April 14, 2023"},"absolute_dates_time":{"created":"Posted on April 14, 2023 11:57 am","modified":"Updated on April 14, 2023 11:57 am"},"featured_img_caption":"","series_order":null,"_links":{"self":[{"href":"https:\/\/koff.swisspeace.ch\/apropos\/wp-json\/wp\/v2\/posts\/1251"}],"collection":[{"href":"https:\/\/koff.swisspeace.ch\/apropos\/wp-json\/wp\/v2\/posts"}],"about":[{"href":"https:\/\/koff.swisspeace.ch\/apropos\/wp-json\/wp\/v2\/types\/post"}],"author":[{"embeddable":true,"href":"https:\/\/koff.swisspeace.ch\/apropos\/wp-json\/wp\/v2\/users\/3"}],"replies":[{"embeddable":true,"href":"https:\/\/koff.swisspeace.ch\/apropos\/wp-json\/wp\/v2\/comments?post=1251"}],"version-history":[{"count":5,"href":"https:\/\/koff.swisspeace.ch\/apropos\/wp-json\/wp\/v2\/posts\/1251\/revisions"}],"predecessor-version":[{"id":1547,"href":"https:\/\/koff.swisspeace.ch\/apropos\/wp-json\/wp\/v2\/posts\/1251\/revisions\/1547"}],"wp:featuredmedia":[{"embeddable":true,"href":"https:\/\/koff.swisspeace.ch\/apropos\/wp-json\/wp\/v2\/media\/1221"}],"wp:attachment":[{"href":"https:\/\/koff.swisspeace.ch\/apropos\/wp-json\/wp\/v2\/media?parent=1251"}],"wp:term":[{"taxonomy":"category","embeddable":true,"href":"https:\/\/koff.swisspeace.ch\/apropos\/wp-json\/wp\/v2\/categories?post=1251"},{"taxonomy":"post_tag","embeddable":true,"href":"https:\/\/koff.swisspeace.ch\/apropos\/wp-json\/wp\/v2\/tags?post=1251"},{"taxonomy":"issue","embeddable":true,"href":"https:\/\/koff.swisspeace.ch\/apropos\/wp-json\/wp\/v2\/issue?post=1251"}],"curies":[{"name":"wp","href":"https:\/\/api.w.org\/{rel}","templated":true}]}}