{"id":1255,"date":"2023-04-14T10:02:19","date_gmt":"2023-04-14T10:02:19","guid":{"rendered":"https:\/\/koff.swisspeace.ch\/apropos\/?p=1255"},"modified":"2023-04-14T10:54:53","modified_gmt":"2023-04-14T10:54:53","slug":"frauen-und-manner-zwei-unterschiedliche-realitaten-angesichts-der-verheerenden-folgen-des-bergbaus","status":"publish","type":"post","link":"https:\/\/koff.swisspeace.ch\/apropos\/1255\/frauen-und-manner-zwei-unterschiedliche-realitaten-angesichts-der-verheerenden-folgen-des-bergbaus\/","title":{"rendered":"Frauen und M\u00e4nner \u2013 Zwei unterschiedliche Realit\u00e4ten angesichts der verheerenden Folgen des Bergbaus"},"content":{"rendered":"\n<p><\/p>\n\n\n\n<p>Die T\u00e4tigkeit grosser industrieller Minen hat unter anderem in S\u00fcdafrika Einfluss auf das Leben zahlreicher Menschen, von Minenarbeiter:innen, Zulieferern und Familien in der Umgebung \u00fcber Wanderarbeiter:innen bis hin zu von Umsiedlungen betroffenen Menschen. Eine Studie von Fastenaktion aus dem Jahr 2022 hat untersucht, ob Minen in S\u00fcdafrika unterschiedliche Auswirkungen auf die Menschen \u2013 abh\u00e4ngig vom Geschlecht \u2013 haben und welche Schlussfolgerungen sich daraus f\u00fcr die Unterst\u00fctzungsarbeit in den betroffenen Gemeinschaften ziehen lassen.<\/p>\n\n\n\n<p>Gleich zu Beginn stellte die Studienautorin fest, dass die Auswirkungen vielf\u00e4ltig sind und nicht nur vom Geschlecht, sondern auch von der Rassenzugeh\u00f6rigkeit (engl. racialized group, Begriff f\u00fcr Rasse als soziales Konstrukt) sowie der sozialen Schicht der Einzelperson abh\u00e4ngen. Beispielsweise werden in S\u00fcdafrika auch dreissig Jahre nach dem Ende der Apartheid Schwarze Personen deutlich st\u00e4rker durch Rassismus, patriarchalische Strukturen sowie einen erschwerten Zugang zu Kapital beeintr\u00e4chtigt. Wiederum sind in den letzten Jahren weitere Faktoren dazugekommen, wie etwa die vermehrte Vergabe von Unterauftr\u00e4gen sowie die steigende Anzahl arbeitender Frauen in den Minen.<\/p>\n\n\n\n<p><strong>M\u00e4nner sind st\u00e4rker von schlechten Arbeitsbedingungen und Krankheiten betroffen, Frauen hingegen von der zunehmenden Belastung durch die Familie sowie die Pflege der Kranken<\/strong><\/p>\n\n\n\n<p>Die Mehrheit der Angestellten, die in einer oder f\u00fcr eine Mine arbeiten, sind m\u00e4nnliche Migranten, die unter der Unsicherheit und den schlechten Arbeitsbedingungen leiden. Durch die Vergabe von Unterauftr\u00e4gen haben sich die Arbeitsbedingungen weiter verschlechtert. In diesem m\u00e4nnlich gepr\u00e4gten Umfeld hat die Entwicklung der s\u00fcdafrikanischen Gesetzgebung mit dem Ziel, Frauen in den Bergbau zu integrieren, die Situation nicht verbessert, sondern zu einem Anstieg der sexuellen Gewalt gef\u00fchrt. Bei Gespr\u00e4chen zwischen Bergbauunternehmen und Gemeinschaften kommen die traditionellen Anf\u00fchrer:innen zu Wort \u2013 gr\u00f6sstenteils M\u00e4nner. Frauen k\u00f6nnen also bei Entscheidungen, von denen sie betroffen sind, nicht mitreden.<\/p>\n\n\n\n<p>Im Rahmen der Studie besuchte die Autorin eine Gemeinschaft im Einflussbereich einer Kohlemine. Die Anwohner:innen berichteten von der Gewalt, die sie ohne jeden Respekt ihnen gegen\u00fcber, gegen\u00fcber der Umwelt und der lokalen Kultur erleiden mussten, unter anderem erzwungene Umsiedlungen, zerst\u00f6rte H\u00e4user, ausgehobene und neu gegrabene Gr\u00e4ber und regelm\u00e4ssige Explosionen. Aufgrund des verschmutzten Wassers und Bodens fielen Ernten schlechter aus und das Vieh starb. Dadurch nahmen Atemwegserkrankungen, die Ern\u00e4hrungsunsicherheit und die Armut zu \u2013 solche Belastungen betreffen Frauen unverh\u00e4ltnism\u00e4ssig stark, da sie sich die meiste Zeit um die Familie k\u00fcmmern.<\/p>\n\n\n\n<p>Es herrscht die allgemeine Meinung, dass durch die Mine mehr Armut in Familien herrscht, die zuvor autark waren. Nur einige wenige \u2013 etwa Subunternehmen, LKW- oder Taxifahrer:innen \u2013 konnten von der Mine profitieren. Doch selbst f\u00fcr diese Menschen bleibt das Leben unsicher und sie zahlen im Vergleich zum Gewinn einen hohen Preis (Gesundheit, schwierige Arbeitsbedingungen). Die Menschen, die gegen die Mine protestiert haben, berichten von Gewalt, Einsch\u00fcchterung und sogar Mord.<\/p>\n\n\n\n<p>Die Partner von Fastenaktion betonen, dass diese Situation bei der Arbeit in den Bereichen Unternehmen und Menschenrechte unbedingt ber\u00fccksichtigt werden muss. Sie hoffen auch, dass diese Erkenntnisse dazu dienen, die Verantwortung der Bergbauunternehmen und die Auswirkungen unseres Rohstoffverbrauchs auf den Tisch zu bringen.<\/p>\n","protected":false},"excerpt":{"rendered":"<p>Die T\u00e4tigkeit grosser industrieller Minen hat unter anderem in S\u00fcdafrika Einfluss auf das Leben zahlreicher Menschen, von Minenarbeiter:innen, Zulieferern und Familien in der Umgebung \u00fcber Wanderarbeiter:innen bis hin zu von Umsiedlungen betroffenen Menschen. Eine Studie von Fastenaktion aus dem Jahr 2022 hat untersucht, ob Minen in S\u00fcdafrika unterschiedliche Auswirkungen auf die Menschen \u2013 abh\u00e4ngig vom <a href=\"https:\/\/koff.swisspeace.ch\/apropos\/1255\/frauen-und-manner-zwei-unterschiedliche-realitaten-angesichts-der-verheerenden-folgen-des-bergbaus\/\" class=\"more-link\">&#8230;<span class=\"screen-reader-text\">  Frauen und M\u00e4nner \u2013 Zwei unterschiedliche Realit\u00e4ten angesichts der verheerenden Folgen des Bergbaus<\/span><\/a><\/p>\n","protected":false},"author":3,"featured_media":1221,"comment_status":"open","ping_status":"open","sticky":false,"template":"","format":"standard","meta":{"advgb_blocks_editor_width":"","advgb_blocks_columns_visual_guide":""},"categories":[73],"tags":[],"issue":[163],"acf":[],"author_meta":{"display_name":"\u00e0 propos","author_link":"https:\/\/koff.swisspeace.ch\/apropos\/author\/apropos\/"},"featured_img":"https:\/\/koff.swisspeace.ch\/apropos\/wp-content\/uploads\/2023\/04\/WB180Fastenaktion-600x331.jpg","coauthors":[],"tax_additional":{"categories":{"linked":["<a href=\"https:\/\/koff.swisspeace.ch\/apropos\/category\/reports-de\/\" class=\"advgb-post-tax-term\">Dossier<\/a>"],"unlinked":["<span class=\"advgb-post-tax-term\">Dossier<\/span>"]}},"comment_count":0,"relative_dates":{"created":"Posted 3 years ago","modified":"Updated 3 years ago"},"absolute_dates":{"created":"Posted on April 14, 2023","modified":"Updated on April 14, 2023"},"absolute_dates_time":{"created":"Posted on April 14, 2023 10:02 am","modified":"Updated on April 14, 2023 10:54 am"},"featured_img_caption":"","series_order":null,"_links":{"self":[{"href":"https:\/\/koff.swisspeace.ch\/apropos\/wp-json\/wp\/v2\/posts\/1255"}],"collection":[{"href":"https:\/\/koff.swisspeace.ch\/apropos\/wp-json\/wp\/v2\/posts"}],"about":[{"href":"https:\/\/koff.swisspeace.ch\/apropos\/wp-json\/wp\/v2\/types\/post"}],"author":[{"embeddable":true,"href":"https:\/\/koff.swisspeace.ch\/apropos\/wp-json\/wp\/v2\/users\/3"}],"replies":[{"embeddable":true,"href":"https:\/\/koff.swisspeace.ch\/apropos\/wp-json\/wp\/v2\/comments?post=1255"}],"version-history":[{"count":9,"href":"https:\/\/koff.swisspeace.ch\/apropos\/wp-json\/wp\/v2\/posts\/1255\/revisions"}],"predecessor-version":[{"id":1550,"href":"https:\/\/koff.swisspeace.ch\/apropos\/wp-json\/wp\/v2\/posts\/1255\/revisions\/1550"}],"wp:featuredmedia":[{"embeddable":true,"href":"https:\/\/koff.swisspeace.ch\/apropos\/wp-json\/wp\/v2\/media\/1221"}],"wp:attachment":[{"href":"https:\/\/koff.swisspeace.ch\/apropos\/wp-json\/wp\/v2\/media?parent=1255"}],"wp:term":[{"taxonomy":"category","embeddable":true,"href":"https:\/\/koff.swisspeace.ch\/apropos\/wp-json\/wp\/v2\/categories?post=1255"},{"taxonomy":"post_tag","embeddable":true,"href":"https:\/\/koff.swisspeace.ch\/apropos\/wp-json\/wp\/v2\/tags?post=1255"},{"taxonomy":"issue","embeddable":true,"href":"https:\/\/koff.swisspeace.ch\/apropos\/wp-json\/wp\/v2\/issue?post=1255"}],"curies":[{"name":"wp","href":"https:\/\/api.w.org\/{rel}","templated":true}]}}