{"id":1260,"date":"2023-04-12T17:29:58","date_gmt":"2023-04-12T17:29:58","guid":{"rendered":"https:\/\/koff.swisspeace.ch\/apropos\/?p=1260"},"modified":"2023-04-12T17:29:59","modified_gmt":"2023-04-12T17:29:59","slug":"mosambik-mitigation-des-klimawandels-um-konflikte-vorzubeugen","status":"publish","type":"post","link":"https:\/\/koff.swisspeace.ch\/apropos\/1260\/mosambik-mitigation-des-klimawandels-um-konflikte-vorzubeugen\/","title":{"rendered":"Mosambik &#8211; Mitigation des Klimawandels um Konflikte vorzubeugen"},"content":{"rendered":"\n<p><br>Das krisengesch\u00fcttelte Mosambik ist eines der \u00e4rmsten L\u00e4nder der Welt. Obwohl dieses Land praktisch nichts zum Klimawandel beigetragen hat, wird es im letzten \u2018Global Climate Risk Index\u2019 als eines der am schlimmsten vom Klimawandel betroffenen L\u00e4nder gelistet. Es ist ein Beispiel daf\u00fcr, dass die am wenigsten f\u00fcr klimasch\u00e4dliche Emissionen verantwortlichen L\u00e4nder oft am st\u00e4rksten und unmittelbarsten von den Folgen des Klimawandels betroffen sind. Darin zeigt sich, wie wichtig Konzepte wie Klimagerechtigkeit sind, welche die globale Ungerechtigkeit und gezielte Ber\u00fccksichtigung der gr\u00f6sseren Verantwortung der Industriel\u00e4nder betonen.<\/p>\n\n\n\n<p><br>Durch erh\u00f6hte Meerestemperaturen und erh\u00f6hte Evaporation, werden Zyklone an der K\u00fcste von Mosambik heftiger. So wurden durch das ungekannt heftige Ausmass der zwei Zyklone Idai und Kenet im Jahr 2019 \u00fcber 250.000 Menschen zu Klima-Gefl\u00fcchteten. Ihre H\u00e4user und Felder wurden zerst\u00f6rt, Menschen und Vieh ertranken. Aus den Nothilfe-Projekten von terre des hommes schweiz in dieser Region lassen sich einige Schlussfolgerung daf\u00fcr im Hinblick auf soziale Folgen und Konflikt ziehen. Die Koordinatorin des terre des hommes schweiz Programms in Mosambik, Paula Macave, berichtet welch ein Chaos herrschte. Familien wurden voneinander getrennt, die Betroffenen verloren alles, einschliesslich ihrer Liebsten in den Fluten. Bis heute sind die Menschen von der pl\u00f6tzlich \u00fcber sie hereinbrechenden Katastrophe traumatisiert. In den \u00fcberf\u00fcllten Notunterk\u00fcnften fehlte es zun\u00e4chst an allem (sauberem Trinkwasser, gen\u00fcgend Essen, Hygiene und Gesundheit). Die Vertriebenen wurden von der Regierung in neue Gegenden umgesiedelt, teils sind ihre Herkunftsorte auch nach der Zerst\u00f6rung noch als Risiko-Gebiete eingestuft, in denen die Menschen nicht wieder siedeln sollen.<\/p>\n\n\n\n<p><br>Auch wenn die umgesiedelten Menschen von vielen sehr solidarisch aufgenommen wurden, erzeugen Zwangsumsiedlungen soziale Spannung. Bei einem Diebstahl werden zum Beispiel schnell einmal die neu angesiedelten \u00abHabenichtse\u00bb verd\u00e4chtigt und die (kulturell) Anderen ohne ein gewachsenes soziales Gef\u00fcge ausgegrenzt. Daher ist ein konfliktsensible Vorgehen und Massnahmen der sozialen Integration essentiell, um solche sozialen Konflikte zu vermeiden.<\/p>\n\n\n\n<p><br>terre des hommes schweiz unterst\u00fctzt in Mozambik ein Landwirtschafts-Projekt zur Mitigation und besseren Anpassung an den Klimawandel mit den Menschen, die in der letzten Katastrophe alles verloren haben. Sie werden darin beraten, Felder in zwei verschiedenen H\u00f6henlagen anzulegen: Ein Feld in h\u00f6her gelegenen Lagen, um den \u00dcberschwemmungen auszuweichen, mit Schattenspendern, da es weiter oben mit ausbleibendem Regen schnell zu d\u00fcrr wird. Ausserdem ein Feld in tieferen Lagen, eine Strategie, die besonders wichtig ist bei ausbleibendem Regen. Bei beiden Feldern muss jeweils zu geeigneten Zeiten, mit geeigneten Pflanzenkombinationen, geeignetem Saatgut und den geeigneten Methoden (z. B. Mulchen) gepflegt werden. Investitionen in solche Projekte zur Mitigation des Klimawandels sind sehr wichtig, um (soziale) Konflikte vorzubeugen.<\/p>\n","protected":false},"excerpt":{"rendered":"<p>Das krisengesch\u00fcttelte Mosambik ist eines der \u00e4rmsten L\u00e4nder der Welt. Obwohl dieses Land praktisch nichts zum Klimawandel beigetragen hat, wird es im letzten \u2018Global Climate Risk Index\u2019 als eines der am schlimmsten vom Klimawandel betroffenen L\u00e4nder gelistet. Es ist ein Beispiel daf\u00fcr, dass die am wenigsten f\u00fcr klimasch\u00e4dliche Emissionen verantwortlichen L\u00e4nder oft am st\u00e4rksten und <a href=\"https:\/\/koff.swisspeace.ch\/apropos\/1260\/mosambik-mitigation-des-klimawandels-um-konflikte-vorzubeugen\/\" class=\"more-link\">&#8230;<span class=\"screen-reader-text\">  Mosambik &#8211; Mitigation des Klimawandels um Konflikte vorzubeugen<\/span><\/a><\/p>\n","protected":false},"author":3,"featured_media":1237,"comment_status":"open","ping_status":"open","sticky":false,"template":"","format":"standard","meta":{"advgb_blocks_editor_width":"","advgb_blocks_columns_visual_guide":""},"categories":[73],"tags":[],"issue":[163],"acf":[],"author_meta":{"display_name":"\u00e0 propos","author_link":"https:\/\/koff.swisspeace.ch\/apropos\/author\/apropos\/"},"featured_img":"https:\/\/koff.swisspeace.ch\/apropos\/wp-content\/uploads\/2023\/04\/WB180tdh-600x331.jpg","coauthors":[],"tax_additional":{"categories":{"linked":["<a href=\"https:\/\/koff.swisspeace.ch\/apropos\/category\/reports-de\/\" class=\"advgb-post-tax-term\">Dossier<\/a>"],"unlinked":["<span class=\"advgb-post-tax-term\">Dossier<\/span>"]}},"comment_count":0,"relative_dates":{"created":"Posted 3 years ago","modified":"Updated 3 years ago"},"absolute_dates":{"created":"Posted on April 12, 2023","modified":"Updated on April 12, 2023"},"absolute_dates_time":{"created":"Posted on April 12, 2023 5:29 pm","modified":"Updated on April 12, 2023 5:29 pm"},"featured_img_caption":"","series_order":null,"_links":{"self":[{"href":"https:\/\/koff.swisspeace.ch\/apropos\/wp-json\/wp\/v2\/posts\/1260"}],"collection":[{"href":"https:\/\/koff.swisspeace.ch\/apropos\/wp-json\/wp\/v2\/posts"}],"about":[{"href":"https:\/\/koff.swisspeace.ch\/apropos\/wp-json\/wp\/v2\/types\/post"}],"author":[{"embeddable":true,"href":"https:\/\/koff.swisspeace.ch\/apropos\/wp-json\/wp\/v2\/users\/3"}],"replies":[{"embeddable":true,"href":"https:\/\/koff.swisspeace.ch\/apropos\/wp-json\/wp\/v2\/comments?post=1260"}],"version-history":[{"count":5,"href":"https:\/\/koff.swisspeace.ch\/apropos\/wp-json\/wp\/v2\/posts\/1260\/revisions"}],"predecessor-version":[{"id":1335,"href":"https:\/\/koff.swisspeace.ch\/apropos\/wp-json\/wp\/v2\/posts\/1260\/revisions\/1335"}],"wp:featuredmedia":[{"embeddable":true,"href":"https:\/\/koff.swisspeace.ch\/apropos\/wp-json\/wp\/v2\/media\/1237"}],"wp:attachment":[{"href":"https:\/\/koff.swisspeace.ch\/apropos\/wp-json\/wp\/v2\/media?parent=1260"}],"wp:term":[{"taxonomy":"category","embeddable":true,"href":"https:\/\/koff.swisspeace.ch\/apropos\/wp-json\/wp\/v2\/categories?post=1260"},{"taxonomy":"post_tag","embeddable":true,"href":"https:\/\/koff.swisspeace.ch\/apropos\/wp-json\/wp\/v2\/tags?post=1260"},{"taxonomy":"issue","embeddable":true,"href":"https:\/\/koff.swisspeace.ch\/apropos\/wp-json\/wp\/v2\/issue?post=1260"}],"curies":[{"name":"wp","href":"https:\/\/api.w.org\/{rel}","templated":true}]}}