{"id":1267,"date":"2023-04-14T10:38:28","date_gmt":"2023-04-14T10:38:28","guid":{"rendered":"https:\/\/koff.swisspeace.ch\/apropos\/?p=1267"},"modified":"2023-04-14T10:48:21","modified_gmt":"2023-04-14T10:48:21","slug":"mozambique-lutte-contre-le-changement-climatique-en-prevention-des-conflits","status":"publish","type":"post","link":"https:\/\/koff.swisspeace.ch\/apropos\/1267\/mozambique-lutte-contre-le-changement-climatique-en-prevention-des-conflits\/","title":{"rendered":"Mozambique \u2013 Lutte contre le changement climatique en pr\u00e9vention des conflits"},"content":{"rendered":"\n<p><br>Secou\u00e9 par les crises, le Mozambique est l\u2019un des pays les plus pauvres du monde. Bien qu\u2019il n\u2019ait quasiment pas contribu\u00e9 au changement climatique, il fait partie des nations les plus touch\u00e9es par le ph\u00e9nom\u00e8ne, selon le dernier Global Climate Risk Index. Cela illustre le fait que les pays les moins responsables des \u00e9missions nocives pour l\u2019environnement sont souvent les plus intens\u00e9ment et rapidement affect\u00e9s par les cons\u00e9quences du changement climatique. Les concepts tels que la justice climatique (qui mettent l\u2019accent sur l\u2019injustice globale et la prise en compte cibl\u00e9e de la responsabilit\u00e9 accrue des pays industrialis\u00e9s au changement climatique) gagnent donc en importance.<\/p>\n\n\n\n<p><br>L\u2019augmentation de la temp\u00e9rature des oc\u00e9ans et l\u2019intensification de l\u2019\u00e9vaporation accentuent la violence des cyclones sur la c\u00f4te du Mozambique. Ainsi, en raison de l\u2019ampleur sans pr\u00e9c\u00e9dent des deux cyclones Idai et Kenneth en 2019, plus de 250 000 personnes sont devenues des r\u00e9fugi\u00e9\u00b7es climatiques. Leurs habitations et leurs champs ont \u00e9t\u00e9 d\u00e9truits et des personnes ainsi que du b\u00e9tail ont p\u00e9ris noy\u00e9s. Les projets d\u2019aide d\u2019urgence de terre des hommes schweiz dans cette r\u00e9gion permettent de tirer quelques conclusions sur les cons\u00e9quences sociales menant \u00e0 des conflits. La coordinatrice du programme de terre des hommes schweiz au Mozambique, Paula Macave, raconte le chaos qui r\u00e9gnait. Des familles ont \u00e9t\u00e9 s\u00e9par\u00e9es, les personnes touch\u00e9es ont tout perdu, y compris leurs proches dans les inondations. Aujourd\u2019hui encore, beaucoup d\u2019entre elles sont toujours traumatis\u00e9es par la catastrophe. Dans les abris d\u2019urgence surpeupl\u00e9s, elles ont d\u2019abord manqu\u00e9 de tout (eau potable, nourriture, hygi\u00e8ne et sant\u00e9). Les personnes d\u00e9plac\u00e9es ont \u00e9t\u00e9 relog\u00e9es par le gouvernement dans de nouvelles zones, dont certaines sont toujours consid\u00e9r\u00e9es comme \u00e9tant \u00e0 risque, m\u00eame apr\u00e8s le cyclone, et o\u00f9 les gens ne devraient pas se r\u00e9installer.<\/p>\n\n\n\n<p><br>M\u00eame si ces personnes ont \u00e9t\u00e9 accueillies avec beaucoup de solidarit\u00e9, les d\u00e9placements forc\u00e9s entra\u00eenent des tensions sociales. En cas de vol, par exemple, les nouvellement install\u00e9\u00b7es sont souvent suspect\u00e9\u00b7es et les autres, d\u00e9pourvu\u00b7es de tissu social (culturellement) \u00e9tabli, sont exclu\u00b7es. Une approche sensible aux conflits et des mesures d\u2019int\u00e9gration sociale sont donc essentielles afin d&#8217;\u00e9viter de tels probl\u00e8mes sociaux.<\/p>\n\n\n\n<p><br>terre des hommes Schweiz soutient un projet agricole au Mozambique visant \u00e0 att\u00e9nuer les effets du changement climatique et \u00e0 mieux s\u2019y adapter, en impliquant les personnes qui ont tout perdu lors de la derni\u00e8re catastrophe. On leur conseille de cultiver des champs \u00e0 deux altitudes diff\u00e9rentes: un champ en haute altitude pour \u00e9viter les inondations et avec des zones ombrag\u00e9es pour pallier \u00e0 la s\u00e9cheresse (fr\u00e9quente \u00e0 cette altitude en l&#8217;absence de pluie) et un champ en basse altitude pour assurer une source d&#8217;eau en cas de s\u00e9cheresse. Les deux champs doivent \u00eatre entretenus \u00e0 des p\u00e9riodes appropri\u00e9es, avec des associations de plantes, des semences et des m\u00e9thodes ad\u00e9quates (par exemple, le paillage).<\/p>\n\n\n\n<p><br>Investir dans des projets de lutte contre le changement climatique est essentiel afin de pr\u00e9venir les conflits (sociaux).<\/p>\n","protected":false},"excerpt":{"rendered":"<p>Secou\u00e9 par les crises, le Mozambique est l\u2019un des pays les plus pauvres du monde. Bien qu\u2019il n\u2019ait quasiment pas contribu\u00e9 au changement climatique, il fait partie des nations les plus touch\u00e9es par le ph\u00e9nom\u00e8ne, selon le dernier Global Climate Risk Index. Cela illustre le fait que les pays les moins responsables des \u00e9missions nocives <a href=\"https:\/\/koff.swisspeace.ch\/apropos\/1267\/mozambique-lutte-contre-le-changement-climatique-en-prevention-des-conflits\/\" class=\"more-link\">&#8230;<span class=\"screen-reader-text\">  Mozambique \u2013 Lutte contre le changement climatique en pr\u00e9vention des conflits<\/span><\/a><\/p>\n","protected":false},"author":3,"featured_media":1237,"comment_status":"open","ping_status":"open","sticky":false,"template":"","format":"standard","meta":{"advgb_blocks_editor_width":"","advgb_blocks_columns_visual_guide":""},"categories":[113],"tags":[],"issue":[165],"acf":[],"author_meta":{"display_name":"\u00e0 propos","author_link":"https:\/\/koff.swisspeace.ch\/apropos\/author\/apropos\/"},"featured_img":"https:\/\/koff.swisspeace.ch\/apropos\/wp-content\/uploads\/2023\/04\/WB180tdh-600x331.jpg","coauthors":[],"tax_additional":{"categories":{"linked":["<a href=\"https:\/\/koff.swisspeace.ch\/apropos\/category\/reports-fr\/\" class=\"advgb-post-tax-term\">Dossier<\/a>"],"unlinked":["<span class=\"advgb-post-tax-term\">Dossier<\/span>"]}},"comment_count":0,"relative_dates":{"created":"Posted 3 years ago","modified":"Updated 3 years ago"},"absolute_dates":{"created":"Posted on April 14, 2023","modified":"Updated on April 14, 2023"},"absolute_dates_time":{"created":"Posted on April 14, 2023 10:38 am","modified":"Updated on April 14, 2023 10:48 am"},"featured_img_caption":"","series_order":null,"_links":{"self":[{"href":"https:\/\/koff.swisspeace.ch\/apropos\/wp-json\/wp\/v2\/posts\/1267"}],"collection":[{"href":"https:\/\/koff.swisspeace.ch\/apropos\/wp-json\/wp\/v2\/posts"}],"about":[{"href":"https:\/\/koff.swisspeace.ch\/apropos\/wp-json\/wp\/v2\/types\/post"}],"author":[{"embeddable":true,"href":"https:\/\/koff.swisspeace.ch\/apropos\/wp-json\/wp\/v2\/users\/3"}],"replies":[{"embeddable":true,"href":"https:\/\/koff.swisspeace.ch\/apropos\/wp-json\/wp\/v2\/comments?post=1267"}],"version-history":[{"count":5,"href":"https:\/\/koff.swisspeace.ch\/apropos\/wp-json\/wp\/v2\/posts\/1267\/revisions"}],"predecessor-version":[{"id":1542,"href":"https:\/\/koff.swisspeace.ch\/apropos\/wp-json\/wp\/v2\/posts\/1267\/revisions\/1542"}],"wp:featuredmedia":[{"embeddable":true,"href":"https:\/\/koff.swisspeace.ch\/apropos\/wp-json\/wp\/v2\/media\/1237"}],"wp:attachment":[{"href":"https:\/\/koff.swisspeace.ch\/apropos\/wp-json\/wp\/v2\/media?parent=1267"}],"wp:term":[{"taxonomy":"category","embeddable":true,"href":"https:\/\/koff.swisspeace.ch\/apropos\/wp-json\/wp\/v2\/categories?post=1267"},{"taxonomy":"post_tag","embeddable":true,"href":"https:\/\/koff.swisspeace.ch\/apropos\/wp-json\/wp\/v2\/tags?post=1267"},{"taxonomy":"issue","embeddable":true,"href":"https:\/\/koff.swisspeace.ch\/apropos\/wp-json\/wp\/v2\/issue?post=1267"}],"curies":[{"name":"wp","href":"https:\/\/api.w.org\/{rel}","templated":true}]}}