{"id":1272,"date":"2023-04-14T11:57:48","date_gmt":"2023-04-14T11:57:48","guid":{"rendered":"https:\/\/koff.swisspeace.ch\/apropos\/?p=1272"},"modified":"2023-04-14T11:57:49","modified_gmt":"2023-04-14T11:57:49","slug":"conservation-conflit-et-paix-lecons-tirees-et-strategies-fructueuses","status":"publish","type":"post","link":"https:\/\/koff.swisspeace.ch\/apropos\/1272\/conservation-conflit-et-paix-lecons-tirees-et-strategies-fructueuses\/","title":{"rendered":"Conservation, conflit et paix \u2013 le\u00e7ons tir\u00e9es et strat\u00e9gies fructueuses"},"content":{"rendered":"\n<p><\/p>\n\n\n\n<p>La conservation, soit la protection de la nature pour les populations et le climat, implique souvent implicitement une transformation des relations entre les populations, la terre et les ressources. Cela peut n\u00e9cessiter de nouvelles dispositions concernant les terres et les ressources, notamment en mati\u00e8re d\u2019acc\u00e8s, d\u2019utilisation et de propri\u00e9t\u00e9, ainsi que la mise en place de nouveaux syst\u00e8mes de valeurs et de priorit\u00e9s. Ces efforts doivent prendre en compte la culture et la politique et interagissent souvent de plusieurs mani\u00e8res avec la dynamique des conflits. Diff\u00e9rents types de conflits sociaux et civils et leurs h\u00e9ritages peuvent pr\u00e9senter des risques importants pour la conservation, et cette derni\u00e8re peut par inadvertance aggraver ou d\u00e9clencher diff\u00e9rents types de conflits, affectant n\u00e9gativement les communaut\u00e9s et sapant ses propres objectifs. N\u00e9anmoins, compte tenu du r\u00f4le essentiel de l\u2019environnement pour les moyens de subsistance, la sant\u00e9 et la culture, la conservation peut \u00e9galement favoriser la paix positive ainsi qu\u2019une soci\u00e9t\u00e9 prosp\u00e8re sans violence.<\/p>\n\n\n\n<p>Conservation International (CI) s\u2019efforce de pr\u00e9server le climat, les \u00e9cosyst\u00e8mes et la biodiversit\u00e9 de la plan\u00e8te, qui sont essentiels au bien-\u00eatre de tout \u00eatre humain. Au cours des dix derni\u00e8res ann\u00e9es, CI a cherch\u00e9 \u00e0 am\u00e9liorer sa compr\u00e9hension de la relation entre la conservation et la sensibilit\u00e9 aux conflits afin de maintenir son engagement en faveur des droits humains et de la nature. L\u2019organisation en a tir\u00e9 quelques le\u00e7ons:<\/p>\n\n\n\n<ul>\n<li>Comprendre les situations, y compris l\u2019architecture locale ou coutumi\u00e8re de promotion de la paix: des analyses minutieuses peuvent aider \u00e0 identifier les bonnes institutions ou structures avec lesquelles collaborer pour g\u00e9rer ou transformer les conflits socio-environnementaux. Avec la prise en compte croissante des r\u00f4les et des connaissances des peuples autochtones et des communaut\u00e9s locales dans la gestion des terres et des fonds marins, cette compr\u00e9hension peut aider le secteur de la conservation \u00e0 identifier les opportunit\u00e9s de renforcer les partenariats pour provoquer un impact durable.<\/li>\n<\/ul>\n\n\n\n<ul>\n<li>Reconna\u00eetre l\u2019exclusion socio-\u00e9conomique ou politique: les femmes, par exemple, subissent souvent de mani\u00e8re disproportionn\u00e9e les effets n\u00e9gatifs des conflits, du changement climatique et de la d\u00e9gradation de l\u2019environnement. De l\u2019analyse du contexte \u00e0 la conception et \u00e0 la mise en \u0153uvre des projets, en passant par le suivi et la responsabilisation, une perspective intersectionnelle peut aider \u00e0 pr\u00e9venir les dommages et \u00e0 promouvoir un acc\u00e8s \u00e9quitable aux retomb\u00e9es positives. Cette sensibilit\u00e9 aux dynamiques au niveau des m\u00e9nages, de la communaut\u00e9 et de la soci\u00e9t\u00e9 dans son ensemble peut mettre au jour des opportunit\u00e9s de soutien de la transformation des conflits et une am\u00e9lioration de l\u2019approche du genre. L\u2019objectif serait d\u2019obtenir de meilleurs r\u00e9sultats en mati\u00e8re d\u2019acquis sociaux ou de gouvernance et une paix durable.<\/li>\n<\/ul>\n\n\n\n<p>CI a capitalis\u00e9 sur ces le\u00e7on et d\u2019autres m\u00e9thodes programmatiques en int\u00e9grant la sensibilit\u00e9 aux conflits et la construction de la paix environnementale \u00e0 sa mission, en soutenant un personnel d\u00e9vou\u00e9 et en collaborant avec divers &#8220;champion\u00b7es&#8221; ou partenaires au sein de l\u2019organisation et au-del\u00e0. CI a \u00e9galement appris que certains outils d\u00e9ploy\u00e9s dans le cadre de la promotion de la paix ou de la gestion des conflits peuvent aider les organisations de conservation \u00e0 se restructurer. Alors que certains types de conflits peuvent \u00eatre destructeurs, leur r\u00e9solution peut mettre en lumi\u00e8re des perspectives nouvelles pouvant entra\u00eener des changements positifs. Les participant\u00b7es \u00e0 un programme pilote sur la gestion des conflits socio-environnementaux au Br\u00e9sil l\u2019ont remarqu\u00e9: \u00abLes conflits peuvent \u00eatre une source de croissance, de d\u00e9veloppement ou d\u2019apprentissage, car les id\u00e9es issues des tentatives de r\u00e9solution des conflits peuvent apporter des solutions.\u00bb<\/p>\n","protected":false},"excerpt":{"rendered":"<p>La conservation, soit la protection de la nature pour les populations et le climat, implique souvent implicitement une transformation des relations entre les populations, la terre et les ressources. Cela peut n\u00e9cessiter de nouvelles dispositions concernant les terres et les ressources, notamment en mati\u00e8re d\u2019acc\u00e8s, d\u2019utilisation et de propri\u00e9t\u00e9, ainsi que la mise en place <a href=\"https:\/\/koff.swisspeace.ch\/apropos\/1272\/conservation-conflit-et-paix-lecons-tirees-et-strategies-fructueuses\/\" class=\"more-link\">&#8230;<span class=\"screen-reader-text\">  Conservation, conflit et paix \u2013 le\u00e7ons tir\u00e9es et strat\u00e9gies fructueuses<\/span><\/a><\/p>\n","protected":false},"author":3,"featured_media":1241,"comment_status":"open","ping_status":"open","sticky":false,"template":"","format":"standard","meta":{"advgb_blocks_editor_width":"","advgb_blocks_columns_visual_guide":""},"categories":[113],"tags":[],"issue":[165],"acf":[],"author_meta":{"display_name":"\u00e0 propos","author_link":"https:\/\/koff.swisspeace.ch\/apropos\/author\/apropos\/"},"featured_img":"https:\/\/koff.swisspeace.ch\/apropos\/wp-content\/uploads\/2023\/04\/benjamin-l-jones-sw3TPBDe1nU-unsplash-600x332.png","coauthors":[],"tax_additional":{"categories":{"linked":["<a href=\"https:\/\/koff.swisspeace.ch\/apropos\/category\/reports-fr\/\" class=\"advgb-post-tax-term\">Dossier<\/a>"],"unlinked":["<span class=\"advgb-post-tax-term\">Dossier<\/span>"]}},"comment_count":0,"relative_dates":{"created":"Posted 3 years ago","modified":"Updated 3 years ago"},"absolute_dates":{"created":"Posted on April 14, 2023","modified":"Updated on April 14, 2023"},"absolute_dates_time":{"created":"Posted on April 14, 2023 11:57 am","modified":"Updated on April 14, 2023 11:57 am"},"featured_img_caption":"","series_order":null,"_links":{"self":[{"href":"https:\/\/koff.swisspeace.ch\/apropos\/wp-json\/wp\/v2\/posts\/1272"}],"collection":[{"href":"https:\/\/koff.swisspeace.ch\/apropos\/wp-json\/wp\/v2\/posts"}],"about":[{"href":"https:\/\/koff.swisspeace.ch\/apropos\/wp-json\/wp\/v2\/types\/post"}],"author":[{"embeddable":true,"href":"https:\/\/koff.swisspeace.ch\/apropos\/wp-json\/wp\/v2\/users\/3"}],"replies":[{"embeddable":true,"href":"https:\/\/koff.swisspeace.ch\/apropos\/wp-json\/wp\/v2\/comments?post=1272"}],"version-history":[{"count":5,"href":"https:\/\/koff.swisspeace.ch\/apropos\/wp-json\/wp\/v2\/posts\/1272\/revisions"}],"predecessor-version":[{"id":1544,"href":"https:\/\/koff.swisspeace.ch\/apropos\/wp-json\/wp\/v2\/posts\/1272\/revisions\/1544"}],"wp:featuredmedia":[{"embeddable":true,"href":"https:\/\/koff.swisspeace.ch\/apropos\/wp-json\/wp\/v2\/media\/1241"}],"wp:attachment":[{"href":"https:\/\/koff.swisspeace.ch\/apropos\/wp-json\/wp\/v2\/media?parent=1272"}],"wp:term":[{"taxonomy":"category","embeddable":true,"href":"https:\/\/koff.swisspeace.ch\/apropos\/wp-json\/wp\/v2\/categories?post=1272"},{"taxonomy":"post_tag","embeddable":true,"href":"https:\/\/koff.swisspeace.ch\/apropos\/wp-json\/wp\/v2\/tags?post=1272"},{"taxonomy":"issue","embeddable":true,"href":"https:\/\/koff.swisspeace.ch\/apropos\/wp-json\/wp\/v2\/issue?post=1272"}],"curies":[{"name":"wp","href":"https:\/\/api.w.org\/{rel}","templated":true}]}}