{"id":1277,"date":"2023-04-12T18:31:12","date_gmt":"2023-04-12T18:31:12","guid":{"rendered":"https:\/\/koff.swisspeace.ch\/apropos\/?p=1277"},"modified":"2023-04-14T10:55:05","modified_gmt":"2023-04-14T10:55:05","slug":"naturschutz-konflikt-und-frieden-erkenntnisse-und-strategien-fur-den-erfolg","status":"publish","type":"post","link":"https:\/\/koff.swisspeace.ch\/apropos\/1277\/naturschutz-konflikt-und-frieden-erkenntnisse-und-strategien-fur-den-erfolg\/","title":{"rendered":"Naturschutz, Konflikt und Frieden \u2013 Erkenntnisse und Strategien f\u00fcr den Erfolg"},"content":{"rendered":"\n<p><\/p>\n\n\n\n<p>Naturschutz \u2013 der Schutz der Natur f\u00fcr Menschen und Klima \u2013 bringt oft automatisch Ver\u00e4nderungen in den Beziehungen zwischen Menschen, Land und Ressourcen mit sich. Dazu geh\u00f6ren m\u00f6glicherweise neue Regelungen f\u00fcr den Zugang zu Land und Ressourcen, deren Nutzung und Besitz sowie die Einf\u00fchrung neuer Wertesysteme und Priorit\u00e4ten. Solche Bem\u00fchungen stehen nicht im luftleeren Raum, fernab von Kultur und Politik, und es gibt zudem oft in mehrerer Hinsicht Wechselwirkungen mit Konfliktdynamiken. Verschiedene gesellschaftliche und zivile Konflikte sowie Nachwirkungen von Konflikten k\u00f6nnen erhebliche Risiken f\u00fcr den Schutz der Umwelt darstellen. Der Naturschutz wiederum kann unbeabsichtigt verschiedene Arten von Konflikten ausl\u00f6sen oder verschlimmern, was sich nachteilig auf die Gemeinschaften auswirkt und die urspr\u00fcnglichen Ziele des Naturschutzes untergr\u00e4bt. Andererseits kann der Umweltschutz in Anbetracht seiner entscheidenden Bedeutung f\u00fcr Lebensgrundlagen, Gesundheit und Kultur zu einem positiven Frieden beitragen, in dem es nicht nur keine Gewalt gibt, sondern die Gesellschaft gedeihen kann.<\/p>\n\n\n\n<p>Conservation International (CI) setzt sich f\u00fcr den Erhalt eines gesunden Klimas, gesunder \u00d6kosysteme und der Artenvielfalt auf der Erde ein, die f\u00fcr das Wohlergehen aller Menschen unerl\u00e4sslich sind. In den vergangenen zehn Jahren wollte CI ein besseres Verst\u00e4ndnis f\u00fcr die verschiedenen Zusammenh\u00e4nge im Naturschutzbereich erlangen. Bei ihrem Engagement f\u00fcr Menschenrechte und Natur f\u00fcr Menschen hat die Organisation den Ansatz der Konfliktsensitivit\u00e4t verfolgt und dabei einige Erkenntnisse gewonnen:<\/p>\n\n\n\n<ul>\n<li>Kontextverst\u00e4ndnis, einschliesslich der lokalen oder traditionellen Friedensarchitektur: Durchdachte Analysen k\u00f6nnen dabei helfen, die richtigen Institutionen oder Strukturen f\u00fcr eine Zusammenarbeit bei der Bew\u00e4ltigung oder Transformation von sozial\u00f6kologischen Konflikten zu finden. Die vermehrte Ber\u00fccksichtigung der Rolle und des Wissens indigener V\u00f6lker und lokaler Gemeinschaften bei der Bewirtschaftung von Land- und Wasserfl\u00e4chen kann Naturschutzinstitutionen dabei unterst\u00fctzen, M\u00f6glichkeiten zur St\u00e4rkung von Partnerschaften mit einer langlebigen Wirkung zu finden.<\/li>\n\n\n\n<li>Erkennen sozio\u00f6konomischer oder politischer Ausgrenzung: Frauen sind beispielsweise oft st\u00e4rker von negativen Auswirkungen von Konflikten, Klimawandel und Umweltzerst\u00f6rung betroffen. Von der Kontextanalyse \u00fcber die Projektkonzeption und -durchf\u00fchrung bis hin zur \u00dcberwachung und Rechenschaftspflicht kann eine intersektionale Sichtweise dazu beitragen, Leid zu verhindern und einen gerechten Zugang zu Vorteilen zu f\u00f6rdern. Diese Sensibilit\u00e4t f\u00fcr die Dynamiken sowohl auf der Ebene der Haushalte und Gemeinschaften als auch auf der breiteren, gesellschaftlichen Ebene kann M\u00f6glichkeiten aufzeigen, wie Gender und Konflikttransformation zugunsten besserer Resultate auf gesellschaftlicher oder Governance-Ebene sowie eines nachhaltigen Frieden unterst\u00fctzt werden k\u00f6nnen.<\/li>\n<\/ul>\n\n\n\n<p>CI nutzt diese und weitere Erkenntnisse aus seinen Programmen: Die Organisation stellt Konfliktsensibilit\u00e4t und \u00f6kologische Friedensf\u00f6rderung in den Mittelpunkt ihres Auftrags, unterst\u00fctzt speziell darauf ausgerichtete Mitarbeitende und hat verschiedene \u00abChampions\u00bb oder Partner:innen sowohl inner- als auch ausserhalb der Organisation an Bord geholt. Ausserdem hat CI auch gelernt, dass einige Friedensf\u00f6rderungs- und Konfliktmanagement-Tools Naturschutzorganisationen auch dabei helfen k\u00f6nnen, interne Strukturen zu ver\u00e4ndern. Zwar m\u00f6gen einige Arten von Konflikten destruktiv sein, aber das L\u00f6sen von Konflikten beleuchtet m\u00f6glicherweise verschiedene Perspektiven und er\u00f6ffnet Chancen f\u00fcr positive Entwicklungen. Die Teilnehmenden eines Pilotprogramms f\u00fcr sozial\u00f6kologisches Konfliktmanagement in Brasilien haben festgestellt: \u00abKonflikte k\u00f6nnen zu Wachstum, Entwicklung oder neuen Erkenntnissen f\u00fchren, weil die Ideen hinter den Konfliktbew\u00e4ltigungsversuchen zu L\u00f6sungen f\u00fchren k\u00f6nnen.\u00bb<\/p>\n","protected":false},"excerpt":{"rendered":"<p>Naturschutz \u2013 der Schutz der Natur f\u00fcr Menschen und Klima \u2013 bringt oft automatisch Ver\u00e4nderungen in den Beziehungen zwischen Menschen, Land und Ressourcen mit sich. Dazu geh\u00f6ren m\u00f6glicherweise neue Regelungen f\u00fcr den Zugang zu Land und Ressourcen, deren Nutzung und Besitz sowie die Einf\u00fchrung neuer Wertesysteme und Priorit\u00e4ten. Solche Bem\u00fchungen stehen nicht im luftleeren Raum, <a href=\"https:\/\/koff.swisspeace.ch\/apropos\/1277\/naturschutz-konflikt-und-frieden-erkenntnisse-und-strategien-fur-den-erfolg\/\" class=\"more-link\">&#8230;<span class=\"screen-reader-text\">  Naturschutz, Konflikt und Frieden \u2013 Erkenntnisse und Strategien f\u00fcr den Erfolg<\/span><\/a><\/p>\n","protected":false},"author":3,"featured_media":1241,"comment_status":"open","ping_status":"open","sticky":false,"template":"","format":"standard","meta":{"advgb_blocks_editor_width":"","advgb_blocks_columns_visual_guide":""},"categories":[73],"tags":[],"issue":[163],"acf":[],"author_meta":{"display_name":"\u00e0 propos","author_link":"https:\/\/koff.swisspeace.ch\/apropos\/author\/apropos\/"},"featured_img":"https:\/\/koff.swisspeace.ch\/apropos\/wp-content\/uploads\/2023\/04\/benjamin-l-jones-sw3TPBDe1nU-unsplash-600x332.png","coauthors":[],"tax_additional":{"categories":{"linked":["<a href=\"https:\/\/koff.swisspeace.ch\/apropos\/category\/reports-de\/\" class=\"advgb-post-tax-term\">Dossier<\/a>"],"unlinked":["<span class=\"advgb-post-tax-term\">Dossier<\/span>"]}},"comment_count":0,"relative_dates":{"created":"Posted 3 years ago","modified":"Updated 3 years ago"},"absolute_dates":{"created":"Posted on April 12, 2023","modified":"Updated on April 14, 2023"},"absolute_dates_time":{"created":"Posted on April 12, 2023 6:31 pm","modified":"Updated on April 14, 2023 10:55 am"},"featured_img_caption":"","series_order":null,"_links":{"self":[{"href":"https:\/\/koff.swisspeace.ch\/apropos\/wp-json\/wp\/v2\/posts\/1277"}],"collection":[{"href":"https:\/\/koff.swisspeace.ch\/apropos\/wp-json\/wp\/v2\/posts"}],"about":[{"href":"https:\/\/koff.swisspeace.ch\/apropos\/wp-json\/wp\/v2\/types\/post"}],"author":[{"embeddable":true,"href":"https:\/\/koff.swisspeace.ch\/apropos\/wp-json\/wp\/v2\/users\/3"}],"replies":[{"embeddable":true,"href":"https:\/\/koff.swisspeace.ch\/apropos\/wp-json\/wp\/v2\/comments?post=1277"}],"version-history":[{"count":5,"href":"https:\/\/koff.swisspeace.ch\/apropos\/wp-json\/wp\/v2\/posts\/1277\/revisions"}],"predecessor-version":[{"id":1552,"href":"https:\/\/koff.swisspeace.ch\/apropos\/wp-json\/wp\/v2\/posts\/1277\/revisions\/1552"}],"wp:featuredmedia":[{"embeddable":true,"href":"https:\/\/koff.swisspeace.ch\/apropos\/wp-json\/wp\/v2\/media\/1241"}],"wp:attachment":[{"href":"https:\/\/koff.swisspeace.ch\/apropos\/wp-json\/wp\/v2\/media?parent=1277"}],"wp:term":[{"taxonomy":"category","embeddable":true,"href":"https:\/\/koff.swisspeace.ch\/apropos\/wp-json\/wp\/v2\/categories?post=1277"},{"taxonomy":"post_tag","embeddable":true,"href":"https:\/\/koff.swisspeace.ch\/apropos\/wp-json\/wp\/v2\/tags?post=1277"},{"taxonomy":"issue","embeddable":true,"href":"https:\/\/koff.swisspeace.ch\/apropos\/wp-json\/wp\/v2\/issue?post=1277"}],"curies":[{"name":"wp","href":"https:\/\/api.w.org\/{rel}","templated":true}]}}