{"id":1302,"date":"2023-04-12T17:00:35","date_gmt":"2023-04-12T17:00:35","guid":{"rendered":"https:\/\/koff.swisspeace.ch\/apropos\/?p=1302"},"modified":"2023-04-14T10:55:30","modified_gmt":"2023-04-14T10:55:30","slug":"pressefreiheit-und-ressourcenabbau-in-guatemala-carlos-choc-und-der-fall-der-nickelmine-von-solway","status":"publish","type":"post","link":"https:\/\/koff.swisspeace.ch\/apropos\/1302\/pressefreiheit-und-ressourcenabbau-in-guatemala-carlos-choc-und-der-fall-der-nickelmine-von-solway\/","title":{"rendered":"Pressefreiheit und Ressourcenabbau in Guatemala \u2013 Carlos Choc und der Fall der Nickelmine von Solway"},"content":{"rendered":"\n<p><strong>Seit f\u00fcnf Jahren wird der guatemaltekische Journalist Carlos Choc verfolgt, bedroht und kriminalisiert. Er begleitet am Izabalsee die Proteste der Fischergemeinschaften, die sich aufgrund der sozialen und \u00f6kologischen Sch\u00e4den seit Jahrzehnten gegen den Nickelabbau in der Region wehren. Vom 19.-23. April 2023 besucht der Journalist auf Einladung von Peace Brigades International (PBI) die Schweiz, um auf die Menschenrechtsverletzungen im Fall der Nickelmine von Solway, die den Firmensitz im Kanton Zug hat, aufmerksam zu machen.<\/strong><\/p>\n\n\n\n<p>In Guatemala \u00fcber Ressourcenkonflikte zu schreiben ist gef\u00e4hrlich. Der indigene Journalist Carlos Choc aus El Estor weiss das nur zu gut. Seit er 2017 bei Protesten der Fischergemeinschaften gegen die beiden Tochterunternehmen von Solway <em>Compa\u00f1\u00eda<\/em><em> <\/em><em>Guatemalteca de N\u00edquel (CGN)<\/em> und <em>Compa\u00f1\u00eda Procesadora de Niquel de Izabal (Pronico)<\/em> den Tod eines Fischers durch Polizeigewalt fotografiert und gefilmt hat, wird er verfolgt, bedroht und kriminalisiert. Das von PBI begleitete Anwaltskollektiv <em>Bufete Jur\u00eddico de Derechos Humanos de Guatemala<\/em> betreut den Fall von Carlos Choc und unterst\u00fctzt ihn gegen falsche Anschuldigungen.<\/p>\n\n\n\n<p><strong>Exzessive Polizeigewalt<br><\/strong>Die indigenen Gemeinschaften in El Estor am Izabalsee protestieren gegen die Nickelfirma, weil sie bez\u00fcglich des Bergbauprojekts nicht konsultiert wurden und die Umweltsch\u00e4den, welches dieses verursacht, hautnah zu sp\u00fcren bekommen. Recherchen des journalistischen Netzwerks Forbidden Stories zeigten im Bericht <a href=\"https:\/\/forbiddenstories.org\/about-mining-secrets\/\">\u00abMining Secrets\u00bb<\/a> 2022 auf, wie die Firma die Gegner des Projekts \u00fcberwachte, die Polizei bestach, um die Bauerngemeinschaften zu vertreiben und der Bergbau den Izabalsee mit Schwermetallen wie Chrom verunreinigt. Bei den Vertreibungen von indigenen Gemeinschaften und friedlichen Protesten in der Region kommt es immer wieder zu exzessiver Gewalt seitens der Polizei.<\/p>\n\n\n\n<p><strong>Tempor\u00e4re Einstellung der Firmenaktivit\u00e4ten<\/strong><br>2019 befand das Verfassungsgericht, dass die Bergbaufirma ihre Aktivit\u00e4ten in der Region einstellen m\u00fcsse, da diese illegal seien und die indigenen Gemeinschaften nicht befragt wurden. Die Solway Investment Group ignorierte jedoch diesen Entscheid. Am vergangenen 1. M\u00e4rz verk\u00fcndete Solway in einer Pressemitteilung schliesslich aufgrund von US-Sanktionen wegen Korruptionsvorw\u00fcrfen die tempor\u00e4re Einstellung der Aktivit\u00e4ten in El Estor.<\/p>\n\n\n\n<p><strong>Carlos Choc an der Tour de Loraine<br><\/strong>W\u00e4hrend seines Besuchs in der Schweiz im April 2023 wird Carlos Choc in Bern an der Tour de Loraine am 22. April \u00fcber die aktuelle Situation im Fall Solway berichten und auf die Angriffe gegen die Pressefreiheit, die er pers\u00f6nlich erlebt hat, eingehen. Der Besuch hat zum Ziel auf die Menschenrechtsverletzungen im Fall Solway und die Angriffe gegen die Pressefreiheit aufmerksam zu machen. So soll der Druck auf die guatemaltekische Regierung erh\u00f6ht werden, um die Rechte der indigenen Gemeinschaften und die Pressefreiheit zu sch\u00fctzen.<\/p>\n\n\n\n<p><\/p>\n\n\n\n<p><\/p>\n\n\n\n<p><\/p>\n","protected":false},"excerpt":{"rendered":"<p>Seit f\u00fcnf Jahren wird der guatemaltekische Journalist Carlos Choc verfolgt, bedroht und kriminalisiert. Er begleitet am Izabalsee die Proteste der Fischergemeinschaften, die sich aufgrund der sozialen und \u00f6kologischen Sch\u00e4den seit Jahrzehnten gegen den Nickelabbau in der Region wehren. Vom 19.-23. April 2023 besucht der Journalist auf Einladung von Peace Brigades International (PBI) die Schweiz, um <a href=\"https:\/\/koff.swisspeace.ch\/apropos\/1302\/pressefreiheit-und-ressourcenabbau-in-guatemala-carlos-choc-und-der-fall-der-nickelmine-von-solway\/\" class=\"more-link\">&#8230;<span class=\"screen-reader-text\">  Pressefreiheit und Ressourcenabbau in Guatemala \u2013 Carlos Choc und der Fall der Nickelmine von Solway<\/span><\/a><\/p>\n","protected":false},"author":3,"featured_media":1298,"comment_status":"open","ping_status":"open","sticky":false,"template":"","format":"standard","meta":{"advgb_blocks_editor_width":"","advgb_blocks_columns_visual_guide":""},"categories":[73],"tags":[],"issue":[163],"acf":[],"author_meta":{"display_name":"\u00e0 propos","author_link":"https:\/\/koff.swisspeace.ch\/apropos\/author\/apropos\/"},"featured_img":"https:\/\/koff.swisspeace.ch\/apropos\/wp-content\/uploads\/2023\/04\/WBCarlos-Choc-600x332.png","coauthors":[],"tax_additional":{"categories":{"linked":["<a href=\"https:\/\/koff.swisspeace.ch\/apropos\/category\/reports-de\/\" class=\"advgb-post-tax-term\">Dossier<\/a>"],"unlinked":["<span class=\"advgb-post-tax-term\">Dossier<\/span>"]}},"comment_count":0,"relative_dates":{"created":"Posted 3 years ago","modified":"Updated 3 years ago"},"absolute_dates":{"created":"Posted on April 12, 2023","modified":"Updated on April 14, 2023"},"absolute_dates_time":{"created":"Posted on April 12, 2023 5:00 pm","modified":"Updated on April 14, 2023 10:55 am"},"featured_img_caption":"","series_order":null,"_links":{"self":[{"href":"https:\/\/koff.swisspeace.ch\/apropos\/wp-json\/wp\/v2\/posts\/1302"}],"collection":[{"href":"https:\/\/koff.swisspeace.ch\/apropos\/wp-json\/wp\/v2\/posts"}],"about":[{"href":"https:\/\/koff.swisspeace.ch\/apropos\/wp-json\/wp\/v2\/types\/post"}],"author":[{"embeddable":true,"href":"https:\/\/koff.swisspeace.ch\/apropos\/wp-json\/wp\/v2\/users\/3"}],"replies":[{"embeddable":true,"href":"https:\/\/koff.swisspeace.ch\/apropos\/wp-json\/wp\/v2\/comments?post=1302"}],"version-history":[{"count":4,"href":"https:\/\/koff.swisspeace.ch\/apropos\/wp-json\/wp\/v2\/posts\/1302\/revisions"}],"predecessor-version":[{"id":1553,"href":"https:\/\/koff.swisspeace.ch\/apropos\/wp-json\/wp\/v2\/posts\/1302\/revisions\/1553"}],"wp:featuredmedia":[{"embeddable":true,"href":"https:\/\/koff.swisspeace.ch\/apropos\/wp-json\/wp\/v2\/media\/1298"}],"wp:attachment":[{"href":"https:\/\/koff.swisspeace.ch\/apropos\/wp-json\/wp\/v2\/media?parent=1302"}],"wp:term":[{"taxonomy":"category","embeddable":true,"href":"https:\/\/koff.swisspeace.ch\/apropos\/wp-json\/wp\/v2\/categories?post=1302"},{"taxonomy":"post_tag","embeddable":true,"href":"https:\/\/koff.swisspeace.ch\/apropos\/wp-json\/wp\/v2\/tags?post=1302"},{"taxonomy":"issue","embeddable":true,"href":"https:\/\/koff.swisspeace.ch\/apropos\/wp-json\/wp\/v2\/issue?post=1302"}],"curies":[{"name":"wp","href":"https:\/\/api.w.org\/{rel}","templated":true}]}}