{"id":1316,"date":"2023-04-14T07:43:41","date_gmt":"2023-04-14T07:43:41","guid":{"rendered":"https:\/\/koff.swisspeace.ch\/apropos\/?p=1316"},"modified":"2023-04-14T07:43:42","modified_gmt":"2023-04-14T07:43:42","slug":"swisspeace-bietet-das-neue-cas-peace-mediation-dialogue-an","status":"publish","type":"post","link":"https:\/\/koff.swisspeace.ch\/apropos\/1316\/swisspeace-bietet-das-neue-cas-peace-mediation-dialogue-an\/","title":{"rendered":"swisspeace bietet das neue CAS Peace Mediation &amp; Dialogue an"},"content":{"rendered":"\n<p>Das Certificate of Advanced Studies (CAS) Peace Mediation &amp; Dialgue richtet sich an zuk\u00fcnftige Mediator:innen, die verstehen wollen, wie Verhandlungen, Mediation und Dialog Friedensprozesse f\u00f6rdern k\u00f6nnen. Das Programm l\u00e4uft von Herbst bis Herbst. Die drei Module finden im Kulturzentrum kHaus in Basel oder online statt.<\/p>\n\n\n\n<p>Friedensmediation, politische Verhandlungen sowie strategische und nationale Dialoge sind praktische und wirksame Wege zur Transformation von gewaltvollen Konflikten. Dieser postgraduale Kurs bietet eine Einf\u00fchrung in die verschiedenen Konzepte und ihre Anwendung in konkreten F\u00e4llen. Durch die Kombination von theoretischen Elementen, Erfahrungen aus verschiedenen Konfliktkontexten und praktischen Methoden vermittelt Ihnen das CAS Peace Mediation &amp; Dialogue das n\u00f6tige Wissen und die F\u00e4higkeiten, um Verhandlungen, Mediation und Dialoginitiativen im Kontext von Friedensprozessen besser zu analysieren, zu unterst\u00fctzen oder durchzuf\u00fchren.<br><br><\/p>\n","protected":false},"excerpt":{"rendered":"<p>Das Certificate of Advanced Studies (CAS) Peace Mediation &amp; Dialgue richtet sich an zuk\u00fcnftige Mediator:innen, die verstehen wollen, wie Verhandlungen, Mediation und Dialog Friedensprozesse f\u00f6rdern k\u00f6nnen. Das Programm l\u00e4uft von Herbst bis Herbst. Die drei Module finden im Kulturzentrum kHaus in Basel oder online statt. Friedensmediation, politische Verhandlungen sowie strategische und nationale Dialoge sind praktische <a href=\"https:\/\/koff.swisspeace.ch\/apropos\/1316\/swisspeace-bietet-das-neue-cas-peace-mediation-dialogue-an\/\" class=\"more-link\">&#8230;<span class=\"screen-reader-text\">  swisspeace bietet das neue CAS Peace Mediation &amp; Dialogue an<\/span><\/a><\/p>\n","protected":false},"author":3,"featured_media":1314,"comment_status":"open","ping_status":"open","sticky":false,"template":"","format":"standard","meta":{"advgb_blocks_editor_width":"","advgb_blocks_columns_visual_guide":""},"categories":[71],"tags":[],"issue":[163],"acf":[],"author_meta":{"display_name":"\u00e0 propos","author_link":"https:\/\/koff.swisspeace.ch\/apropos\/author\/apropos\/"},"featured_img":"https:\/\/koff.swisspeace.ch\/apropos\/wp-content\/uploads\/2023\/04\/WB_CAS-Mediation_180-600x332.png","coauthors":[],"tax_additional":{"categories":{"linked":["<a href=\"https:\/\/koff.swisspeace.ch\/apropos\/category\/news-de\/\" class=\"advgb-post-tax-term\">Aktuell<\/a>"],"unlinked":["<span class=\"advgb-post-tax-term\">Aktuell<\/span>"]}},"comment_count":0,"relative_dates":{"created":"Posted 3 years ago","modified":"Updated 3 years ago"},"absolute_dates":{"created":"Posted on April 14, 2023","modified":"Updated on April 14, 2023"},"absolute_dates_time":{"created":"Posted on April 14, 2023 7:43 am","modified":"Updated on April 14, 2023 7:43 am"},"featured_img_caption":"","series_order":null,"_links":{"self":[{"href":"https:\/\/koff.swisspeace.ch\/apropos\/wp-json\/wp\/v2\/posts\/1316"}],"collection":[{"href":"https:\/\/koff.swisspeace.ch\/apropos\/wp-json\/wp\/v2\/posts"}],"about":[{"href":"https:\/\/koff.swisspeace.ch\/apropos\/wp-json\/wp\/v2\/types\/post"}],"author":[{"embeddable":true,"href":"https:\/\/koff.swisspeace.ch\/apropos\/wp-json\/wp\/v2\/users\/3"}],"replies":[{"embeddable":true,"href":"https:\/\/koff.swisspeace.ch\/apropos\/wp-json\/wp\/v2\/comments?post=1316"}],"version-history":[{"count":4,"href":"https:\/\/koff.swisspeace.ch\/apropos\/wp-json\/wp\/v2\/posts\/1316\/revisions"}],"predecessor-version":[{"id":1509,"href":"https:\/\/koff.swisspeace.ch\/apropos\/wp-json\/wp\/v2\/posts\/1316\/revisions\/1509"}],"wp:featuredmedia":[{"embeddable":true,"href":"https:\/\/koff.swisspeace.ch\/apropos\/wp-json\/wp\/v2\/media\/1314"}],"wp:attachment":[{"href":"https:\/\/koff.swisspeace.ch\/apropos\/wp-json\/wp\/v2\/media?parent=1316"}],"wp:term":[{"taxonomy":"category","embeddable":true,"href":"https:\/\/koff.swisspeace.ch\/apropos\/wp-json\/wp\/v2\/categories?post=1316"},{"taxonomy":"post_tag","embeddable":true,"href":"https:\/\/koff.swisspeace.ch\/apropos\/wp-json\/wp\/v2\/tags?post=1316"},{"taxonomy":"issue","embeddable":true,"href":"https:\/\/koff.swisspeace.ch\/apropos\/wp-json\/wp\/v2\/issue?post=1316"}],"curies":[{"name":"wp","href":"https:\/\/api.w.org\/{rel}","templated":true}]}}