{"id":1321,"date":"2023-04-14T11:47:38","date_gmt":"2023-04-14T11:47:38","guid":{"rendered":"https:\/\/koff.swisspeace.ch\/apropos\/?p=1321"},"modified":"2023-04-14T11:48:10","modified_gmt":"2023-04-14T11:48:10","slug":"swisspeace-propose-le-nouveau-cas-peace-mediation-dialogue","status":"publish","type":"post","link":"https:\/\/koff.swisspeace.ch\/apropos\/1321\/swisspeace-propose-le-nouveau-cas-peace-mediation-dialogue\/","title":{"rendered":"swisspeace propose le nouveau CAS Peace Mediation &amp; Dialogue"},"content":{"rendered":"\n<h1 class=\"wp-block-heading\"><\/h1>\n\n\n\n<p>Le dipl\u00f4me &#8220;Certificate of Advanced Studies (CAS) Peace Mediation &amp; Dialogue&#8221; s&#8217;adresse aux futurs m\u00e9diateur\u2219rices d\u00e9sireux\u2219ses de comprendre comment la n\u00e9gociation, la m\u00e9diation et le dialogue peuvent promouvoir les processus de paix. Le programme dure une ann\u00e9e, de septembre 2023 \u00e0 septembre 2024. Les trois modules se d\u00e9roulent au centre culturel kHaus de B\u00e2le ou sous forme virtuelle.<\/p>\n\n\n\n<p>La m\u00e9diation de paix, les n\u00e9gociations politiques et les dialogues strat\u00e9giques et nationaux sont des moyens pratiques et efficaces \u00e0 la transformation des conflits violents. Cette formation propose une introduction aux diff\u00e9rents concepts et \u00e0 leur application dans des cas concrets. En combinant des \u00e9l\u00e9ments th\u00e9oriques, des exp\u00e9riences tir\u00e9es de diff\u00e9rents contextes de conflit et des m\u00e9thodes pratiques, le CAS Peace Mediation &amp; Dialogue vous permet d&#8217;acqu\u00e9rir les connaissances et les comp\u00e9tences n\u00e9cessaires pour mieux analyser, soutenir ou mener des n\u00e9gociations, des initiatives de m\u00e9diation et de dialogue dans des processus de paix.<\/p>\n","protected":false},"excerpt":{"rendered":"<p>Le dipl\u00f4me &#8220;Certificate of Advanced Studies (CAS) Peace Mediation &amp; Dialogue&#8221; s&#8217;adresse aux futurs m\u00e9diateur\u2219rices d\u00e9sireux\u2219ses de comprendre comment la n\u00e9gociation, la m\u00e9diation et le dialogue peuvent promouvoir les processus de paix. Le programme dure une ann\u00e9e, de septembre 2023 \u00e0 septembre 2024. Les trois modules se d\u00e9roulent au centre culturel kHaus de B\u00e2le ou <a href=\"https:\/\/koff.swisspeace.ch\/apropos\/1321\/swisspeace-propose-le-nouveau-cas-peace-mediation-dialogue\/\" class=\"more-link\">&#8230;<span class=\"screen-reader-text\">  swisspeace propose le nouveau CAS Peace Mediation &amp; Dialogue<\/span><\/a><\/p>\n","protected":false},"author":3,"featured_media":1314,"comment_status":"open","ping_status":"open","sticky":false,"template":"","format":"standard","meta":{"advgb_blocks_editor_width":"","advgb_blocks_columns_visual_guide":""},"categories":[99],"tags":[],"issue":[165],"acf":[],"author_meta":{"display_name":"\u00e0 propos","author_link":"https:\/\/koff.swisspeace.ch\/apropos\/author\/apropos\/"},"featured_img":"https:\/\/koff.swisspeace.ch\/apropos\/wp-content\/uploads\/2023\/04\/WB_CAS-Mediation_180-600x332.png","coauthors":[],"tax_additional":{"categories":{"linked":["<a href=\"https:\/\/koff.swisspeace.ch\/apropos\/category\/news-fr\/\" class=\"advgb-post-tax-term\">Actualit\u00e9<\/a>"],"unlinked":["<span class=\"advgb-post-tax-term\">Actualit\u00e9<\/span>"]}},"comment_count":0,"relative_dates":{"created":"Posted 3 years ago","modified":"Updated 3 years ago"},"absolute_dates":{"created":"Posted on April 14, 2023","modified":"Updated on April 14, 2023"},"absolute_dates_time":{"created":"Posted on April 14, 2023 11:47 am","modified":"Updated on April 14, 2023 11:48 am"},"featured_img_caption":"","series_order":null,"_links":{"self":[{"href":"https:\/\/koff.swisspeace.ch\/apropos\/wp-json\/wp\/v2\/posts\/1321"}],"collection":[{"href":"https:\/\/koff.swisspeace.ch\/apropos\/wp-json\/wp\/v2\/posts"}],"about":[{"href":"https:\/\/koff.swisspeace.ch\/apropos\/wp-json\/wp\/v2\/types\/post"}],"author":[{"embeddable":true,"href":"https:\/\/koff.swisspeace.ch\/apropos\/wp-json\/wp\/v2\/users\/3"}],"replies":[{"embeddable":true,"href":"https:\/\/koff.swisspeace.ch\/apropos\/wp-json\/wp\/v2\/comments?post=1321"}],"version-history":[{"count":4,"href":"https:\/\/koff.swisspeace.ch\/apropos\/wp-json\/wp\/v2\/posts\/1321\/revisions"}],"predecessor-version":[{"id":1563,"href":"https:\/\/koff.swisspeace.ch\/apropos\/wp-json\/wp\/v2\/posts\/1321\/revisions\/1563"}],"wp:featuredmedia":[{"embeddable":true,"href":"https:\/\/koff.swisspeace.ch\/apropos\/wp-json\/wp\/v2\/media\/1314"}],"wp:attachment":[{"href":"https:\/\/koff.swisspeace.ch\/apropos\/wp-json\/wp\/v2\/media?parent=1321"}],"wp:term":[{"taxonomy":"category","embeddable":true,"href":"https:\/\/koff.swisspeace.ch\/apropos\/wp-json\/wp\/v2\/categories?post=1321"},{"taxonomy":"post_tag","embeddable":true,"href":"https:\/\/koff.swisspeace.ch\/apropos\/wp-json\/wp\/v2\/tags?post=1321"},{"taxonomy":"issue","embeddable":true,"href":"https:\/\/koff.swisspeace.ch\/apropos\/wp-json\/wp\/v2\/issue?post=1321"}],"curies":[{"name":"wp","href":"https:\/\/api.w.org\/{rel}","templated":true}]}}