{"id":1329,"date":"2023-04-14T07:40:34","date_gmt":"2023-04-14T07:40:34","guid":{"rendered":"https:\/\/koff.swisspeace.ch\/apropos\/?p=1329"},"modified":"2023-04-17T08:06:47","modified_gmt":"2023-04-17T08:06:47","slug":"nicht-schaden-und-mehr-gutes-tun-geschichten-zur-anwendung-von-konfliktsensibilitat-bei-helvetas","status":"publish","type":"post","link":"https:\/\/koff.swisspeace.ch\/apropos\/1329\/nicht-schaden-und-mehr-gutes-tun-geschichten-zur-anwendung-von-konfliktsensibilitat-bei-helvetas\/","title":{"rendered":"Nicht schaden und mehr Gutes tun \u2013 Geschichten zur Anwendung von Konfliktsensibilit\u00e4t bei Helvetas"},"content":{"rendered":"\n<p><\/p>\n\n\n\n<p>Der Zweck der vorliegenden Publikation ist zu zeigen, wie Konfliktsensibilit\u00e4t in der Praxis aussieht. Sie pr\u00e4sentiert eine Sammlung von Erfahrungen von Helvetas-Mitarbeitenden aus aller Welt. Die 39 Beispiele aus 15 L\u00e4ndern decken alle Arbeitsbereiche von Helvetas ab. Sie veranschaulicht wie unterschiedliche Arten der Interventionen in den jeweiligen gesellschaftlichen Kontexten, in denen sie stattfinden, unbeabsichtigte Auswirkungen haben k\u00f6nnen und wie Mitarbeitende m\u00f6gliche negative Auswirkungen der Arbeit von Helvetas verhindern konnten oder sich anpassten, wenn es zu Spannungen kam.<\/p>\n","protected":false},"excerpt":{"rendered":"<p>Der Zweck der vorliegenden Publikation ist zu zeigen, wie Konfliktsensibilit\u00e4t in der Praxis aussieht. Sie pr\u00e4sentiert eine Sammlung von Erfahrungen von Helvetas-Mitarbeitenden aus aller Welt. Die 39 Beispiele aus 15 L\u00e4ndern decken alle Arbeitsbereiche von Helvetas ab. Sie veranschaulicht wie unterschiedliche Arten der Interventionen in den jeweiligen gesellschaftlichen Kontexten, in denen sie stattfinden, unbeabsichtigte Auswirkungen <a href=\"https:\/\/koff.swisspeace.ch\/apropos\/1329\/nicht-schaden-und-mehr-gutes-tun-geschichten-zur-anwendung-von-konfliktsensibilitat-bei-helvetas\/\" class=\"more-link\">&#8230;<span class=\"screen-reader-text\">  Nicht schaden und mehr Gutes tun \u2013 Geschichten zur Anwendung von Konfliktsensibilit\u00e4t bei Helvetas<\/span><\/a><\/p>\n","protected":false},"author":3,"featured_media":1590,"comment_status":"open","ping_status":"open","sticky":false,"template":"","format":"standard","meta":{"advgb_blocks_editor_width":"","advgb_blocks_columns_visual_guide":""},"categories":[71],"tags":[],"issue":[163],"acf":[],"author_meta":{"display_name":"\u00e0 propos","author_link":"https:\/\/koff.swisspeace.ch\/apropos\/author\/apropos\/"},"featured_img":"https:\/\/koff.swisspeace.ch\/apropos\/wp-content\/uploads\/2023\/04\/pexels-ready-made-3847704-1-600x400.jpg","coauthors":[],"tax_additional":{"categories":{"linked":["<a href=\"https:\/\/koff.swisspeace.ch\/apropos\/category\/news-de\/\" class=\"advgb-post-tax-term\">Aktuell<\/a>"],"unlinked":["<span class=\"advgb-post-tax-term\">Aktuell<\/span>"]}},"comment_count":0,"relative_dates":{"created":"Posted 3 years ago","modified":"Updated 3 years ago"},"absolute_dates":{"created":"Posted on April 14, 2023","modified":"Updated on April 17, 2023"},"absolute_dates_time":{"created":"Posted on April 14, 2023 7:40 am","modified":"Updated on April 17, 2023 8:06 am"},"featured_img_caption":"","series_order":null,"_links":{"self":[{"href":"https:\/\/koff.swisspeace.ch\/apropos\/wp-json\/wp\/v2\/posts\/1329"}],"collection":[{"href":"https:\/\/koff.swisspeace.ch\/apropos\/wp-json\/wp\/v2\/posts"}],"about":[{"href":"https:\/\/koff.swisspeace.ch\/apropos\/wp-json\/wp\/v2\/types\/post"}],"author":[{"embeddable":true,"href":"https:\/\/koff.swisspeace.ch\/apropos\/wp-json\/wp\/v2\/users\/3"}],"replies":[{"embeddable":true,"href":"https:\/\/koff.swisspeace.ch\/apropos\/wp-json\/wp\/v2\/comments?post=1329"}],"version-history":[{"count":5,"href":"https:\/\/koff.swisspeace.ch\/apropos\/wp-json\/wp\/v2\/posts\/1329\/revisions"}],"predecessor-version":[{"id":1551,"href":"https:\/\/koff.swisspeace.ch\/apropos\/wp-json\/wp\/v2\/posts\/1329\/revisions\/1551"}],"wp:featuredmedia":[{"embeddable":true,"href":"https:\/\/koff.swisspeace.ch\/apropos\/wp-json\/wp\/v2\/media\/1590"}],"wp:attachment":[{"href":"https:\/\/koff.swisspeace.ch\/apropos\/wp-json\/wp\/v2\/media?parent=1329"}],"wp:term":[{"taxonomy":"category","embeddable":true,"href":"https:\/\/koff.swisspeace.ch\/apropos\/wp-json\/wp\/v2\/categories?post=1329"},{"taxonomy":"post_tag","embeddable":true,"href":"https:\/\/koff.swisspeace.ch\/apropos\/wp-json\/wp\/v2\/tags?post=1329"},{"taxonomy":"issue","embeddable":true,"href":"https:\/\/koff.swisspeace.ch\/apropos\/wp-json\/wp\/v2\/issue?post=1329"}],"curies":[{"name":"wp","href":"https:\/\/api.w.org\/{rel}","templated":true}]}}