{"id":1354,"date":"2023-04-14T11:43:05","date_gmt":"2023-04-14T11:43:05","guid":{"rendered":"https:\/\/koff.swisspeace.ch\/apropos\/?p=1354"},"modified":"2023-04-17T08:06:17","modified_gmt":"2023-04-17T08:06:17","slug":"nouvelle-publication-ne-pas-nuire-et-faire-plus-de-bien-historique-de-lapplication-de-la-sensibilite-aux-conflits-chez-helvetas","status":"publish","type":"post","link":"https:\/\/koff.swisspeace.ch\/apropos\/1354\/nouvelle-publication-ne-pas-nuire-et-faire-plus-de-bien-historique-de-lapplication-de-la-sensibilite-aux-conflits-chez-helvetas\/","title":{"rendered":"Nouvelle publication \u2013 Ne pas nuire et faire plus de bien : Historique de l\u2019application de la sensibilit\u00e9 aux conflits chez Helvetas"},"content":{"rendered":"\n<p><\/p>\n\n\n\n<p>Le but de cette publication est d&#8217;illustrer ce qu&#8217;est (en pratique) la sensibilit\u00e9 aux conflits. Elle pr\u00e9sente une collection d&#8217;exp\u00e9riences de collaborateur\u2219rices dans 15 pays, couvrant tous les domaines d&#8217;activit\u00e9 d&#8217;Helvetas. Ils illustrent les diff\u00e9rentes mani\u00e8res dont leurs interventions peuvent avoir des effets inattendus dans les contextes sociaux dans lesquels ils\u2219elles op\u00e9rent et comment les membres d\u2019Helvetas ont agi pour pr\u00e9venir les impacts n\u00e9gatifs potentiels de leur travail ou se sont adapt\u00e9\u2219es lors de situation sous tensions.<\/p>\n","protected":false},"excerpt":{"rendered":"<p>Le but de cette publication est d&#8217;illustrer ce qu&#8217;est (en pratique) la sensibilit\u00e9 aux conflits. Elle pr\u00e9sente une collection d&#8217;exp\u00e9riences de collaborateur\u2219rices dans 15 pays, couvrant tous les domaines d&#8217;activit\u00e9 d&#8217;Helvetas. Ils illustrent les diff\u00e9rentes mani\u00e8res dont leurs interventions peuvent avoir des effets inattendus dans les contextes sociaux dans lesquels ils\u2219elles op\u00e9rent et comment les <a href=\"https:\/\/koff.swisspeace.ch\/apropos\/1354\/nouvelle-publication-ne-pas-nuire-et-faire-plus-de-bien-historique-de-lapplication-de-la-sensibilite-aux-conflits-chez-helvetas\/\" class=\"more-link\">&#8230;<span class=\"screen-reader-text\">  Nouvelle publication \u2013 Ne pas nuire et faire plus de bien : Historique de l\u2019application de la sensibilit\u00e9 aux conflits chez Helvetas<\/span><\/a><\/p>\n","protected":false},"author":3,"featured_media":1589,"comment_status":"open","ping_status":"open","sticky":false,"template":"","format":"standard","meta":{"advgb_blocks_editor_width":"","advgb_blocks_columns_visual_guide":""},"categories":[99],"tags":[],"issue":[165],"acf":[],"author_meta":{"display_name":"\u00e0 propos","author_link":"https:\/\/koff.swisspeace.ch\/apropos\/author\/apropos\/"},"featured_img":"https:\/\/koff.swisspeace.ch\/apropos\/wp-content\/uploads\/2023\/04\/pexels-ready-made-3847704-600x400.jpg","coauthors":[],"tax_additional":{"categories":{"linked":["<a href=\"https:\/\/koff.swisspeace.ch\/apropos\/category\/news-fr\/\" class=\"advgb-post-tax-term\">Actualit\u00e9<\/a>"],"unlinked":["<span class=\"advgb-post-tax-term\">Actualit\u00e9<\/span>"]}},"comment_count":0,"relative_dates":{"created":"Posted 3 years ago","modified":"Updated 3 years ago"},"absolute_dates":{"created":"Posted on April 14, 2023","modified":"Updated on April 17, 2023"},"absolute_dates_time":{"created":"Posted on April 14, 2023 11:43 am","modified":"Updated on April 17, 2023 8:06 am"},"featured_img_caption":"","series_order":null,"_links":{"self":[{"href":"https:\/\/koff.swisspeace.ch\/apropos\/wp-json\/wp\/v2\/posts\/1354"}],"collection":[{"href":"https:\/\/koff.swisspeace.ch\/apropos\/wp-json\/wp\/v2\/posts"}],"about":[{"href":"https:\/\/koff.swisspeace.ch\/apropos\/wp-json\/wp\/v2\/types\/post"}],"author":[{"embeddable":true,"href":"https:\/\/koff.swisspeace.ch\/apropos\/wp-json\/wp\/v2\/users\/3"}],"replies":[{"embeddable":true,"href":"https:\/\/koff.swisspeace.ch\/apropos\/wp-json\/wp\/v2\/comments?post=1354"}],"version-history":[{"count":3,"href":"https:\/\/koff.swisspeace.ch\/apropos\/wp-json\/wp\/v2\/posts\/1354\/revisions"}],"predecessor-version":[{"id":1558,"href":"https:\/\/koff.swisspeace.ch\/apropos\/wp-json\/wp\/v2\/posts\/1354\/revisions\/1558"}],"wp:featuredmedia":[{"embeddable":true,"href":"https:\/\/koff.swisspeace.ch\/apropos\/wp-json\/wp\/v2\/media\/1589"}],"wp:attachment":[{"href":"https:\/\/koff.swisspeace.ch\/apropos\/wp-json\/wp\/v2\/media?parent=1354"}],"wp:term":[{"taxonomy":"category","embeddable":true,"href":"https:\/\/koff.swisspeace.ch\/apropos\/wp-json\/wp\/v2\/categories?post=1354"},{"taxonomy":"post_tag","embeddable":true,"href":"https:\/\/koff.swisspeace.ch\/apropos\/wp-json\/wp\/v2\/tags?post=1354"},{"taxonomy":"issue","embeddable":true,"href":"https:\/\/koff.swisspeace.ch\/apropos\/wp-json\/wp\/v2\/issue?post=1354"}],"curies":[{"name":"wp","href":"https:\/\/api.w.org\/{rel}","templated":true}]}}