{"id":1362,"date":"2023-04-14T07:38:17","date_gmt":"2023-04-14T07:38:17","guid":{"rendered":"https:\/\/koff.swisspeace.ch\/apropos\/?p=1362"},"modified":"2023-04-14T10:54:47","modified_gmt":"2023-04-14T10:54:47","slug":"job-spannende-moglichkeiten-fur-junge-berufstatige-im-quaker-un-buro-quno-jetzt-moglich","status":"publish","type":"post","link":"https:\/\/koff.swisspeace.ch\/apropos\/1362\/job-spannende-moglichkeiten-fur-junge-berufstatige-im-quaker-un-buro-quno-jetzt-moglich\/","title":{"rendered":"Job \u2013 Spannende M\u00f6glichkeiten f\u00fcr junge Berufst\u00e4tige im Quaker UN B\u00fcro (QUNO) jetzt m\u00f6glich!"},"content":{"rendered":"\n<p><\/p>\n\n\n\n<p>Interessieren Sie sich f\u00fcr den menschlichen Einfluss auf Klimawandel und Nachhaltigkeit, Frieden und Abr\u00fcstung oder Menschenrechte und Gefl\u00fcchtete? Und m\u00f6chten Sie einen Beitrag zur Arbeit von QUNO bei den Vereinten Nationen leisten? Dann k\u00f6nnte dies genau das sein, wonach Sie suchen: Bewerbungen f\u00fcr drei Programmassistent:innenstellen bei QUNO in Genf von September 2023 bis August 2024 in den Bereichen Menschenrechte &amp; Gefl\u00fcchtete, Frieden &amp; Abr\u00fcstung und Klimawandel sind jetzt m\u00f6glich. Dies sind spannende M\u00f6glichkeiten f\u00fcr junge Berufst\u00e4tige mit Interesse an internationaler Politik, die Arbeit der Qu\u00e4ker bei den Vereinten Nationen kennenzulernen und einen Beitrag dazu zu leisten. Die Bewerbungsfrist endet am 20. April 2023.<\/p>\n","protected":false},"excerpt":{"rendered":"<p>Interessieren Sie sich f\u00fcr den menschlichen Einfluss auf Klimawandel und Nachhaltigkeit, Frieden und Abr\u00fcstung oder Menschenrechte und Gefl\u00fcchtete? Und m\u00f6chten Sie einen Beitrag zur Arbeit von QUNO bei den Vereinten Nationen leisten? Dann k\u00f6nnte dies genau das sein, wonach Sie suchen: Bewerbungen f\u00fcr drei Programmassistent:innenstellen bei QUNO in Genf von September 2023 bis August 2024 <a href=\"https:\/\/koff.swisspeace.ch\/apropos\/1362\/job-spannende-moglichkeiten-fur-junge-berufstatige-im-quaker-un-buro-quno-jetzt-moglich\/\" class=\"more-link\">&#8230;<span class=\"screen-reader-text\">  Job \u2013 Spannende M\u00f6glichkeiten f\u00fcr junge Berufst\u00e4tige im Quaker UN B\u00fcro (QUNO) jetzt m\u00f6glich!<\/span><\/a><\/p>\n","protected":false},"author":3,"featured_media":1358,"comment_status":"open","ping_status":"open","sticky":false,"template":"","format":"standard","meta":{"advgb_blocks_editor_width":"","advgb_blocks_columns_visual_guide":""},"categories":[71],"tags":[],"issue":[163],"acf":[],"author_meta":{"display_name":"\u00e0 propos","author_link":"https:\/\/koff.swisspeace.ch\/apropos\/author\/apropos\/"},"featured_img":"https:\/\/koff.swisspeace.ch\/apropos\/wp-content\/uploads\/2023\/04\/WBNewsQUNO_180-600x332.png","coauthors":[],"tax_additional":{"categories":{"linked":["<a href=\"https:\/\/koff.swisspeace.ch\/apropos\/category\/news-de\/\" class=\"advgb-post-tax-term\">Aktuell<\/a>"],"unlinked":["<span class=\"advgb-post-tax-term\">Aktuell<\/span>"]}},"comment_count":0,"relative_dates":{"created":"Posted 3 years ago","modified":"Updated 3 years ago"},"absolute_dates":{"created":"Posted on April 14, 2023","modified":"Updated on April 14, 2023"},"absolute_dates_time":{"created":"Posted on April 14, 2023 7:38 am","modified":"Updated on April 14, 2023 10:54 am"},"featured_img_caption":"","series_order":null,"_links":{"self":[{"href":"https:\/\/koff.swisspeace.ch\/apropos\/wp-json\/wp\/v2\/posts\/1362"}],"collection":[{"href":"https:\/\/koff.swisspeace.ch\/apropos\/wp-json\/wp\/v2\/posts"}],"about":[{"href":"https:\/\/koff.swisspeace.ch\/apropos\/wp-json\/wp\/v2\/types\/post"}],"author":[{"embeddable":true,"href":"https:\/\/koff.swisspeace.ch\/apropos\/wp-json\/wp\/v2\/users\/3"}],"replies":[{"embeddable":true,"href":"https:\/\/koff.swisspeace.ch\/apropos\/wp-json\/wp\/v2\/comments?post=1362"}],"version-history":[{"count":4,"href":"https:\/\/koff.swisspeace.ch\/apropos\/wp-json\/wp\/v2\/posts\/1362\/revisions"}],"predecessor-version":[{"id":1549,"href":"https:\/\/koff.swisspeace.ch\/apropos\/wp-json\/wp\/v2\/posts\/1362\/revisions\/1549"}],"wp:featuredmedia":[{"embeddable":true,"href":"https:\/\/koff.swisspeace.ch\/apropos\/wp-json\/wp\/v2\/media\/1358"}],"wp:attachment":[{"href":"https:\/\/koff.swisspeace.ch\/apropos\/wp-json\/wp\/v2\/media?parent=1362"}],"wp:term":[{"taxonomy":"category","embeddable":true,"href":"https:\/\/koff.swisspeace.ch\/apropos\/wp-json\/wp\/v2\/categories?post=1362"},{"taxonomy":"post_tag","embeddable":true,"href":"https:\/\/koff.swisspeace.ch\/apropos\/wp-json\/wp\/v2\/tags?post=1362"},{"taxonomy":"issue","embeddable":true,"href":"https:\/\/koff.swisspeace.ch\/apropos\/wp-json\/wp\/v2\/issue?post=1362"}],"curies":[{"name":"wp","href":"https:\/\/api.w.org\/{rel}","templated":true}]}}