{"id":1365,"date":"2023-04-14T11:41:33","date_gmt":"2023-04-14T11:41:33","guid":{"rendered":"https:\/\/koff.swisspeace.ch\/apropos\/?p=1365"},"modified":"2023-04-14T11:41:34","modified_gmt":"2023-04-14T11:41:34","slug":"emploi-de-nouveaux-postes-vacants-chez-quno","status":"publish","type":"post","link":"https:\/\/koff.swisspeace.ch\/apropos\/1365\/emploi-de-nouveaux-postes-vacants-chez-quno\/","title":{"rendered":"Emploi \u2013 De nouveaux postes vacants chez QUNO"},"content":{"rendered":"\n<p>Int\u00e9ress\u00e9\u2219e par l&#8217;impact de l&#8217;activit\u00e9 humaine sur le changement climatique et le d\u00e9veloppement durable, la paix et le d\u00e9sarmement ou les droits de l&#8217;homme et des r\u00e9fugi\u00e9\u2219es ? Et d\u00e9sireux\u2219se de contribuer au travail de QUNO aupr\u00e8s des Nations unies ? Alors QUNO propose peut-\u00eatre le poste que vous cherchez : les candidatures sont maintenant ouvertes pour trois postes d&#8217;assistant\u00b7es de programme \u00e0 Gen\u00e8ve de septembre 2023 \u00e0 ao\u00fbt 2024 dans les domaines des droits de l&#8217;homme et des r\u00e9fugi\u00e9s ; de la paix et du d\u00e9sarmement ; et du changement climatique. Il s&#8217;agit de tr\u00e8s bonnes opportunit\u00e9s pour les jeunes professionnel\u2219les int\u00e9ress\u00e9\u2219es par les affaires internationales ou par le travail des bureaux quaker aupr\u00e8s des Nations unies.<br><\/p>\n","protected":false},"excerpt":{"rendered":"<p>Int\u00e9ress\u00e9\u2219e par l&#8217;impact de l&#8217;activit\u00e9 humaine sur le changement climatique et le d\u00e9veloppement durable, la paix et le d\u00e9sarmement ou les droits de l&#8217;homme et des r\u00e9fugi\u00e9\u2219es ? Et d\u00e9sireux\u2219se de contribuer au travail de QUNO aupr\u00e8s des Nations unies ? Alors QUNO propose peut-\u00eatre le poste que vous cherchez : les candidatures sont maintenant <a href=\"https:\/\/koff.swisspeace.ch\/apropos\/1365\/emploi-de-nouveaux-postes-vacants-chez-quno\/\" class=\"more-link\">&#8230;<span class=\"screen-reader-text\">  Emploi \u2013 De nouveaux postes vacants chez QUNO<\/span><\/a><\/p>\n","protected":false},"author":3,"featured_media":1358,"comment_status":"open","ping_status":"open","sticky":false,"template":"","format":"standard","meta":{"advgb_blocks_editor_width":"","advgb_blocks_columns_visual_guide":""},"categories":[99],"tags":[],"issue":[165],"acf":[],"author_meta":{"display_name":"\u00e0 propos","author_link":"https:\/\/koff.swisspeace.ch\/apropos\/author\/apropos\/"},"featured_img":"https:\/\/koff.swisspeace.ch\/apropos\/wp-content\/uploads\/2023\/04\/WBNewsQUNO_180-600x332.png","coauthors":[],"tax_additional":{"categories":{"linked":["<a href=\"https:\/\/koff.swisspeace.ch\/apropos\/category\/news-fr\/\" class=\"advgb-post-tax-term\">Actualit\u00e9<\/a>"],"unlinked":["<span class=\"advgb-post-tax-term\">Actualit\u00e9<\/span>"]}},"comment_count":0,"relative_dates":{"created":"Posted 3 years ago","modified":"Updated 3 years ago"},"absolute_dates":{"created":"Posted on April 14, 2023","modified":"Updated on April 14, 2023"},"absolute_dates_time":{"created":"Posted on April 14, 2023 11:41 am","modified":"Updated on April 14, 2023 11:41 am"},"featured_img_caption":"","series_order":null,"_links":{"self":[{"href":"https:\/\/koff.swisspeace.ch\/apropos\/wp-json\/wp\/v2\/posts\/1365"}],"collection":[{"href":"https:\/\/koff.swisspeace.ch\/apropos\/wp-json\/wp\/v2\/posts"}],"about":[{"href":"https:\/\/koff.swisspeace.ch\/apropos\/wp-json\/wp\/v2\/types\/post"}],"author":[{"embeddable":true,"href":"https:\/\/koff.swisspeace.ch\/apropos\/wp-json\/wp\/v2\/users\/3"}],"replies":[{"embeddable":true,"href":"https:\/\/koff.swisspeace.ch\/apropos\/wp-json\/wp\/v2\/comments?post=1365"}],"version-history":[{"count":4,"href":"https:\/\/koff.swisspeace.ch\/apropos\/wp-json\/wp\/v2\/posts\/1365\/revisions"}],"predecessor-version":[{"id":1557,"href":"https:\/\/koff.swisspeace.ch\/apropos\/wp-json\/wp\/v2\/posts\/1365\/revisions\/1557"}],"wp:featuredmedia":[{"embeddable":true,"href":"https:\/\/koff.swisspeace.ch\/apropos\/wp-json\/wp\/v2\/media\/1358"}],"wp:attachment":[{"href":"https:\/\/koff.swisspeace.ch\/apropos\/wp-json\/wp\/v2\/media?parent=1365"}],"wp:term":[{"taxonomy":"category","embeddable":true,"href":"https:\/\/koff.swisspeace.ch\/apropos\/wp-json\/wp\/v2\/categories?post=1365"},{"taxonomy":"post_tag","embeddable":true,"href":"https:\/\/koff.swisspeace.ch\/apropos\/wp-json\/wp\/v2\/tags?post=1365"},{"taxonomy":"issue","embeddable":true,"href":"https:\/\/koff.swisspeace.ch\/apropos\/wp-json\/wp\/v2\/issue?post=1365"}],"curies":[{"name":"wp","href":"https:\/\/api.w.org\/{rel}","templated":true}]}}