{"id":1375,"date":"2023-04-14T07:35:26","date_gmt":"2023-04-14T07:35:26","guid":{"rendered":"https:\/\/koff.swisspeace.ch\/apropos\/?p=1375"},"modified":"2023-04-14T07:36:52","modified_gmt":"2023-04-14T07:36:52","slug":"dcaf-geneva-centre-for-security-sector-governance-hat-eine-neue-direktorin","status":"publish","type":"post","link":"https:\/\/koff.swisspeace.ch\/apropos\/1375\/dcaf-geneva-centre-for-security-sector-governance-hat-eine-neue-direktorin\/","title":{"rendered":"DCAF \u2013 Geneva Centre for Security Sector Governance hat eine neue Direktorin"},"content":{"rendered":"\n<p><\/p>\n\n\n\n<p><br>Botschafterin Chuard begann am 1. M\u00e4rz bei DCAF. &#8220;Ich freue mich sehr, die Leitung einer Organisation zu \u00fcbernehmen, die die Vision einer Welt verfolgt, in der Sicherheit durch Akteur:innen gew\u00e4hrleistet wird, die sich f\u00fcr die Verbesserung der Sicherheit von Menschen und Staaten einsetzen und nach den Grunds\u00e4tzen der Good Governance, der Achtung der Menschenrechte und der Gleichstellung der Geschlechter handeln&#8221;, sagte Chuard. Sie arbeitet seit 2005 im Eidgen\u00f6ssischen Departement f\u00fcr ausw\u00e4rtige Angelegenheiten (EDA) und war als Schweizer Diplomatin stellvertretende Leiterin der Menschenrechtssektion in Bern und politische Koordinatorin der Schweizer Mission bei der UNO in New York. Zudem leitete sie die Abteilung Naher Osten und Nordafrika (Humanit\u00e4re Hilfe) der Direktion f\u00fcr Entwicklung und Zusammenarbeit. Bevor sie zum DCAF kam, war sie Botschafterin der Schweiz in Bangladesch.<\/p>\n","protected":false},"excerpt":{"rendered":"<p>Botschafterin Chuard begann am 1. M\u00e4rz bei DCAF. &#8220;Ich freue mich sehr, die Leitung einer Organisation zu \u00fcbernehmen, die die Vision einer Welt verfolgt, in der Sicherheit durch Akteur:innen gew\u00e4hrleistet wird, die sich f\u00fcr die Verbesserung der Sicherheit von Menschen und Staaten einsetzen und nach den Grunds\u00e4tzen der Good Governance, der Achtung der Menschenrechte und <a href=\"https:\/\/koff.swisspeace.ch\/apropos\/1375\/dcaf-geneva-centre-for-security-sector-governance-hat-eine-neue-direktorin\/\" class=\"more-link\">&#8230;<span class=\"screen-reader-text\">  DCAF \u2013 Geneva Centre for Security Sector Governance hat eine neue Direktorin<\/span><\/a><\/p>\n","protected":false},"author":3,"featured_media":1372,"comment_status":"open","ping_status":"open","sticky":false,"template":"","format":"standard","meta":{"advgb_blocks_editor_width":"","advgb_blocks_columns_visual_guide":""},"categories":[71],"tags":[],"issue":[163],"acf":[],"author_meta":{"display_name":"\u00e0 propos","author_link":"https:\/\/koff.swisspeace.ch\/apropos\/author\/apropos\/"},"featured_img":"https:\/\/koff.swisspeace.ch\/apropos\/wp-content\/uploads\/2023\/04\/WBNewsDCAF.png","coauthors":[],"tax_additional":{"categories":{"linked":["<a href=\"https:\/\/koff.swisspeace.ch\/apropos\/category\/news-de\/\" class=\"advgb-post-tax-term\">Aktuell<\/a>"],"unlinked":["<span class=\"advgb-post-tax-term\">Aktuell<\/span>"]}},"comment_count":0,"relative_dates":{"created":"Posted 3 years ago","modified":"Updated 3 years ago"},"absolute_dates":{"created":"Posted on April 14, 2023","modified":"Updated on April 14, 2023"},"absolute_dates_time":{"created":"Posted on April 14, 2023 7:35 am","modified":"Updated on April 14, 2023 7:36 am"},"featured_img_caption":"","series_order":null,"_links":{"self":[{"href":"https:\/\/koff.swisspeace.ch\/apropos\/wp-json\/wp\/v2\/posts\/1375"}],"collection":[{"href":"https:\/\/koff.swisspeace.ch\/apropos\/wp-json\/wp\/v2\/posts"}],"about":[{"href":"https:\/\/koff.swisspeace.ch\/apropos\/wp-json\/wp\/v2\/types\/post"}],"author":[{"embeddable":true,"href":"https:\/\/koff.swisspeace.ch\/apropos\/wp-json\/wp\/v2\/users\/3"}],"replies":[{"embeddable":true,"href":"https:\/\/koff.swisspeace.ch\/apropos\/wp-json\/wp\/v2\/comments?post=1375"}],"version-history":[{"count":5,"href":"https:\/\/koff.swisspeace.ch\/apropos\/wp-json\/wp\/v2\/posts\/1375\/revisions"}],"predecessor-version":[{"id":1505,"href":"https:\/\/koff.swisspeace.ch\/apropos\/wp-json\/wp\/v2\/posts\/1375\/revisions\/1505"}],"wp:featuredmedia":[{"embeddable":true,"href":"https:\/\/koff.swisspeace.ch\/apropos\/wp-json\/wp\/v2\/media\/1372"}],"wp:attachment":[{"href":"https:\/\/koff.swisspeace.ch\/apropos\/wp-json\/wp\/v2\/media?parent=1375"}],"wp:term":[{"taxonomy":"category","embeddable":true,"href":"https:\/\/koff.swisspeace.ch\/apropos\/wp-json\/wp\/v2\/categories?post=1375"},{"taxonomy":"post_tag","embeddable":true,"href":"https:\/\/koff.swisspeace.ch\/apropos\/wp-json\/wp\/v2\/tags?post=1375"},{"taxonomy":"issue","embeddable":true,"href":"https:\/\/koff.swisspeace.ch\/apropos\/wp-json\/wp\/v2\/issue?post=1375"}],"curies":[{"name":"wp","href":"https:\/\/api.w.org\/{rel}","templated":true}]}}