{"id":1379,"date":"2023-04-14T11:49:11","date_gmt":"2023-04-14T11:49:11","guid":{"rendered":"https:\/\/koff.swisspeace.ch\/apropos\/?p=1379"},"modified":"2023-04-14T11:49:12","modified_gmt":"2023-04-14T11:49:12","slug":"le-centre-pour-la-gouvernance-du-secteur-de-la-securite-dcaf-accueille-une-nouvelle-directrice","status":"publish","type":"post","link":"https:\/\/koff.swisspeace.ch\/apropos\/1379\/le-centre-pour-la-gouvernance-du-secteur-de-la-securite-dcaf-accueille-une-nouvelle-directrice\/","title":{"rendered":"Le Centre pour la gouvernance du secteur de la s\u00e9curit\u00e9 DCAF accueille une nouvelle directrice"},"content":{"rendered":"\n<p>L&#8217;ambassadrice Chuard a rejoint le DCAF le 1er mars. &#8220;Je suis ravie de prendre la t\u00eate d&#8217;une organisation dont la vision est celle d&#8217;un monde dans lequel la s\u00e9curit\u00e9 est assur\u00e9e par des acteurs et actrices qui se consacrent \u00e0 l&#8217;am\u00e9lioration de la s\u00e9curit\u00e9 des personnes et des \u00c9tats et qui agissent selon les principes de la bonne gouvernance et du respect des droits humains et de l&#8217;\u00e9galit\u00e9 des sexes&#8221;, a d\u00e9clar\u00e9 Mme Chuard. Elle travaille au D\u00e9partement f\u00e9d\u00e9ral suisse des affaires \u00e9trang\u00e8res depuis 2005 et, en tant que diplomate suisse, a \u00e9t\u00e9 cheffe adjointe de la section des droits de l&#8217;homme \u00e0 Berne et coordinatrice politique \u00e0 la mission de la Suisse aupr\u00e8s des Nations unies \u00e0 New York. Elle a \u00e9galement dirig\u00e9 la division Moyen-Orient et Afrique du Nord (aide humanitaire) de la Direction du d\u00e9veloppement et de la coop\u00e9ration (DDC). Avant de rejoindre le DCAF, elle \u00e9tait ambassadrice de la Suisse au Bangladesh.<\/p>\n","protected":false},"excerpt":{"rendered":"<p>L&#8217;ambassadrice Chuard a rejoint le DCAF le 1er mars. &#8220;Je suis ravie de prendre la t\u00eate d&#8217;une organisation dont la vision est celle d&#8217;un monde dans lequel la s\u00e9curit\u00e9 est assur\u00e9e par des acteurs et actrices qui se consacrent \u00e0 l&#8217;am\u00e9lioration de la s\u00e9curit\u00e9 des personnes et des \u00c9tats et qui agissent selon les principes <a href=\"https:\/\/koff.swisspeace.ch\/apropos\/1379\/le-centre-pour-la-gouvernance-du-secteur-de-la-securite-dcaf-accueille-une-nouvelle-directrice\/\" class=\"more-link\">&#8230;<span class=\"screen-reader-text\">  Le Centre pour la gouvernance du secteur de la s\u00e9curit\u00e9 DCAF accueille une nouvelle directrice<\/span><\/a><\/p>\n","protected":false},"author":3,"featured_media":1372,"comment_status":"open","ping_status":"open","sticky":false,"template":"","format":"standard","meta":{"advgb_blocks_editor_width":"","advgb_blocks_columns_visual_guide":""},"categories":[99],"tags":[],"issue":[165],"acf":[],"author_meta":{"display_name":"\u00e0 propos","author_link":"https:\/\/koff.swisspeace.ch\/apropos\/author\/apropos\/"},"featured_img":"https:\/\/koff.swisspeace.ch\/apropos\/wp-content\/uploads\/2023\/04\/WBNewsDCAF.png","coauthors":[],"tax_additional":{"categories":{"linked":["<a href=\"https:\/\/koff.swisspeace.ch\/apropos\/category\/news-fr\/\" class=\"advgb-post-tax-term\">Actualit\u00e9<\/a>"],"unlinked":["<span class=\"advgb-post-tax-term\">Actualit\u00e9<\/span>"]}},"comment_count":0,"relative_dates":{"created":"Posted 3 years ago","modified":"Updated 3 years ago"},"absolute_dates":{"created":"Posted on April 14, 2023","modified":"Updated on April 14, 2023"},"absolute_dates_time":{"created":"Posted on April 14, 2023 11:49 am","modified":"Updated on April 14, 2023 11:49 am"},"featured_img_caption":"","series_order":null,"_links":{"self":[{"href":"https:\/\/koff.swisspeace.ch\/apropos\/wp-json\/wp\/v2\/posts\/1379"}],"collection":[{"href":"https:\/\/koff.swisspeace.ch\/apropos\/wp-json\/wp\/v2\/posts"}],"about":[{"href":"https:\/\/koff.swisspeace.ch\/apropos\/wp-json\/wp\/v2\/types\/post"}],"author":[{"embeddable":true,"href":"https:\/\/koff.swisspeace.ch\/apropos\/wp-json\/wp\/v2\/users\/3"}],"replies":[{"embeddable":true,"href":"https:\/\/koff.swisspeace.ch\/apropos\/wp-json\/wp\/v2\/comments?post=1379"}],"version-history":[{"count":5,"href":"https:\/\/koff.swisspeace.ch\/apropos\/wp-json\/wp\/v2\/posts\/1379\/revisions"}],"predecessor-version":[{"id":1564,"href":"https:\/\/koff.swisspeace.ch\/apropos\/wp-json\/wp\/v2\/posts\/1379\/revisions\/1564"}],"wp:featuredmedia":[{"embeddable":true,"href":"https:\/\/koff.swisspeace.ch\/apropos\/wp-json\/wp\/v2\/media\/1372"}],"wp:attachment":[{"href":"https:\/\/koff.swisspeace.ch\/apropos\/wp-json\/wp\/v2\/media?parent=1379"}],"wp:term":[{"taxonomy":"category","embeddable":true,"href":"https:\/\/koff.swisspeace.ch\/apropos\/wp-json\/wp\/v2\/categories?post=1379"},{"taxonomy":"post_tag","embeddable":true,"href":"https:\/\/koff.swisspeace.ch\/apropos\/wp-json\/wp\/v2\/tags?post=1379"},{"taxonomy":"issue","embeddable":true,"href":"https:\/\/koff.swisspeace.ch\/apropos\/wp-json\/wp\/v2\/issue?post=1379"}],"curies":[{"name":"wp","href":"https:\/\/api.w.org\/{rel}","templated":true}]}}