{"id":1390,"date":"2023-04-14T07:32:58","date_gmt":"2023-04-14T07:32:58","guid":{"rendered":"https:\/\/koff.swisspeace.ch\/apropos\/?p=1390"},"modified":"2023-04-14T07:32:59","modified_gmt":"2023-04-14T07:32:59","slug":"die-stiftung-fur-integrale-friedensforderung-veroffentlicht-fuhrung-durch-die-seele-zum-frieden-finden-in-sich-selbst","status":"publish","type":"post","link":"https:\/\/koff.swisspeace.ch\/apropos\/1390\/die-stiftung-fur-integrale-friedensforderung-veroffentlicht-fuhrung-durch-die-seele-zum-frieden-finden-in-sich-selbst\/","title":{"rendered":"Die Stiftung f\u00fcr integrale Friedensf\u00f6rderung ver\u00f6ffentlicht \u00abF\u00fchrung durch die Seele \u2013 Zum Frieden finden in sich selbst\u00bb"},"content":{"rendered":"\n<p><\/p>\n\n\n\n<p><br>Die Stiftung f\u00fcr integrale Friedensf\u00f6rderung ver\u00f6ffentlicht den dritten Band der Reihe &#8220;F\u00fchrung durch die Seele&#8221;, herausgegeben von Dr. J\u00fcrg Theiler im Verlag Spuren. Darin werden acht mythologische Erz\u00e4hlungen aus ihrer spezifischen Form in ihren universellen Inhalt \u00fcbersetzt. Sie stellen den Weg der Erkenntnis dar: Gilgamesch &#8211; der in die Tiefe sieht. Parsifal &#8211; der den Abgrund \u00fcberquert. Lohengrin &#8211; der zum Vertrauen in die Seele aufruft. Amor und Psyche &#8211; die ihren Weg zum Ganzen finden. Die G\u00f6ttliche Kom\u00f6die von Dante \u2013 der den Weg zum Ziel geht. Lea, Rahel, Jakob und Josef &#8211; der Entwicklungsweg der Psyche. Utopia von Thomas More &#8211; die Politik der Seele. Das verh\u00fcllte Bild zu Sais von Friedrich Schiller &#8211; das Geheimnis des Lebens. Das ultimative Ziel des Weges ist der Frieden.<\/p>\n\n\n\n<p><\/p>\n\n\n\n<p><\/p>\n\n\n\n<p><\/p>\n","protected":false},"excerpt":{"rendered":"<p>Die Stiftung f\u00fcr integrale Friedensf\u00f6rderung ver\u00f6ffentlicht den dritten Band der Reihe &#8220;F\u00fchrung durch die Seele&#8221;, herausgegeben von Dr. J\u00fcrg Theiler im Verlag Spuren. Darin werden acht mythologische Erz\u00e4hlungen aus ihrer spezifischen Form in ihren universellen Inhalt \u00fcbersetzt. Sie stellen den Weg der Erkenntnis dar: Gilgamesch &#8211; der in die Tiefe sieht. Parsifal &#8211; der den <a href=\"https:\/\/koff.swisspeace.ch\/apropos\/1390\/die-stiftung-fur-integrale-friedensforderung-veroffentlicht-fuhrung-durch-die-seele-zum-frieden-finden-in-sich-selbst\/\" class=\"more-link\">&#8230;<span class=\"screen-reader-text\">  Die Stiftung f\u00fcr integrale Friedensf\u00f6rderung ver\u00f6ffentlicht \u00abF\u00fchrung durch die Seele \u2013 Zum Frieden finden in sich selbst\u00bb<\/span><\/a><\/p>\n","protected":false},"author":3,"featured_media":1387,"comment_status":"open","ping_status":"open","sticky":false,"template":"","format":"standard","meta":{"advgb_blocks_editor_width":"","advgb_blocks_columns_visual_guide":""},"categories":[71],"tags":[],"issue":[163],"acf":[],"author_meta":{"display_name":"\u00e0 propos","author_link":"https:\/\/koff.swisspeace.ch\/apropos\/author\/apropos\/"},"featured_img":"https:\/\/koff.swisspeace.ch\/apropos\/wp-content\/uploads\/2023\/04\/WBSFIF180-600x331.jpg","coauthors":[],"tax_additional":{"categories":{"linked":["<a href=\"https:\/\/koff.swisspeace.ch\/apropos\/category\/news-de\/\" class=\"advgb-post-tax-term\">Aktuell<\/a>"],"unlinked":["<span class=\"advgb-post-tax-term\">Aktuell<\/span>"]}},"comment_count":0,"relative_dates":{"created":"Posted 3 years ago","modified":"Updated 3 years ago"},"absolute_dates":{"created":"Posted on April 14, 2023","modified":"Updated on April 14, 2023"},"absolute_dates_time":{"created":"Posted on April 14, 2023 7:32 am","modified":"Updated on April 14, 2023 7:32 am"},"featured_img_caption":"","series_order":null,"_links":{"self":[{"href":"https:\/\/koff.swisspeace.ch\/apropos\/wp-json\/wp\/v2\/posts\/1390"}],"collection":[{"href":"https:\/\/koff.swisspeace.ch\/apropos\/wp-json\/wp\/v2\/posts"}],"about":[{"href":"https:\/\/koff.swisspeace.ch\/apropos\/wp-json\/wp\/v2\/types\/post"}],"author":[{"embeddable":true,"href":"https:\/\/koff.swisspeace.ch\/apropos\/wp-json\/wp\/v2\/users\/3"}],"replies":[{"embeddable":true,"href":"https:\/\/koff.swisspeace.ch\/apropos\/wp-json\/wp\/v2\/comments?post=1390"}],"version-history":[{"count":3,"href":"https:\/\/koff.swisspeace.ch\/apropos\/wp-json\/wp\/v2\/posts\/1390\/revisions"}],"predecessor-version":[{"id":1500,"href":"https:\/\/koff.swisspeace.ch\/apropos\/wp-json\/wp\/v2\/posts\/1390\/revisions\/1500"}],"wp:featuredmedia":[{"embeddable":true,"href":"https:\/\/koff.swisspeace.ch\/apropos\/wp-json\/wp\/v2\/media\/1387"}],"wp:attachment":[{"href":"https:\/\/koff.swisspeace.ch\/apropos\/wp-json\/wp\/v2\/media?parent=1390"}],"wp:term":[{"taxonomy":"category","embeddable":true,"href":"https:\/\/koff.swisspeace.ch\/apropos\/wp-json\/wp\/v2\/categories?post=1390"},{"taxonomy":"post_tag","embeddable":true,"href":"https:\/\/koff.swisspeace.ch\/apropos\/wp-json\/wp\/v2\/tags?post=1390"},{"taxonomy":"issue","embeddable":true,"href":"https:\/\/koff.swisspeace.ch\/apropos\/wp-json\/wp\/v2\/issue?post=1390"}],"curies":[{"name":"wp","href":"https:\/\/api.w.org\/{rel}","templated":true}]}}