{"id":1395,"date":"2023-04-14T11:47:26","date_gmt":"2023-04-14T11:47:26","guid":{"rendered":"https:\/\/koff.swisspeace.ch\/apropos\/?p=1395"},"modified":"2023-04-14T11:47:27","modified_gmt":"2023-04-14T11:47:27","slug":"nouvelle-publication-de-la-stiftung-fur-integrale-friedensforderung-fuhrung-durch-die-seele","status":"publish","type":"post","link":"https:\/\/koff.swisspeace.ch\/apropos\/1395\/nouvelle-publication-de-la-stiftung-fur-integrale-friedensforderung-fuhrung-durch-die-seele\/","title":{"rendered":"Nouvelle publication de la Stiftung f\u00fcr integrale Friedensf\u00f6rderung \u2013 \u00abF\u00fchrung durch die Seele\u00bb"},"content":{"rendered":"\n<p><\/p>\n\n\n\n<p>La Stiftung f\u00fcr integrale Friedensf\u00f6rderung publie le troisi\u00e8me volume de la s\u00e9rie \u00ab\u00a0F\u00fchrung durch die Seele\u00a0\u00bb ou Guide de l&#8217;\u00e2me, \u00e9dit\u00e9e par le Dr J\u00fcrg Theiler aux \u00e9ditions Spuren. Huit r\u00e9cits mythologiques y sont traduits. Ils repr\u00e9sentent le chemin de la connaissance : Gilgamesh &#8211; qui voit dans les profondeurs; Parsifal &#8211; qui traverse l&#8217;ab\u00eeme; Lohengrin &#8211; qui revendique la confiance en l&#8217;\u00e2me; Cupidon et Psych\u00e9 &#8211; qui trouvent l&#8217;\u00eatre entier; La Divine Com\u00e9die de Dante &#8211; qui va jusqu&#8217;au bout du chemin; L\u00e9a, Rachel, Jacob et Joseph &#8211; le chemin de d\u00e9veloppement de la psych\u00e9; Utopia de Thomas Morus &#8211; la politique de l&#8217;\u00e2me. Le tableau voil\u00e9 de Sa\u00efs de Friedrich Schiller &#8211; le secret de la vie; L\u2019objectif du periple est la PAIX.<\/p>\n\n\n\n<p><\/p>\n","protected":false},"excerpt":{"rendered":"<p>La Stiftung f\u00fcr integrale Friedensf\u00f6rderung publie le troisi\u00e8me volume de la s\u00e9rie \u00ab\u00a0F\u00fchrung durch die Seele\u00a0\u00bb ou Guide de l&#8217;\u00e2me, \u00e9dit\u00e9e par le Dr J\u00fcrg Theiler aux \u00e9ditions Spuren. Huit r\u00e9cits mythologiques y sont traduits. Ils repr\u00e9sentent le chemin de la connaissance : Gilgamesh &#8211; qui voit dans les profondeurs; Parsifal &#8211; qui traverse l&#8217;ab\u00eeme; <a href=\"https:\/\/koff.swisspeace.ch\/apropos\/1395\/nouvelle-publication-de-la-stiftung-fur-integrale-friedensforderung-fuhrung-durch-die-seele\/\" class=\"more-link\">&#8230;<span class=\"screen-reader-text\">  Nouvelle publication de la Stiftung f\u00fcr integrale Friedensf\u00f6rderung \u2013 \u00abF\u00fchrung durch die Seele\u00bb<\/span><\/a><\/p>\n","protected":false},"author":3,"featured_media":1387,"comment_status":"open","ping_status":"open","sticky":false,"template":"","format":"standard","meta":{"advgb_blocks_editor_width":"","advgb_blocks_columns_visual_guide":""},"categories":[99],"tags":[],"issue":[165],"acf":[],"author_meta":{"display_name":"\u00e0 propos","author_link":"https:\/\/koff.swisspeace.ch\/apropos\/author\/apropos\/"},"featured_img":"https:\/\/koff.swisspeace.ch\/apropos\/wp-content\/uploads\/2023\/04\/WBSFIF180-600x331.jpg","coauthors":[],"tax_additional":{"categories":{"linked":["<a href=\"https:\/\/koff.swisspeace.ch\/apropos\/category\/news-fr\/\" class=\"advgb-post-tax-term\">Actualit\u00e9<\/a>"],"unlinked":["<span class=\"advgb-post-tax-term\">Actualit\u00e9<\/span>"]}},"comment_count":0,"relative_dates":{"created":"Posted 3 years ago","modified":"Updated 3 years ago"},"absolute_dates":{"created":"Posted on April 14, 2023","modified":"Updated on April 14, 2023"},"absolute_dates_time":{"created":"Posted on April 14, 2023 11:47 am","modified":"Updated on April 14, 2023 11:47 am"},"featured_img_caption":"","series_order":null,"_links":{"self":[{"href":"https:\/\/koff.swisspeace.ch\/apropos\/wp-json\/wp\/v2\/posts\/1395"}],"collection":[{"href":"https:\/\/koff.swisspeace.ch\/apropos\/wp-json\/wp\/v2\/posts"}],"about":[{"href":"https:\/\/koff.swisspeace.ch\/apropos\/wp-json\/wp\/v2\/types\/post"}],"author":[{"embeddable":true,"href":"https:\/\/koff.swisspeace.ch\/apropos\/wp-json\/wp\/v2\/users\/3"}],"replies":[{"embeddable":true,"href":"https:\/\/koff.swisspeace.ch\/apropos\/wp-json\/wp\/v2\/comments?post=1395"}],"version-history":[{"count":5,"href":"https:\/\/koff.swisspeace.ch\/apropos\/wp-json\/wp\/v2\/posts\/1395\/revisions"}],"predecessor-version":[{"id":1562,"href":"https:\/\/koff.swisspeace.ch\/apropos\/wp-json\/wp\/v2\/posts\/1395\/revisions\/1562"}],"wp:featuredmedia":[{"embeddable":true,"href":"https:\/\/koff.swisspeace.ch\/apropos\/wp-json\/wp\/v2\/media\/1387"}],"wp:attachment":[{"href":"https:\/\/koff.swisspeace.ch\/apropos\/wp-json\/wp\/v2\/media?parent=1395"}],"wp:term":[{"taxonomy":"category","embeddable":true,"href":"https:\/\/koff.swisspeace.ch\/apropos\/wp-json\/wp\/v2\/categories?post=1395"},{"taxonomy":"post_tag","embeddable":true,"href":"https:\/\/koff.swisspeace.ch\/apropos\/wp-json\/wp\/v2\/tags?post=1395"},{"taxonomy":"issue","embeddable":true,"href":"https:\/\/koff.swisspeace.ch\/apropos\/wp-json\/wp\/v2\/issue?post=1395"}],"curies":[{"name":"wp","href":"https:\/\/api.w.org\/{rel}","templated":true}]}}