{"id":1403,"date":"2023-04-13T11:51:27","date_gmt":"2023-04-13T11:51:27","guid":{"rendered":"https:\/\/koff.swisspeace.ch\/apropos\/?p=1403"},"modified":"2023-04-17T08:00:29","modified_gmt":"2023-04-17T08:00:29","slug":"coexistences-wird-drei-israelisch-palastinensische-gruppen-begrussen","status":"publish","type":"post","link":"https:\/\/koff.swisspeace.ch\/apropos\/1403\/coexistences-wird-drei-israelisch-palastinensische-gruppen-begrussen\/","title":{"rendered":"Coexistences wird drei israelisch-pal\u00e4stinensische Gruppen begr\u00fcssen"},"content":{"rendered":"\n<p>Coexistences wird im Jahr 2023 drei israelisch-pal\u00e4stinensische Gruppen zu Gast haben. Ziel dieser Aufenthalte ist es, einen neutralen und unterst\u00fctzenden Raum zu bieten, in dem die Gruppen und ihre Betreuer:innen ihre Arbeit abseits der Konfliktregion vertiefen, ihre Gruppe auf eine andere Ebene der internen Dynamik bringen und eine intensive Koexistenz von jeweils 10 Tagen erproben k\u00f6nnen.<\/p>\n\n\n\n<p>Coexistences wird 24 junge Erwachsene von den Young Ambassadors for Peace des Parents Circle (2.-11. Juni), 17 Teilnehmer des zweiten und letzten Workshops &#8220;St\u00e4rkung der Vermittler des israelisch-pal\u00e4stinensischen Dialogs&#8221; (13.-21. August) und eine Gruppe von Studenten der p\u00e4dagogischen Schule Seminara Kibbutzim (Ende August) zu einem Trekking mit Dialog in den Schweizer Alpen im Rahmen unseres Jahresprogramms \u201cBreaking the Ice\u201d einladen. Nach einigen Tagen in einem Chalet in den Bergen werden die drei Gruppen bei Schweizer Familien in und um Lausanne untergebracht sein.<\/p>\n","protected":false},"excerpt":{"rendered":"<p>Coexistences wird im Jahr 2023 drei israelisch-pal\u00e4stinensische Gruppen zu Gast haben. Ziel dieser Aufenthalte ist es, einen neutralen und unterst\u00fctzenden Raum zu bieten, in dem die Gruppen und ihre Betreuer:innen ihre Arbeit abseits der Konfliktregion vertiefen, ihre Gruppe auf eine andere Ebene der internen Dynamik bringen und eine intensive Koexistenz von jeweils 10 Tagen erproben <a href=\"https:\/\/koff.swisspeace.ch\/apropos\/1403\/coexistences-wird-drei-israelisch-palastinensische-gruppen-begrussen\/\" class=\"more-link\">&#8230;<span class=\"screen-reader-text\">  Coexistences wird drei israelisch-pal\u00e4stinensische Gruppen begr\u00fcssen<\/span><\/a><\/p>\n","protected":false},"author":3,"featured_media":1585,"comment_status":"open","ping_status":"open","sticky":false,"template":"","format":"standard","meta":{"advgb_blocks_editor_width":"","advgb_blocks_columns_visual_guide":""},"categories":[71],"tags":[],"issue":[163],"acf":[],"author_meta":{"display_name":"\u00e0 propos","author_link":"https:\/\/koff.swisspeace.ch\/apropos\/author\/apropos\/"},"featured_img":"https:\/\/koff.swisspeace.ch\/apropos\/wp-content\/uploads\/2023\/04\/pexels-andrea-piacquadio-3830745-600x400.jpg","coauthors":[],"tax_additional":{"categories":{"linked":["<a href=\"https:\/\/koff.swisspeace.ch\/apropos\/category\/news-de\/\" class=\"advgb-post-tax-term\">Aktuell<\/a>"],"unlinked":["<span class=\"advgb-post-tax-term\">Aktuell<\/span>"]}},"comment_count":0,"relative_dates":{"created":"Posted 3 years ago","modified":"Updated 3 years ago"},"absolute_dates":{"created":"Posted on April 13, 2023","modified":"Updated on April 17, 2023"},"absolute_dates_time":{"created":"Posted on April 13, 2023 11:51 am","modified":"Updated on April 17, 2023 8:00 am"},"featured_img_caption":"","series_order":null,"_links":{"self":[{"href":"https:\/\/koff.swisspeace.ch\/apropos\/wp-json\/wp\/v2\/posts\/1403"}],"collection":[{"href":"https:\/\/koff.swisspeace.ch\/apropos\/wp-json\/wp\/v2\/posts"}],"about":[{"href":"https:\/\/koff.swisspeace.ch\/apropos\/wp-json\/wp\/v2\/types\/post"}],"author":[{"embeddable":true,"href":"https:\/\/koff.swisspeace.ch\/apropos\/wp-json\/wp\/v2\/users\/3"}],"replies":[{"embeddable":true,"href":"https:\/\/koff.swisspeace.ch\/apropos\/wp-json\/wp\/v2\/comments?post=1403"}],"version-history":[{"count":7,"href":"https:\/\/koff.swisspeace.ch\/apropos\/wp-json\/wp\/v2\/posts\/1403\/revisions"}],"predecessor-version":[{"id":1588,"href":"https:\/\/koff.swisspeace.ch\/apropos\/wp-json\/wp\/v2\/posts\/1403\/revisions\/1588"}],"wp:featuredmedia":[{"embeddable":true,"href":"https:\/\/koff.swisspeace.ch\/apropos\/wp-json\/wp\/v2\/media\/1585"}],"wp:attachment":[{"href":"https:\/\/koff.swisspeace.ch\/apropos\/wp-json\/wp\/v2\/media?parent=1403"}],"wp:term":[{"taxonomy":"category","embeddable":true,"href":"https:\/\/koff.swisspeace.ch\/apropos\/wp-json\/wp\/v2\/categories?post=1403"},{"taxonomy":"post_tag","embeddable":true,"href":"https:\/\/koff.swisspeace.ch\/apropos\/wp-json\/wp\/v2\/tags?post=1403"},{"taxonomy":"issue","embeddable":true,"href":"https:\/\/koff.swisspeace.ch\/apropos\/wp-json\/wp\/v2\/issue?post=1403"}],"curies":[{"name":"wp","href":"https:\/\/api.w.org\/{rel}","templated":true}]}}