{"id":1407,"date":"2023-04-14T12:01:35","date_gmt":"2023-04-14T12:01:35","guid":{"rendered":"https:\/\/koff.swisspeace.ch\/apropos\/?p=1407"},"modified":"2023-04-17T08:00:05","modified_gmt":"2023-04-17T08:00:05","slug":"coexistences-accueille-trois-groupes-israeliens-palestiniens-en-suisse","status":"publish","type":"post","link":"https:\/\/koff.swisspeace.ch\/apropos\/1407\/coexistences-accueille-trois-groupes-israeliens-palestiniens-en-suisse\/","title":{"rendered":"Coexistences accueille trois groupes isra\u00e9liens-palestiniens en Suisse"},"content":{"rendered":"\n<p>L\u2019objectif des s\u00e9jours d&#8217;acceuil de groupes isra\u00e9liens-palestiniens est pour Coexistences d\u2019offrir un espace neutre et soutenant dans lequel ces groupes et leurs facilitateur\u2219rices peuvent approfondir leur travail loin du conflit, catalyser leur dynamique interne et exp\u00e9rimenter une coexistence intense d\u2019une dizaine de jours.<\/p>\n\n\n\n<p>En 2023 Coexistences accueillera 24 jeunes du <em>Young Ambassadors for Peace<\/em> du <em>Cercle des Parents Endeuill\u00e9s<\/em> (2-11 juin), 17 participant\u2219es au deuxi\u00e8me et dernier s\u00e9minaire \u201c<em>Strengthening the facilitators of the Israeli-Palestinian dialogue<\/em>\u201d (13-21 ao\u00fbt) et enfin un groupe d\u2019\u00e9tudiant\u2219es de l\u2019\u00e9cole p\u00e9dagogique Seminara Kibbutzim (fin ao\u00fbt) dans le cadre du programme annuel <em>Breaking the Ice<\/em>.<\/p>\n\n\n\n<p>Apr\u00e8s quelques jours en montagne, ces trois groupes seront h\u00e9berg\u00e9s par des familles suisses \u00e0 Lausanne.<br><\/p>\n","protected":false},"excerpt":{"rendered":"<p>L\u2019objectif des s\u00e9jours d&#8217;acceuil de groupes isra\u00e9liens-palestiniens est pour Coexistences d\u2019offrir un espace neutre et soutenant dans lequel ces groupes et leurs facilitateur\u2219rices peuvent approfondir leur travail loin du conflit, catalyser leur dynamique interne et exp\u00e9rimenter une coexistence intense d\u2019une dizaine de jours. En 2023 Coexistences accueillera 24 jeunes du Young Ambassadors for Peace du <a href=\"https:\/\/koff.swisspeace.ch\/apropos\/1407\/coexistences-accueille-trois-groupes-israeliens-palestiniens-en-suisse\/\" class=\"more-link\">&#8230;<span class=\"screen-reader-text\">  Coexistences accueille trois groupes isra\u00e9liens-palestiniens en Suisse<\/span><\/a><\/p>\n","protected":false},"author":3,"featured_media":1585,"comment_status":"open","ping_status":"open","sticky":false,"template":"","format":"standard","meta":{"advgb_blocks_editor_width":"","advgb_blocks_columns_visual_guide":""},"categories":[99],"tags":[],"issue":[165],"acf":[],"author_meta":{"display_name":"\u00e0 propos","author_link":"https:\/\/koff.swisspeace.ch\/apropos\/author\/apropos\/"},"featured_img":"https:\/\/koff.swisspeace.ch\/apropos\/wp-content\/uploads\/2023\/04\/pexels-andrea-piacquadio-3830745-600x400.jpg","coauthors":[],"tax_additional":{"categories":{"linked":["<a href=\"https:\/\/koff.swisspeace.ch\/apropos\/category\/news-fr\/\" class=\"advgb-post-tax-term\">Actualit\u00e9<\/a>"],"unlinked":["<span class=\"advgb-post-tax-term\">Actualit\u00e9<\/span>"]}},"comment_count":0,"relative_dates":{"created":"Posted 3 years ago","modified":"Updated 3 years ago"},"absolute_dates":{"created":"Posted on April 14, 2023","modified":"Updated on April 17, 2023"},"absolute_dates_time":{"created":"Posted on April 14, 2023 12:01 pm","modified":"Updated on April 17, 2023 8:00 am"},"featured_img_caption":"","series_order":null,"_links":{"self":[{"href":"https:\/\/koff.swisspeace.ch\/apropos\/wp-json\/wp\/v2\/posts\/1407"}],"collection":[{"href":"https:\/\/koff.swisspeace.ch\/apropos\/wp-json\/wp\/v2\/posts"}],"about":[{"href":"https:\/\/koff.swisspeace.ch\/apropos\/wp-json\/wp\/v2\/types\/post"}],"author":[{"embeddable":true,"href":"https:\/\/koff.swisspeace.ch\/apropos\/wp-json\/wp\/v2\/users\/3"}],"replies":[{"embeddable":true,"href":"https:\/\/koff.swisspeace.ch\/apropos\/wp-json\/wp\/v2\/comments?post=1407"}],"version-history":[{"count":6,"href":"https:\/\/koff.swisspeace.ch\/apropos\/wp-json\/wp\/v2\/posts\/1407\/revisions"}],"predecessor-version":[{"id":1587,"href":"https:\/\/koff.swisspeace.ch\/apropos\/wp-json\/wp\/v2\/posts\/1407\/revisions\/1587"}],"wp:featuredmedia":[{"embeddable":true,"href":"https:\/\/koff.swisspeace.ch\/apropos\/wp-json\/wp\/v2\/media\/1585"}],"wp:attachment":[{"href":"https:\/\/koff.swisspeace.ch\/apropos\/wp-json\/wp\/v2\/media?parent=1407"}],"wp:term":[{"taxonomy":"category","embeddable":true,"href":"https:\/\/koff.swisspeace.ch\/apropos\/wp-json\/wp\/v2\/categories?post=1407"},{"taxonomy":"post_tag","embeddable":true,"href":"https:\/\/koff.swisspeace.ch\/apropos\/wp-json\/wp\/v2\/tags?post=1407"},{"taxonomy":"issue","embeddable":true,"href":"https:\/\/koff.swisspeace.ch\/apropos\/wp-json\/wp\/v2\/issue?post=1407"}],"curies":[{"name":"wp","href":"https:\/\/api.w.org\/{rel}","templated":true}]}}