{"id":1420,"date":"2023-04-13T11:49:42","date_gmt":"2023-04-13T11:49:42","guid":{"rendered":"https:\/\/koff.swisspeace.ch\/apropos\/?p=1420"},"modified":"2023-04-13T11:49:42","modified_gmt":"2023-04-13T11:49:42","slug":"neue-veroffentlichung-stabilitat-neu-denken-zentrale-ergebnisse-und-umsetzbare-empfehlungen","status":"publish","type":"post","link":"https:\/\/koff.swisspeace.ch\/apropos\/1420\/neue-veroffentlichung-stabilitat-neu-denken-zentrale-ergebnisse-und-umsetzbare-empfehlungen\/","title":{"rendered":"Neue Ver\u00f6ffentlichung: Stabilit\u00e4t neu denken \u2013 Zentrale Ergebnisse und umsetzbare Empfehlungen"},"content":{"rendered":"\n<p><\/p>\n\n\n\n<p>In den letzten 20 Jahren haben sich internationale Stabilisierungsmissionen zu einem wichtigen Bestandteil der internationalen Interventionen in Konfliktgebieten entwickelt. Sie haben den Auftrag, die Stabilit\u00e4t und den Frieden in Gemeinschaften, die von bewaffneten Konflikten betroffen sind, zu verbessern. Ihr erkl\u00e4rtes Ziel ist es, die Gewalt zu verringern und die Grundlagen f\u00fcr eine l\u00e4ngerfristige Sicherheit zu schaffen. In der Praxis haben sie ihre erkl\u00e4rten Ziele oft verfehlt und in vielen F\u00e4llen die lokale Konfliktdynamik sogar noch versch\u00e4rft. Als Reaktion darauf haben einige lokale Bev\u00f6lkerungsgruppen gefordert zu erfahren, wessen Interessen Vorrang haben, w\u00e4hrend einige Beobachter:innen bezweifeln, dass solche Operationen, so wie sie derzeit konzipiert sind, lokalen und nationalen Akteuren tats\u00e4chlich dabei helfen, ihre Sicherheitsprobleme zu bew\u00e4ltigen.<\/p>\n\n\n\n<p>Um diese Bedenken auszur\u00e4umen, hat Interpeace in Zusammenarbeit mit dem Atlantic Council und mit Unterst\u00fctzung einer Reihe strategischer Partner eine zweij\u00e4hrige Initiative mit dem Titel <a href=\"https:\/\/www.interpeace.org\/rethinking-stability\/\" data-type=\"URL\" data-id=\"https:\/\/www.interpeace.org\/rethinking-stability\/\">&#8220;Rethinking Stability&#8221;<\/a> durchgef\u00fchrt. Durch eine Reihe von lokalen, nationalen und internationalen Dialogen, bilateralen Treffen und Original-Forschungsarbeiten \u00fcberpr\u00fcfte und hinterfragte das Programm die konzeptionellen und operativen Normen, die den Stabilisierungsbem\u00fchungen zugrunde liegen, mit dem Ziel, die Wirksamkeit k\u00fcnftiger Missionen zur F\u00f6rderung des Friedens und zum Schutz von Gemeinschaften in solchen Kontexten zu verbessern. Ende 2022 wurden zwei Publikationen ver\u00f6ffentlicht, in denen die Herausforderungen f\u00fcr die Stabilisierungsbem\u00fchungen dargelegt und Empfehlungen f\u00fcr deren Verbesserung ausgesprochen wurden.<br><br>Lesen Sie die Publikation <a href=\"https:\/\/www.interpeace.org\/wp-content\/uploads\/2023\/02\/2022-Rethinking-Stability-Recommendations-Paper-Web-spread.pdf\" data-type=\"URL\" data-id=\"https:\/\/www.interpeace.org\/wp-content\/uploads\/2023\/02\/2022-Rethinking-Stability-Recommendations-Paper-Web-spread.pdf\">hier<\/a>. <\/p>\n","protected":false},"excerpt":{"rendered":"<p>In den letzten 20 Jahren haben sich internationale Stabilisierungsmissionen zu einem wichtigen Bestandteil der internationalen Interventionen in Konfliktgebieten entwickelt. Sie haben den Auftrag, die Stabilit\u00e4t und den Frieden in Gemeinschaften, die von bewaffneten Konflikten betroffen sind, zu verbessern. Ihr erkl\u00e4rtes Ziel ist es, die Gewalt zu verringern und die Grundlagen f\u00fcr eine l\u00e4ngerfristige Sicherheit zu <a href=\"https:\/\/koff.swisspeace.ch\/apropos\/1420\/neue-veroffentlichung-stabilitat-neu-denken-zentrale-ergebnisse-und-umsetzbare-empfehlungen\/\" class=\"more-link\">&#8230;<span class=\"screen-reader-text\">  Neue Ver\u00f6ffentlichung: Stabilit\u00e4t neu denken \u2013 Zentrale Ergebnisse und umsetzbare Empfehlungen<\/span><\/a><\/p>\n","protected":false},"author":3,"featured_media":1417,"comment_status":"open","ping_status":"open","sticky":false,"template":"","format":"standard","meta":{"advgb_blocks_editor_width":"","advgb_blocks_columns_visual_guide":""},"categories":[71],"tags":[],"issue":[163],"acf":[],"author_meta":{"display_name":"\u00e0 propos","author_link":"https:\/\/koff.swisspeace.ch\/apropos\/author\/apropos\/"},"featured_img":"https:\/\/koff.swisspeace.ch\/apropos\/wp-content\/uploads\/2023\/04\/WBNewsInterpeace180-600x332.png","coauthors":[],"tax_additional":{"categories":{"linked":["<a href=\"https:\/\/koff.swisspeace.ch\/apropos\/category\/news-de\/\" class=\"advgb-post-tax-term\">Aktuell<\/a>"],"unlinked":["<span class=\"advgb-post-tax-term\">Aktuell<\/span>"]}},"comment_count":0,"relative_dates":{"created":"Posted 3 years ago","modified":"Updated 3 years ago"},"absolute_dates":{"created":"Posted on April 13, 2023","modified":"Updated on April 13, 2023"},"absolute_dates_time":{"created":"Posted on April 13, 2023 11:49 am","modified":"Updated on April 13, 2023 11:49 am"},"featured_img_caption":"","series_order":null,"_links":{"self":[{"href":"https:\/\/koff.swisspeace.ch\/apropos\/wp-json\/wp\/v2\/posts\/1420"}],"collection":[{"href":"https:\/\/koff.swisspeace.ch\/apropos\/wp-json\/wp\/v2\/posts"}],"about":[{"href":"https:\/\/koff.swisspeace.ch\/apropos\/wp-json\/wp\/v2\/types\/post"}],"author":[{"embeddable":true,"href":"https:\/\/koff.swisspeace.ch\/apropos\/wp-json\/wp\/v2\/users\/3"}],"replies":[{"embeddable":true,"href":"https:\/\/koff.swisspeace.ch\/apropos\/wp-json\/wp\/v2\/comments?post=1420"}],"version-history":[{"count":4,"href":"https:\/\/koff.swisspeace.ch\/apropos\/wp-json\/wp\/v2\/posts\/1420\/revisions"}],"predecessor-version":[{"id":1484,"href":"https:\/\/koff.swisspeace.ch\/apropos\/wp-json\/wp\/v2\/posts\/1420\/revisions\/1484"}],"wp:featuredmedia":[{"embeddable":true,"href":"https:\/\/koff.swisspeace.ch\/apropos\/wp-json\/wp\/v2\/media\/1417"}],"wp:attachment":[{"href":"https:\/\/koff.swisspeace.ch\/apropos\/wp-json\/wp\/v2\/media?parent=1420"}],"wp:term":[{"taxonomy":"category","embeddable":true,"href":"https:\/\/koff.swisspeace.ch\/apropos\/wp-json\/wp\/v2\/categories?post=1420"},{"taxonomy":"post_tag","embeddable":true,"href":"https:\/\/koff.swisspeace.ch\/apropos\/wp-json\/wp\/v2\/tags?post=1420"},{"taxonomy":"issue","embeddable":true,"href":"https:\/\/koff.swisspeace.ch\/apropos\/wp-json\/wp\/v2\/issue?post=1420"}],"curies":[{"name":"wp","href":"https:\/\/api.w.org\/{rel}","templated":true}]}}