{"id":1423,"date":"2023-04-14T11:38:59","date_gmt":"2023-04-14T11:38:59","guid":{"rendered":"https:\/\/koff.swisspeace.ch\/apropos\/?p=1423"},"modified":"2023-04-14T12:10:14","modified_gmt":"2023-04-14T12:10:14","slug":"nouvelle-publication-rethinking-stability-key-findings-and-actionable-recommendations","status":"publish","type":"post","link":"https:\/\/koff.swisspeace.ch\/apropos\/1423\/nouvelle-publication-rethinking-stability-key-findings-and-actionable-recommendations\/","title":{"rendered":"Nouvelle publication \u2013 &#8220;Rethinking Stability : Key Findings and Actionable Recommendations&#8221;"},"content":{"rendered":"\n<p><\/p>\n\n\n\n<p>Au cours des 20 derni\u00e8res ann\u00e9es, les missions internationales de stabilisation sont devenues un \u00e9l\u00e9ment majeur des interventions internationales dans les zones de conflit. Mandat\u00e9es pour am\u00e9liorer la stabilit\u00e9 et la paix des communaut\u00e9s en proie \u00e0 un conflit arm\u00e9, elles ont pour objectif d\u00e9clar\u00e9 de r\u00e9duire la violence et de jeter les bases d&#8217;une s\u00e9curit\u00e9 \u00e0 plus long terme. Dans la pratique, elles n&#8217;ont souvent pas atteint les objectifs fix\u00e9s et, dans de nombreux cas, ont m\u00eame aggrav\u00e9 la dynamique des conflits locaux. En r\u00e9action, certaines populations locales ont exig\u00e9 de savoir quels int\u00e9r\u00eats \u00e9taient prioritaires, tandis que certain\u00b7es observateur\u00b7rices ont dout\u00e9 que ces op\u00e9rations, telles qu&#8217;elles sont actuellement con\u00e7ues, aident r\u00e9ellement les personnes actives au niveau local et national \u00e0 g\u00e9rer leurs probl\u00e8mes de s\u00e9curit\u00e9.<\/p>\n\n\n\n<p>Pour r\u00e9pondre \u00e0 ces pr\u00e9occupations, Interpeace a mis en \u0153uvre une initiative de deux ans, intitul\u00e9e &#8220;Repenser la stabilit\u00e9&#8221;, en partenariat avec le Conseil atlantique et avec le soutien d&#8217;un certain nombre de partenaires strat\u00e9giques. \u00c0 travers une s\u00e9rie de dialogues locaux, nationaux et internationaux, de r\u00e9unions bilat\u00e9rales et de documents de recherche originaux, le programme a revisit\u00e9 et remis en question les normes conceptuelles et op\u00e9rationnelles qui sous-tendent les efforts de stabilisation, dans le but d&#8217;am\u00e9liorer l&#8217;efficacit\u00e9 des futures missions de promotion de la paix et de protection des communaut\u00e9s dans de tels contextes. <\/p>\n\n\n\n<p>\u00c0 la fin de l&#8217;ann\u00e9e 2022, deux documents ont \u00e9t\u00e9 publi\u00e9s qui exposent les d\u00e9fis pos\u00e9s par les efforts de stabilisation et formulent des recommandations pour les am\u00e9liorer.<\/p>\n\n\n\n<p><\/p>\n","protected":false},"excerpt":{"rendered":"<p>Au cours des 20 derni\u00e8res ann\u00e9es, les missions internationales de stabilisation sont devenues un \u00e9l\u00e9ment majeur des interventions internationales dans les zones de conflit. Mandat\u00e9es pour am\u00e9liorer la stabilit\u00e9 et la paix des communaut\u00e9s en proie \u00e0 un conflit arm\u00e9, elles ont pour objectif d\u00e9clar\u00e9 de r\u00e9duire la violence et de jeter les bases d&#8217;une <a href=\"https:\/\/koff.swisspeace.ch\/apropos\/1423\/nouvelle-publication-rethinking-stability-key-findings-and-actionable-recommendations\/\" class=\"more-link\">&#8230;<span class=\"screen-reader-text\">  Nouvelle publication \u2013 &#8220;Rethinking Stability : Key Findings and Actionable Recommendations&#8221;<\/span><\/a><\/p>\n","protected":false},"author":3,"featured_media":1417,"comment_status":"open","ping_status":"open","sticky":false,"template":"","format":"standard","meta":{"advgb_blocks_editor_width":"","advgb_blocks_columns_visual_guide":""},"categories":[99],"tags":[],"issue":[165],"acf":[],"author_meta":{"display_name":"\u00e0 propos","author_link":"https:\/\/koff.swisspeace.ch\/apropos\/author\/apropos\/"},"featured_img":"https:\/\/koff.swisspeace.ch\/apropos\/wp-content\/uploads\/2023\/04\/WBNewsInterpeace180-600x332.png","coauthors":[],"tax_additional":{"categories":{"linked":["<a href=\"https:\/\/koff.swisspeace.ch\/apropos\/category\/news-fr\/\" class=\"advgb-post-tax-term\">Actualit\u00e9<\/a>"],"unlinked":["<span class=\"advgb-post-tax-term\">Actualit\u00e9<\/span>"]}},"comment_count":0,"relative_dates":{"created":"Posted 3 years ago","modified":"Updated 3 years ago"},"absolute_dates":{"created":"Posted on April 14, 2023","modified":"Updated on April 14, 2023"},"absolute_dates_time":{"created":"Posted on April 14, 2023 11:38 am","modified":"Updated on April 14, 2023 12:10 pm"},"featured_img_caption":"","series_order":null,"_links":{"self":[{"href":"https:\/\/koff.swisspeace.ch\/apropos\/wp-json\/wp\/v2\/posts\/1423"}],"collection":[{"href":"https:\/\/koff.swisspeace.ch\/apropos\/wp-json\/wp\/v2\/posts"}],"about":[{"href":"https:\/\/koff.swisspeace.ch\/apropos\/wp-json\/wp\/v2\/types\/post"}],"author":[{"embeddable":true,"href":"https:\/\/koff.swisspeace.ch\/apropos\/wp-json\/wp\/v2\/users\/3"}],"replies":[{"embeddable":true,"href":"https:\/\/koff.swisspeace.ch\/apropos\/wp-json\/wp\/v2\/comments?post=1423"}],"version-history":[{"count":6,"href":"https:\/\/koff.swisspeace.ch\/apropos\/wp-json\/wp\/v2\/posts\/1423\/revisions"}],"predecessor-version":[{"id":1574,"href":"https:\/\/koff.swisspeace.ch\/apropos\/wp-json\/wp\/v2\/posts\/1423\/revisions\/1574"}],"wp:featuredmedia":[{"embeddable":true,"href":"https:\/\/koff.swisspeace.ch\/apropos\/wp-json\/wp\/v2\/media\/1417"}],"wp:attachment":[{"href":"https:\/\/koff.swisspeace.ch\/apropos\/wp-json\/wp\/v2\/media?parent=1423"}],"wp:term":[{"taxonomy":"category","embeddable":true,"href":"https:\/\/koff.swisspeace.ch\/apropos\/wp-json\/wp\/v2\/categories?post=1423"},{"taxonomy":"post_tag","embeddable":true,"href":"https:\/\/koff.swisspeace.ch\/apropos\/wp-json\/wp\/v2\/tags?post=1423"},{"taxonomy":"issue","embeddable":true,"href":"https:\/\/koff.swisspeace.ch\/apropos\/wp-json\/wp\/v2\/issue?post=1423"}],"curies":[{"name":"wp","href":"https:\/\/api.w.org\/{rel}","templated":true}]}}