{"id":1433,"date":"2023-04-13T11:41:03","date_gmt":"2023-04-13T11:41:03","guid":{"rendered":"https:\/\/koff.swisspeace.ch\/apropos\/?p=1433"},"modified":"2023-04-13T11:41:04","modified_gmt":"2023-04-13T11:41:04","slug":"das-forum-fur-friedenskultur-erhalt-den-friedensstab-fur-die-6-friedenskonferenz","status":"publish","type":"post","link":"https:\/\/koff.swisspeace.ch\/apropos\/1433\/das-forum-fur-friedenskultur-erhalt-den-friedensstab-fur-die-6-friedenskonferenz\/","title":{"rendered":"Das Forum f\u00fcr Friedenskultur erh\u00e4lt den Friedensstab f\u00fcr die 6. Friedenskonferenz"},"content":{"rendered":"\n<p><\/p>\n\n\n\n<p>Die Organisation dieser Friedenskonferenz beginnt mit einer Stab\u00fcbergabe. &nbsp;Susanne Morger (Gesch\u00e4ftsf\u00fchrerin des Forums f\u00fcr Friedenskultur) erhielt von Anna Leissing (Gesch\u00e4ftsleiterin der Plattform f\u00fcr Friedensf\u00f6rderung KOFF) den Friedensstab f\u00fcr die n\u00e4chste Friedenskonferenz am 8.-9. August in Ilanz. Jedes Jahr legen die letzten Organisator:innen die Verantwortung f\u00fcr die n\u00e4chste Friedenskonferenz mit dieser symbolischen Geste in neue H\u00e4nde. Das Forum f\u00fcr Friedenskultur bedankt sich f\u00fcr das Vertrauen und freut sich sehr die 6. Friedenskonferenz ausrichten zu d\u00fcrfen.<\/p>\n","protected":false},"excerpt":{"rendered":"<p>Die Organisation dieser Friedenskonferenz beginnt mit einer Stab\u00fcbergabe. &nbsp;Susanne Morger (Gesch\u00e4ftsf\u00fchrerin des Forums f\u00fcr Friedenskultur) erhielt von Anna Leissing (Gesch\u00e4ftsleiterin der Plattform f\u00fcr Friedensf\u00f6rderung KOFF) den Friedensstab f\u00fcr die n\u00e4chste Friedenskonferenz am 8.-9. August in Ilanz. Jedes Jahr legen die letzten Organisator:innen die Verantwortung f\u00fcr die n\u00e4chste Friedenskonferenz mit dieser symbolischen Geste in neue H\u00e4nde. <a href=\"https:\/\/koff.swisspeace.ch\/apropos\/1433\/das-forum-fur-friedenskultur-erhalt-den-friedensstab-fur-die-6-friedenskonferenz\/\" class=\"more-link\">&#8230;<span class=\"screen-reader-text\">  Das Forum f\u00fcr Friedenskultur erh\u00e4lt den Friedensstab f\u00fcr die 6. Friedenskonferenz<\/span><\/a><\/p>\n","protected":false},"author":3,"featured_media":1429,"comment_status":"open","ping_status":"open","sticky":false,"template":"","format":"standard","meta":{"advgb_blocks_editor_width":"","advgb_blocks_columns_visual_guide":""},"categories":[71],"tags":[],"issue":[163],"acf":[],"author_meta":{"display_name":"\u00e0 propos","author_link":"https:\/\/koff.swisspeace.ch\/apropos\/author\/apropos\/"},"featured_img":"https:\/\/koff.swisspeace.ch\/apropos\/wp-content\/uploads\/2023\/04\/WB180Friedensstab-600x331.png","coauthors":[],"tax_additional":{"categories":{"linked":["<a href=\"https:\/\/koff.swisspeace.ch\/apropos\/category\/news-de\/\" class=\"advgb-post-tax-term\">Aktuell<\/a>"],"unlinked":["<span class=\"advgb-post-tax-term\">Aktuell<\/span>"]}},"comment_count":0,"relative_dates":{"created":"Posted 3 years ago","modified":"Updated 3 years ago"},"absolute_dates":{"created":"Posted on April 13, 2023","modified":"Updated on April 13, 2023"},"absolute_dates_time":{"created":"Posted on April 13, 2023 11:41 am","modified":"Updated on April 13, 2023 11:41 am"},"featured_img_caption":"","series_order":null,"_links":{"self":[{"href":"https:\/\/koff.swisspeace.ch\/apropos\/wp-json\/wp\/v2\/posts\/1433"}],"collection":[{"href":"https:\/\/koff.swisspeace.ch\/apropos\/wp-json\/wp\/v2\/posts"}],"about":[{"href":"https:\/\/koff.swisspeace.ch\/apropos\/wp-json\/wp\/v2\/types\/post"}],"author":[{"embeddable":true,"href":"https:\/\/koff.swisspeace.ch\/apropos\/wp-json\/wp\/v2\/users\/3"}],"replies":[{"embeddable":true,"href":"https:\/\/koff.swisspeace.ch\/apropos\/wp-json\/wp\/v2\/comments?post=1433"}],"version-history":[{"count":10,"href":"https:\/\/koff.swisspeace.ch\/apropos\/wp-json\/wp\/v2\/posts\/1433\/revisions"}],"predecessor-version":[{"id":1477,"href":"https:\/\/koff.swisspeace.ch\/apropos\/wp-json\/wp\/v2\/posts\/1433\/revisions\/1477"}],"wp:featuredmedia":[{"embeddable":true,"href":"https:\/\/koff.swisspeace.ch\/apropos\/wp-json\/wp\/v2\/media\/1429"}],"wp:attachment":[{"href":"https:\/\/koff.swisspeace.ch\/apropos\/wp-json\/wp\/v2\/media?parent=1433"}],"wp:term":[{"taxonomy":"category","embeddable":true,"href":"https:\/\/koff.swisspeace.ch\/apropos\/wp-json\/wp\/v2\/categories?post=1433"},{"taxonomy":"post_tag","embeddable":true,"href":"https:\/\/koff.swisspeace.ch\/apropos\/wp-json\/wp\/v2\/tags?post=1433"},{"taxonomy":"issue","embeddable":true,"href":"https:\/\/koff.swisspeace.ch\/apropos\/wp-json\/wp\/v2\/issue?post=1433"}],"curies":[{"name":"wp","href":"https:\/\/api.w.org\/{rel}","templated":true}]}}