{"id":1440,"date":"2023-04-14T11:34:59","date_gmt":"2023-04-14T11:34:59","guid":{"rendered":"https:\/\/koff.swisspeace.ch\/apropos\/?p=1440"},"modified":"2023-04-14T11:34:59","modified_gmt":"2023-04-14T11:34:59","slug":"le-forum-fur-friedenskultur-recoit-le-baton-de-la-paix-pour-la-6e-conference-sur-la-paix","status":"publish","type":"post","link":"https:\/\/koff.swisspeace.ch\/apropos\/1440\/le-forum-fur-friedenskultur-recoit-le-baton-de-la-paix-pour-la-6e-conference-sur-la-paix\/","title":{"rendered":"Le Forum f\u00fcr Friedenskultur re\u00e7oit le b\u00e2ton de la paix pour la 6e Conf\u00e9rence sur la paix"},"content":{"rendered":"\n<p><\/p>\n\n\n\n<p>Susanne Morger (directrice du Forum f\u00fcr Friedenskultur) a re\u00e7u d&#8217;Anna Leissing (directrice de la Plateforme pour la promotion de la paix KOFF) le b\u00e2ton de la paix pour la prochaine conf\u00e9rence sur la paix, qui se tiendra les 8 et 9 ao\u00fbt \u00e0 Ilanz. Chaque ann\u00e9e, les derniers organisateurs et organisatrices remettent la responsabilit\u00e9 de la prochaine conf\u00e9rence sur la paix entre de nouvelles mains par ce geste symbolique. Les membres de Forum f\u00fcr Friedenskultur se r\u00e9jouissent et expriment leur gratitude au vu de la confiance qu&#8217;on leur accorde pour l&#8217;organisation de cet \u00e9v\u00e9nement.<\/p>\n","protected":false},"excerpt":{"rendered":"<p>Susanne Morger (directrice du Forum f\u00fcr Friedenskultur) a re\u00e7u d&#8217;Anna Leissing (directrice de la Plateforme pour la promotion de la paix KOFF) le b\u00e2ton de la paix pour la prochaine conf\u00e9rence sur la paix, qui se tiendra les 8 et 9 ao\u00fbt \u00e0 Ilanz. Chaque ann\u00e9e, les derniers organisateurs et organisatrices remettent la responsabilit\u00e9 de <a href=\"https:\/\/koff.swisspeace.ch\/apropos\/1440\/le-forum-fur-friedenskultur-recoit-le-baton-de-la-paix-pour-la-6e-conference-sur-la-paix\/\" class=\"more-link\">&#8230;<span class=\"screen-reader-text\">  Le Forum f\u00fcr Friedenskultur re\u00e7oit le b\u00e2ton de la paix pour la 6e Conf\u00e9rence sur la paix<\/span><\/a><\/p>\n","protected":false},"author":3,"featured_media":1429,"comment_status":"open","ping_status":"open","sticky":false,"template":"","format":"standard","meta":{"advgb_blocks_editor_width":"","advgb_blocks_columns_visual_guide":""},"categories":[99],"tags":[],"issue":[165],"acf":[],"author_meta":{"display_name":"\u00e0 propos","author_link":"https:\/\/koff.swisspeace.ch\/apropos\/author\/apropos\/"},"featured_img":"https:\/\/koff.swisspeace.ch\/apropos\/wp-content\/uploads\/2023\/04\/WB180Friedensstab-600x331.png","coauthors":[],"tax_additional":{"categories":{"linked":["<a href=\"https:\/\/koff.swisspeace.ch\/apropos\/category\/news-fr\/\" class=\"advgb-post-tax-term\">Actualit\u00e9<\/a>"],"unlinked":["<span class=\"advgb-post-tax-term\">Actualit\u00e9<\/span>"]}},"comment_count":0,"relative_dates":{"created":"Posted 3 years ago","modified":"Updated 3 years ago"},"absolute_dates":{"created":"Posted on April 14, 2023","modified":"Updated on April 14, 2023"},"absolute_dates_time":{"created":"Posted on April 14, 2023 11:34 am","modified":"Updated on April 14, 2023 11:34 am"},"featured_img_caption":"","series_order":null,"_links":{"self":[{"href":"https:\/\/koff.swisspeace.ch\/apropos\/wp-json\/wp\/v2\/posts\/1440"}],"collection":[{"href":"https:\/\/koff.swisspeace.ch\/apropos\/wp-json\/wp\/v2\/posts"}],"about":[{"href":"https:\/\/koff.swisspeace.ch\/apropos\/wp-json\/wp\/v2\/types\/post"}],"author":[{"embeddable":true,"href":"https:\/\/koff.swisspeace.ch\/apropos\/wp-json\/wp\/v2\/users\/3"}],"replies":[{"embeddable":true,"href":"https:\/\/koff.swisspeace.ch\/apropos\/wp-json\/wp\/v2\/comments?post=1440"}],"version-history":[{"count":5,"href":"https:\/\/koff.swisspeace.ch\/apropos\/wp-json\/wp\/v2\/posts\/1440\/revisions"}],"predecessor-version":[{"id":1555,"href":"https:\/\/koff.swisspeace.ch\/apropos\/wp-json\/wp\/v2\/posts\/1440\/revisions\/1555"}],"wp:featuredmedia":[{"embeddable":true,"href":"https:\/\/koff.swisspeace.ch\/apropos\/wp-json\/wp\/v2\/media\/1429"}],"wp:attachment":[{"href":"https:\/\/koff.swisspeace.ch\/apropos\/wp-json\/wp\/v2\/media?parent=1440"}],"wp:term":[{"taxonomy":"category","embeddable":true,"href":"https:\/\/koff.swisspeace.ch\/apropos\/wp-json\/wp\/v2\/categories?post=1440"},{"taxonomy":"post_tag","embeddable":true,"href":"https:\/\/koff.swisspeace.ch\/apropos\/wp-json\/wp\/v2\/tags?post=1440"},{"taxonomy":"issue","embeddable":true,"href":"https:\/\/koff.swisspeace.ch\/apropos\/wp-json\/wp\/v2\/issue?post=1440"}],"curies":[{"name":"wp","href":"https:\/\/api.w.org\/{rel}","templated":true}]}}