{"id":1464,"date":"2023-04-13T11:37:12","date_gmt":"2023-04-13T11:37:12","guid":{"rendered":"https:\/\/koff.swisspeace.ch\/apropos\/?p=1464"},"modified":"2023-04-13T11:37:13","modified_gmt":"2023-04-13T11:37:13","slug":"events-2","status":"publish","type":"post","link":"https:\/\/koff.swisspeace.ch\/apropos\/1464\/events-2\/","title":{"rendered":"Events"},"content":{"rendered":"\n<h2 class=\"wp-block-heading\">TOUR DE LORRAINE<\/h2>\n\n\n\n<p><tcxspan tcxhref=\"tel:2029042023\" title=\"Call   20.-29.04.2023, with 3CX Click to Call\"> <\/tcxspan><strong><tcxspan tcxhref=\"tel:2029042023\" title=\"Call   20.-29.04.2023, with 3CX Click to Call\">20.-29.04.2023,<\/tcxspan> Bern <\/strong>     <\/p>\n\n\n\n<p>Dieses Jahr widmet sich die Tour de Lorraine dem Themenkomplex Frieden und Krieg, Gewalt und Gewaltlosigkeit, Sicherheit und Solidarit\u00e4t. Die Schweizer Plattform f\u00fcr Friedensf\u00f6rderung KOFF ist aktiv beteiligt und organisiert unterschiedliche Veranstaltungen. Wir freuen uns, dass so viele KOFF Mitgliedsorganisationen Veranstaltungen organisieren und laden herzlich dazu ein an der Tour de Lorraine teilzunehmen!<\/p>\n\n\n\n<p><\/p>\n\n\n\n<ul>\n<li>21.04., 20-21 Uhr, Politesse Publique &amp; KOFF:  UNSCR 2049 \u2013 ein spekulatives Szenario zuk\u00fcnftiger Friedenspolitik<\/li>\n\n\n\n<li>22.04., 11-12:30 Uhr, GSoA: Die doppelte Aufr\u00fcstung \u2013 was dagegen tun?<\/li>\n\n\n\n<li>22.04., 11-12:30 Uhr, cfd: Die menschliche Sicherheit in Care-Berufen ins Zentrum r\u00fccken!<\/li>\n\n\n\n<li>22.04., 11-12:30 Uhr, PBI: Journalismus in Guatemala: ein gef\u00e4hrliches Unterfangen<\/li>\n\n\n\n<li>22.04., 13:30-15:00 Uhr, Peace Watch Switzerland: Menschenrechtsbeobachtung und -begleitung in Pal\u00e4stina\/Israel: Auswirkungen und Grenzen<\/li>\n\n\n\n<li>22.04., 13:30-15:00 Uhr, GSoA: Die Militarisierung der Frauen<\/li>\n\n\n\n<li>22.04., 16:00-17:30 Uhr, terre des hommes schweiz: Sticken gegen Gewalt<\/li>\n\n\n\n<li>22.05., 16:00-17:30 Uhr, PWAG: Feministische Friedensarbeit durch Storytelling erfahren<\/li>\n<\/ul>\n\n\n\n<p>Weitere Informationen zu den Veranstaltungen <a rel=\"noreferrer noopener\" href=\"https:\/\/www.tourdelorraine.ch\/tour-de-lorraine-2023\/\" target=\"_blank\">hier<\/a>. <\/p>\n\n\n\n<p><\/p>\n\n\n\n<p><\/p>\n\n\n\n<h2 class=\"wp-block-heading\">Frauenrechte und geschlechtsspezifische Gewalt: Die noch zu f\u00fchrenden K\u00e4mpfe im globalen Norden und S\u00fcden<\/h2>\n\n\n\n<p><strong>27.04.2023, 19:30 Uhr in Neuch\u00e2tel Hub<\/strong> (<strong>Eirene Suisse<\/strong>)<\/p>\n\n\n\n<p>Im Neuch\u00e2tel Hub wird zum 60. Jubil\u00e4um von Eirene Suisse ein Roundtable stattfinden, um Ideen wie geschlechtsspezifische Gewalt verringert werden kann zwischen Expert:innen auszutauschen<\/p>\n\n\n\n<p>Redner:innen:<\/p>\n\n\n\n<ul>\n<li>Mich\u00e8le Michaud, Eirene Suisse Freiwillige seit drei Jahren beim Mary Barreda Verein in Nicaragua;<\/li>\n\n\n\n<li>Karla Laguna, Juristin, spezialisiert auf Frauenrechte in Nicaragua;<\/li>\n\n\n\n<li>Gr\u00e9gory Jaquet, ehemaliger Freiwilliger von Eirene Suisse, der zu geschlechtsspezifischer Gewalt arbeitet und den Dienst f\u00fcr multikulturellen Zusammenhalt in Neuch\u00e2tel leitet;<\/li>\n\n\n\n<li>Martine Docourt, Nationalr\u00e4tin und Co-Pr\u00e4sidentin der Sozialistischen Frauen Schweiz;<\/li>\n\n\n\n<li>Morgan L\u00e9chot, Stellvertretender Generalsekret\u00e4r von Latitude 21 &#8211; Entwicklungszusammenarbeit von Neuch\u00e2tel.<\/li>\n<\/ul>\n\n\n\n<p>Eirene Suisse hofft viele von euch dort zu sehen!<\/p>\n\n\n\n<p><\/p>\n\n\n\n<h2 class=\"wp-block-heading\">Vollversammlung GSoA<\/h2>\n\n\n\n<p><strong>14.05.2023<\/strong>, <strong>Restaurant Kreuz in Solothurn<\/strong><\/p>\n\n\n\n<p>Am 14. Mai findet die 42. Vollversammlung der GSoA statt. Wie \u00fcblich wird diese im Gr\u00fcndungsort der GSoA, dem Restaurant Kreuz in Solothurn, abgehalten. Anschliessend an die Vollversammlung werden wir noch auf den 40. Geburtstag unserer Organisation anstossen und feiern! Bleibe auf dem Laufenden, indem du unseren Newsletter abonnierst: www.gsoa.ch\/publikationen<\/p>\n\n\n\n<p><\/p>\n\n\n\n<h2 class=\"wp-block-heading\">Jahresversammlung Frauen f\u00fcr den Frieden<\/h2>\n\n\n\n<p><strong>19.05.2023, 10.00-16.00 Uhr, Saal des Hauses der Begegnung, Mittelstrasse 6a, Bern (Katholische Kirche Bern)<\/strong><\/p>\n\n\n\n<p>Frauen f\u00fcr den Frieden laden zu ihrer Jahresversammlung ein. Am Nachmittag stellt Stefan Manser Egli die Einb\u00fcrgerungsinitiative &#8220;Vierviertel&#8221; vor, die f\u00fcr ein Grundrecht auf Einb\u00fcrgerung k\u00e4mpft.\u00a0 Anschliessend wird es eine Diskussion geben.<\/p>\n\n\n\n<p><a href=\"https:\/\/www.frauenfuerdenfrieden.ch\/agenda.htm\" target=\"_blank\" rel=\"noreferrer noopener\">Mehr Informationen<\/a><\/p>\n\n\n\n<p><\/p>\n","protected":false},"excerpt":{"rendered":"<p>TOUR DE LORRAINE 20.-29.04.2023, Bern Dieses Jahr widmet sich die Tour de Lorraine dem Themenkomplex Frieden und Krieg, Gewalt und Gewaltlosigkeit, Sicherheit und Solidarit\u00e4t. Die Schweizer Plattform f\u00fcr Friedensf\u00f6rderung KOFF ist aktiv beteiligt und organisiert unterschiedliche Veranstaltungen. Wir freuen uns, dass so viele KOFF Mitgliedsorganisationen Veranstaltungen organisieren und laden herzlich dazu ein an der Tour <a href=\"https:\/\/koff.swisspeace.ch\/apropos\/1464\/events-2\/\" class=\"more-link\">&#8230;<span class=\"screen-reader-text\">  Events<\/span><\/a><\/p>\n","protected":false},"author":3,"featured_media":392,"comment_status":"open","ping_status":"open","sticky":false,"template":"","format":"standard","meta":{"advgb_blocks_editor_width":"","advgb_blocks_columns_visual_guide":""},"categories":[93],"tags":[],"issue":[163],"acf":[],"author_meta":{"display_name":"\u00e0 propos","author_link":"https:\/\/koff.swisspeace.ch\/apropos\/author\/apropos\/"},"featured_img":"https:\/\/koff.swisspeace.ch\/apropos\/wp-content\/uploads\/2023\/01\/Bildschirmfoto-2023-01-03-um-11.57.47-e1672743726765-300x200.png","coauthors":[],"tax_additional":{"categories":{"linked":["<a href=\"https:\/\/koff.swisspeace.ch\/apropos\/category\/calendar-de\/\" class=\"advgb-post-tax-term\">Kalender<\/a>"],"unlinked":["<span class=\"advgb-post-tax-term\">Kalender<\/span>"]}},"comment_count":0,"relative_dates":{"created":"Posted 3 years ago","modified":"Updated 3 years ago"},"absolute_dates":{"created":"Posted on April 13, 2023","modified":"Updated on April 13, 2023"},"absolute_dates_time":{"created":"Posted on April 13, 2023 11:37 am","modified":"Updated on April 13, 2023 11:37 am"},"featured_img_caption":"","series_order":null,"_links":{"self":[{"href":"https:\/\/koff.swisspeace.ch\/apropos\/wp-json\/wp\/v2\/posts\/1464"}],"collection":[{"href":"https:\/\/koff.swisspeace.ch\/apropos\/wp-json\/wp\/v2\/posts"}],"about":[{"href":"https:\/\/koff.swisspeace.ch\/apropos\/wp-json\/wp\/v2\/types\/post"}],"author":[{"embeddable":true,"href":"https:\/\/koff.swisspeace.ch\/apropos\/wp-json\/wp\/v2\/users\/3"}],"replies":[{"embeddable":true,"href":"https:\/\/koff.swisspeace.ch\/apropos\/wp-json\/wp\/v2\/comments?post=1464"}],"version-history":[{"count":3,"href":"https:\/\/koff.swisspeace.ch\/apropos\/wp-json\/wp\/v2\/posts\/1464\/revisions"}],"predecessor-version":[{"id":1474,"href":"https:\/\/koff.swisspeace.ch\/apropos\/wp-json\/wp\/v2\/posts\/1464\/revisions\/1474"}],"wp:featuredmedia":[{"embeddable":true,"href":"https:\/\/koff.swisspeace.ch\/apropos\/wp-json\/wp\/v2\/media\/392"}],"wp:attachment":[{"href":"https:\/\/koff.swisspeace.ch\/apropos\/wp-json\/wp\/v2\/media?parent=1464"}],"wp:term":[{"taxonomy":"category","embeddable":true,"href":"https:\/\/koff.swisspeace.ch\/apropos\/wp-json\/wp\/v2\/categories?post=1464"},{"taxonomy":"post_tag","embeddable":true,"href":"https:\/\/koff.swisspeace.ch\/apropos\/wp-json\/wp\/v2\/tags?post=1464"},{"taxonomy":"issue","embeddable":true,"href":"https:\/\/koff.swisspeace.ch\/apropos\/wp-json\/wp\/v2\/issue?post=1464"}],"curies":[{"name":"wp","href":"https:\/\/api.w.org\/{rel}","templated":true}]}}