{"id":1469,"date":"2023-04-14T11:55:15","date_gmt":"2023-04-14T11:55:15","guid":{"rendered":"https:\/\/koff.swisspeace.ch\/apropos\/?p=1469"},"modified":"2023-04-14T11:56:04","modified_gmt":"2023-04-14T11:56:04","slug":"evenements-2","status":"publish","type":"post","link":"https:\/\/koff.swisspeace.ch\/apropos\/1469\/evenements-2\/","title":{"rendered":"\u00c9v\u00e9nements"},"content":{"rendered":"\n<h2 class=\"wp-block-heading\">TOUR DE LORRAINE<\/h2>\n\n\n\n<p><strong>20-29.04.2023, Berne\u00a0<\/strong>\u00a0\u00a0\u00a0\u00a0\u00a0\u00a0 <\/p>\n\n\n\n<p>Cette ann\u00e9e, le Tour de Lorraine est consacr\u00e9 aux th\u00e8mes complexes de la paix et de la guerre, de la violence et de la non-violence, de la s\u00e9curit\u00e9 et de la solidarit\u00e9. La Plateforme suisse pour la promotion de la paix KOFF y participe activement et organise diff\u00e9rents \u00e9v\u00e9nements. Nous nous r\u00e9jouissons que de nombreuses organisations membres de KOFF face partie de l\u2019organisation et invitons cordialement les autres \u00e0 participer aux diff\u00e9rents \u00e9v\u00e9nements du Tour de Lorraine !<\/p>\n\n\n\n<p>Aper\u00e7u des \u00e9v\u00e9nements des organisations membres de KOFF au Tour de Lorraine :<\/p>\n\n\n\n<p><\/p>\n\n\n\n<ul>\n<li><strong>21.04, 20:00-21:00, Politesse Publique &amp; KOFF<\/strong>: UNSCR 2049 \u2013 \u00abein spekulatives Szenario zuk\u00fcnftiger Friedenspolitik\u00bb<\/li>\n\n\n\n<li><strong>22.04, 11-12:30, GSoA:<\/strong> \u00abDie doppelte Aufr\u00fcstung \u2013 was dagegen tun?\u00bb<\/li>\n\n\n\n<li><strong>22.04, 11-12:30, cfd<\/strong>: \u00abDie menschliche Sicherheit in Care-Berufen ins Zentrum r\u00fccken!\u00bb<\/li>\n\n\n\n<li><strong>22.04, 11-12:30, PBI<\/strong>: \u00abJournalismus in Guatemala: ein gef\u00e4hrliches Unterfangen\u00bb<\/li>\n\n\n\n<li><strong>22.04, 13:30-15:00, Peace Watch Switzerland<\/strong>: \u00abMenschenrechtsbeobachtung und -begleitung in Pal\u00e4stina\/Israel: Auswirkungen und Grenzen\u00bb<\/li>\n\n\n\n<li><strong>22.04, 13:30-15:00, GSoA<\/strong>: \u00abDie Militarisierung der Frauen\u00bb<\/li>\n\n\n\n<li><strong>22.04, 16:00-17:30, tdh Schweiz<\/strong>: \u00abSticken gegen Gewalt\u00bb<\/li>\n\n\n\n<li><strong>22.04, 16:00-17:30, PWAG<\/strong>: \u00abFeministische Friedensarbeit durch Storytelling erfahren\u00bb<\/li>\n<\/ul>\n\n\n\n<p><\/p>\n\n\n\n<p><a href=\"https:\/\/www.tourdelorraine.ch\/tour-de-lorraine-2023\/\" target=\"_blank\" rel=\"noreferrer noopener\">Plus d\u2019informations<\/a> <\/p>\n\n\n\n<p><\/p>\n\n\n\n<h2 class=\"wp-block-heading\">Droits des femmes et violences bas\u00e9es sur le genre: Les combats qui restent \u00e0 mener, au Sud comme au Nord<\/h2>\n\n\n\n<p><strong>27.04, 19:30 au Hub \u00e0 Neuch\u00e2tel (Eirene Suisse)<\/strong><\/p>\n\n\n\n<p>Une table ronde sera organis\u00e9e pour les 60 ans d\u2019engagement d\u2019Eirene Suisse afin d&#8217;\u00e9changer entre professionnel\u00b7les sur les moyens \u00e0 mettre en place pour r\u00e9duire les violences bas\u00e9es sur le genre.<\/p>\n\n\n\n<p><strong>Intervenant\u00b7es :<\/strong><\/p>\n\n\n\n<ul>\n<li>Mich\u00e8le Michaud, volontaire d\u2019Eirene Suisse pendant 3 ans aupr\u00e8s de l\u2019association Mary Barreda au Nicaragua;<\/li>\n\n\n\n<li>Karla Laguna, avocate sp\u00e9cialis\u00e9e dans les droits des femmes au Nicaragua;<\/li>\n\n\n\n<li>Gr\u00e9gory Jaquet, ancien volontaire d\u2019Eirene Suisse travaillant sur les violences de genre et chef du Service de la coh\u00e9sion multiculturelle \u00e0 Neuch\u00e2tel;<\/li>\n\n\n\n<li>Martine Docourt, conseill\u00e8re nationale et co-pr\u00e9sidente des Femmes socialistes suisses;<\/li>\n\n\n\n<li>Morgan L\u00e9chot, secr\u00e9taire g\u00e9n\u00e9ral adjoint de Latitude 21 \u2013 Coop\u00e9ration au d\u00e9veloppement neuch\u00e2teloise.<\/li>\n<\/ul>\n\n\n\n<p>Eirene Suisse esp\u00e8re vous y voir nombreux\u00b7ses !<\/p>\n\n\n\n<p><\/p>\n\n\n\n<h2 class=\"wp-block-heading\">Assembl\u00e9e g\u00e9n\u00e9rale du GSsA<\/h2>\n\n\n\n<p><strong>14.05.2023<\/strong><\/p>\n\n\n\n<p>La 42e assembl\u00e9e g\u00e9n\u00e9rale du GSsA se tiendra comme d&#8217;habitude \u00e0 l&#8217;endroit o\u00f9 l&#8217;association a \u00e9t\u00e9 fond\u00e9e, au restaurant Kreuz \u00e0 Soleure. A l&#8217;issue de l&#8217;assembl\u00e9e, un toast sera port\u00e9 \u00e0 l\u2019occasion du 40\u00e8me anniversaire de l&#8217;organisation! Restez au courant en vous abonnant \u00e0 la <a rel=\"noreferrer noopener\" href=\"http:\/\/www.ostermarschbern.ch\" target=\"_blank\">newsletter du GSsA<\/a>. <\/p>\n\n\n\n<p><\/p>\n\n\n\n<h2 class=\"wp-block-heading\"><strong>Assembl\u00e9e annuelle de Femmes* pour la paix<\/strong><\/h2>\n\n\n\n<p>19.05.2023, 10.00-16.00 \u00e0 Saal des Hauses der Begegnung, Mittelstrasse 6a, Bern (Katholische Kirche Bern)<\/p>\n\n\n\n<p>Femmes* pour la Paix vous invite \u00e0 son assembl\u00e9e annuelle. L&#8217;apr\u00e8s-midi, Stefan Manser Egli pr\u00e9sentera et discutera de l&#8217;initiative de naturalisation &#8220;Quatre quarts&#8221;, qui lutte pour un droit fondamental \u00e0 la naturalisation.&nbsp;<\/p>\n\n\n\n<p><a href=\"https:\/\/www.frauenfuerdenfrieden.ch\/agenda.htm\" target=\"_blank\" rel=\"noreferrer noopener\">Plus d\u2018informations<\/a><\/p>\n","protected":false},"excerpt":{"rendered":"<p>TOUR DE LORRAINE 20-29.04.2023, Berne\u00a0\u00a0\u00a0\u00a0\u00a0\u00a0\u00a0 Cette ann\u00e9e, le Tour de Lorraine est consacr\u00e9 aux th\u00e8mes complexes de la paix et de la guerre, de la violence et de la non-violence, de la s\u00e9curit\u00e9 et de la solidarit\u00e9. La Plateforme suisse pour la promotion de la paix KOFF y participe activement et organise diff\u00e9rents \u00e9v\u00e9nements. Nous <a href=\"https:\/\/koff.swisspeace.ch\/apropos\/1469\/evenements-2\/\" class=\"more-link\">&#8230;<span class=\"screen-reader-text\">  \u00c9v\u00e9nements<\/span><\/a><\/p>\n","protected":false},"author":3,"featured_media":392,"comment_status":"open","ping_status":"open","sticky":false,"template":"","format":"standard","meta":{"advgb_blocks_editor_width":"","advgb_blocks_columns_visual_guide":""},"categories":[97],"tags":[],"issue":[165],"acf":[],"author_meta":{"display_name":"\u00e0 propos","author_link":"https:\/\/koff.swisspeace.ch\/apropos\/author\/apropos\/"},"featured_img":"https:\/\/koff.swisspeace.ch\/apropos\/wp-content\/uploads\/2023\/01\/Bildschirmfoto-2023-01-03-um-11.57.47-e1672743726765-300x200.png","coauthors":[],"tax_additional":{"categories":{"linked":["<a href=\"https:\/\/koff.swisspeace.ch\/apropos\/category\/calendar-fr\/\" class=\"advgb-post-tax-term\">Calendrier<\/a>"],"unlinked":["<span class=\"advgb-post-tax-term\">Calendrier<\/span>"]}},"comment_count":0,"relative_dates":{"created":"Posted 3 years ago","modified":"Updated 3 years ago"},"absolute_dates":{"created":"Posted on April 14, 2023","modified":"Updated on April 14, 2023"},"absolute_dates_time":{"created":"Posted on April 14, 2023 11:55 am","modified":"Updated on April 14, 2023 11:56 am"},"featured_img_caption":"","series_order":null,"_links":{"self":[{"href":"https:\/\/koff.swisspeace.ch\/apropos\/wp-json\/wp\/v2\/posts\/1469"}],"collection":[{"href":"https:\/\/koff.swisspeace.ch\/apropos\/wp-json\/wp\/v2\/posts"}],"about":[{"href":"https:\/\/koff.swisspeace.ch\/apropos\/wp-json\/wp\/v2\/types\/post"}],"author":[{"embeddable":true,"href":"https:\/\/koff.swisspeace.ch\/apropos\/wp-json\/wp\/v2\/users\/3"}],"replies":[{"embeddable":true,"href":"https:\/\/koff.swisspeace.ch\/apropos\/wp-json\/wp\/v2\/comments?post=1469"}],"version-history":[{"count":3,"href":"https:\/\/koff.swisspeace.ch\/apropos\/wp-json\/wp\/v2\/posts\/1469\/revisions"}],"predecessor-version":[{"id":1566,"href":"https:\/\/koff.swisspeace.ch\/apropos\/wp-json\/wp\/v2\/posts\/1469\/revisions\/1566"}],"wp:featuredmedia":[{"embeddable":true,"href":"https:\/\/koff.swisspeace.ch\/apropos\/wp-json\/wp\/v2\/media\/392"}],"wp:attachment":[{"href":"https:\/\/koff.swisspeace.ch\/apropos\/wp-json\/wp\/v2\/media?parent=1469"}],"wp:term":[{"taxonomy":"category","embeddable":true,"href":"https:\/\/koff.swisspeace.ch\/apropos\/wp-json\/wp\/v2\/categories?post=1469"},{"taxonomy":"post_tag","embeddable":true,"href":"https:\/\/koff.swisspeace.ch\/apropos\/wp-json\/wp\/v2\/tags?post=1469"},{"taxonomy":"issue","embeddable":true,"href":"https:\/\/koff.swisspeace.ch\/apropos\/wp-json\/wp\/v2\/issue?post=1469"}],"curies":[{"name":"wp","href":"https:\/\/api.w.org\/{rel}","templated":true}]}}