{"id":1492,"date":"2023-04-17T07:27:51","date_gmt":"2023-04-17T07:27:51","guid":{"rendered":"https:\/\/koff.swisspeace.ch\/apropos\/?p=1492"},"modified":"2024-06-27T12:04:06","modified_gmt":"2024-06-27T12:04:06","slug":"naturliche-ressourcen-frieden-und-konflikte","status":"publish","type":"post","link":"https:\/\/koff.swisspeace.ch\/apropos\/1492\/naturliche-ressourcen-frieden-und-konflikte\/","title":{"rendered":"Nat\u00fcrliche Ressourcen, Frieden und Konflikte"},"content":{"rendered":"\n<div class=\"wp-block-advgb-images-slider advgb-images-slider-block advg-images-slider-859606f3-722d-4afa-b10d-55f47b336193\"><div class=\"advgb-images-slider\" dir=\"ltr\"><div class=\"advgb-image-slider-item\"><img decoding=\"async\" src=\"https:\/\/koff.swisspeace.ch\/apropos\/wp-content\/uploads\/2023\/04\/Man-Picking-Yellow-Cocoa-Fruit-1.jpg\" class=\"advgb-image-slider-img\" alt=\"\" style=\"width:100%;height:auto\"\/><div class=\"advgb-image-slider-item-info\" style=\"justify-content:flex-end;align-items:center\"><a class=\"advgb-image-slider-overlay\" target=\"_blank\" rel=\"noopener noreferrer\" href=\"#\" style=\"opacity:0.5\"><\/a><\/div><\/div><div class=\"advgb-image-slider-item\"><img decoding=\"async\" src=\"https:\/\/koff.swisspeace.ch\/apropos\/wp-content\/uploads\/2023\/04\/WB180DCAF.jpg\" class=\"advgb-image-slider-img\" alt=\"Rohstoffsektor \u2013 die Wahrung von Sicherheit und Menschenrechten zugunsten von Frieden und Entwicklung\" style=\"width:100%;height:auto\"\/><div class=\"advgb-image-slider-item-info\" style=\"justify-content:flex-end;align-items:center\"><a class=\"advgb-image-slider-overlay\" target=\"_blank\" rel=\"noopener noreferrer\" href=\"https:\/\/koff.swisspeace.ch\/apropos\/1281\/rohstoffsektor-die-wahrung-von-sicherheit-und-menschenrechten-zugunsten-von-frieden-und-entwicklung\/?_thumbnail_id=1215\" style=\"opacity:0.5\"><\/a><h4 class=\"advgb-image-slider-title\">Rohstoffsektor \u2013 die Wahrung von Sicherheit und Menschenrechten zugunsten von Frieden und Entwicklung<\/h4><\/div><\/div><div class=\"advgb-image-slider-item\"><img decoding=\"async\" src=\"https:\/\/koff.swisspeace.ch\/apropos\/wp-content\/uploads\/2023\/04\/WB180tdh.jpg\" class=\"advgb-image-slider-img\" alt=\"Mosambik \u2013 Mitigation des Klimawandels um Konflikte vorzubeugen\" style=\"width:100%;height:auto\"\/><div class=\"advgb-image-slider-item-info\" style=\"justify-content:flex-end;align-items:center\"><a class=\"advgb-image-slider-overlay\" target=\"_blank\" rel=\"noopener noreferrer\" href=\"https:\/\/koff.swisspeace.ch\/apropos\/1260\/mosambik-mitigation-des-klimawandels-um-konflikte-vorzubeugen\/\" style=\"opacity:0.5\"><\/a><h4 class=\"advgb-image-slider-title\">Mosambik \u2013 Mitigation des Klimawandels um Konflikte vorzubeugen<\/h4><\/div><\/div><div class=\"advgb-image-slider-item\"><img decoding=\"async\" src=\"https:\/\/koff.swisspeace.ch\/apropos\/wp-content\/uploads\/2023\/04\/WB180Fastenaktion-1.jpg\" class=\"advgb-image-slider-img\" alt=\"Frauen und M\u00e4nner \u2013 zwei unterschiedliche Realit\u00e4ten angesichts der verheerenden Folgen des Bergbaus\" style=\"width:100%;height:auto\"\/><div class=\"advgb-image-slider-item-info\" style=\"justify-content:flex-end;align-items:center\"><a class=\"advgb-image-slider-overlay\" target=\"_blank\" rel=\"noopener noreferrer\" href=\"https:\/\/koff.swisspeace.ch\/apropos\/1255\/frauen-und-manner-zwei-unterschiedliche-realitaten-angesichts-der-verheerenden-folgen-des-bergbaus\/\" style=\"opacity:0.5\"><\/a><h4 class=\"advgb-image-slider-title\">Frauen und M\u00e4nner \u2013 zwei unterschiedliche Realit\u00e4ten angesichts der verheerenden Folgen des Bergbaus<\/h4><\/div><\/div><\/div><\/div>\n\n\n\n<p>Nat\u00fcrliche Ressourcen wie Land, Wasser, \u00d6l, Gas, Wald, und Vieh sind wertgesch\u00e4tzte Waren, die f\u00fcr das menschliche \u00dcberleben und Wohlbefinden essentiell sind. Sie repr\u00e4sentieren f\u00fcr viele Menschen ein Mittel zum Lebenserhalt, insbesondere im Globalen S\u00fcden, und sind global entscheidend f\u00fcr die Aufrechterhaltung von Wirtschaft und Gesellschaft.<\/p>\n\n\n\n<p>Jedoch werden diese Ressourcen durch Bev\u00f6lkerungswachstum, Industrialisierung und die globale Erw\u00e4rmung immer knapper. Dadurch wird der Kampf um sie immer intensiver und f\u00fchrt manchmal zu Konflikten \u00fcber ihre Kontrolle und Nutzung. Die Knappheit von nat\u00fcrlichen Ressourcen wird mit unterschiedlichen Konflikten in Verbindung gebracht, wie zum Beispiel B\u00fcrgerkriegen, zwischenstaatlichen Konflikten und lokaler Gewalt.&nbsp;<br><br>In diesem Kontext sprechen KOFF Mitglieder die indirekte Beziehung zwischen Ressourcenersch\u00f6pfung und gewaltvollen Konflikten an, und teilen ihre Sicht auf die diversen M\u00f6glichkeiten auf diese Art von Konflikten zu antworten. Sie erkunden verschiedene Ans\u00e4tze zur Bek\u00e4mpfung der Ursachen von Konflikten im Zusammenhang mit nat\u00fcrlichen Ressourcen &#8211; von der F\u00f6rderung eines verantwortungsvollen Handels im Rohstoffsektor \u00fcber die Unterst\u00fctzung von Projekten zur Eind\u00e4mmung des Klimawandels bis hin zur Konfliktsensibilit\u00e4t bei der \u00f6kologischen Friedensf\u00f6rderung und dem Schutz von Menschenrechtsverteidiger:innen im Umweltbereich.&nbsp;<\/p>\n\n\n\n<p>Ich w\u00fcnsche eine angenehme Lekt\u00fcre<\/p>\n\n\n\n<p>Redakteurin <a rel=\"noreferrer noopener\" href=\"https:\/\/koff.swisspeace.ch\/\" target=\"_blank\">KOFF<\/a> Magazin, Sanjally Jobarteh<\/p>\n","protected":false},"excerpt":{"rendered":"<p>Nat\u00fcrliche Ressourcen wie Land, Wasser, \u00d6l, Gas, Wald, und Vieh sind wertgesch\u00e4tzte Waren, die f\u00fcr das menschliche \u00dcberleben und Wohlbefinden essentiell sind. Sie repr\u00e4sentieren f\u00fcr viele Menschen ein Mittel zum Lebenserhalt, insbesondere im Globalen S\u00fcden, und sind global entscheidend f\u00fcr die Aufrechterhaltung von Wirtschaft und Gesellschaft. Jedoch werden diese Ressourcen durch Bev\u00f6lkerungswachstum, Industrialisierung und die <a href=\"https:\/\/koff.swisspeace.ch\/apropos\/1492\/naturliche-ressourcen-frieden-und-konflikte\/\" class=\"more-link\">&#8230;<span class=\"screen-reader-text\">  Nat\u00fcrliche Ressourcen, Frieden und Konflikte<\/span><\/a><\/p>\n","protected":false},"author":3,"featured_media":0,"comment_status":"open","ping_status":"open","sticky":false,"template":"","format":"standard","meta":{"advgb_blocks_editor_width":"","advgb_blocks_columns_visual_guide":""},"categories":[26],"tags":[],"issue":[163],"acf":[],"author_meta":{"display_name":"\u00e0 propos","author_link":"https:\/\/koff.swisspeace.ch\/apropos\/author\/apropos\/"},"featured_img":null,"coauthors":[],"tax_additional":{"categories":{"linked":["<a href=\"https:\/\/koff.swisspeace.ch\/apropos\/category\/editorial-de\/\" class=\"advgb-post-tax-term\">Editorial<\/a>"],"unlinked":["<span class=\"advgb-post-tax-term\">Editorial<\/span>"]}},"comment_count":0,"relative_dates":{"created":"Posted 3 years ago","modified":"Updated 2 years ago"},"absolute_dates":{"created":"Posted on April 17, 2023","modified":"Updated on June 27, 2024"},"absolute_dates_time":{"created":"Posted on April 17, 2023 7:27 am","modified":"Updated on June 27, 2024 12:04 pm"},"featured_img_caption":"","series_order":null,"_links":{"self":[{"href":"https:\/\/koff.swisspeace.ch\/apropos\/wp-json\/wp\/v2\/posts\/1492"}],"collection":[{"href":"https:\/\/koff.swisspeace.ch\/apropos\/wp-json\/wp\/v2\/posts"}],"about":[{"href":"https:\/\/koff.swisspeace.ch\/apropos\/wp-json\/wp\/v2\/types\/post"}],"author":[{"embeddable":true,"href":"https:\/\/koff.swisspeace.ch\/apropos\/wp-json\/wp\/v2\/users\/3"}],"replies":[{"embeddable":true,"href":"https:\/\/koff.swisspeace.ch\/apropos\/wp-json\/wp\/v2\/comments?post=1492"}],"version-history":[{"count":10,"href":"https:\/\/koff.swisspeace.ch\/apropos\/wp-json\/wp\/v2\/posts\/1492\/revisions"}],"predecessor-version":[{"id":4188,"href":"https:\/\/koff.swisspeace.ch\/apropos\/wp-json\/wp\/v2\/posts\/1492\/revisions\/4188"}],"wp:attachment":[{"href":"https:\/\/koff.swisspeace.ch\/apropos\/wp-json\/wp\/v2\/media?parent=1492"}],"wp:term":[{"taxonomy":"category","embeddable":true,"href":"https:\/\/koff.swisspeace.ch\/apropos\/wp-json\/wp\/v2\/categories?post=1492"},{"taxonomy":"post_tag","embeddable":true,"href":"https:\/\/koff.swisspeace.ch\/apropos\/wp-json\/wp\/v2\/tags?post=1492"},{"taxonomy":"issue","embeddable":true,"href":"https:\/\/koff.swisspeace.ch\/apropos\/wp-json\/wp\/v2\/issue?post=1492"}],"curies":[{"name":"wp","href":"https:\/\/api.w.org\/{rel}","templated":true}]}}