{"id":1494,"date":"2023-04-14T11:58:13","date_gmt":"2023-04-14T11:58:13","guid":{"rendered":"https:\/\/koff.swisspeace.ch\/apropos\/?p=1494"},"modified":"2024-06-27T12:05:14","modified_gmt":"2024-06-27T12:05:14","slug":"ressources-naturelles-paix-et-conflits","status":"publish","type":"post","link":"https:\/\/koff.swisspeace.ch\/apropos\/1494\/ressources-naturelles-paix-et-conflits\/","title":{"rendered":"Ressources naturelles, paix et conflits"},"content":{"rendered":"\n<div class=\"wp-block-advgb-images-slider advgb-images-slider-block advg-images-slider-d5d8e029-e20d-4f47-8f86-36489abcce65\"><div class=\"advgb-images-slider\" dir=\"ltr\"><div class=\"advgb-image-slider-item\"><img decoding=\"async\" src=\"https:\/\/koff.swisspeace.ch\/apropos\/wp-content\/uploads\/2023\/04\/Man-Picking-Yellow-Cocoa-Fruit-1.jpg\" class=\"advgb-image-slider-img\" alt=\"\" style=\"width:100%;height:auto\"\/><div class=\"advgb-image-slider-item-info\" style=\"justify-content:flex-end;align-items:center\"><a class=\"advgb-image-slider-overlay\" target=\"_blank\" rel=\"noopener noreferrer\" href=\"#\" style=\"opacity:0.5\"><\/a><\/div><\/div><div class=\"advgb-image-slider-item\"><img decoding=\"async\" src=\"https:\/\/koff.swisspeace.ch\/apropos\/wp-content\/uploads\/2023\/04\/WB180DCAF.jpg\" class=\"advgb-image-slider-img\" alt=\"Industrie extractiviste \u2013 Respect de la s\u00e9curit\u00e9 et des droits humains pour la paix et le d\u00e9veloppement\" style=\"width:100%;height:auto\"\/><div class=\"advgb-image-slider-item-info\" style=\"justify-content:flex-end;align-items:center\"><a class=\"advgb-image-slider-overlay\" target=\"_blank\" rel=\"noopener noreferrer\" href=\"https:\/\/koff.swisspeace.ch\/apropos\/?p=1285&amp;preview=true&amp;_thumbnail_id=1215\" style=\"opacity:0.5\"><\/a><h4 class=\"advgb-image-slider-title\">Industrie extractiviste \u2013 Respect de la s\u00e9curit\u00e9 et des droits humains pour la paix et le d\u00e9veloppement<\/h4><\/div><\/div><div class=\"advgb-image-slider-item\"><img decoding=\"async\" src=\"https:\/\/koff.swisspeace.ch\/apropos\/wp-content\/uploads\/2023\/04\/WB180tdh.jpg\" class=\"advgb-image-slider-img\" alt=\"Mozambique \u2013 Lutte contre le changement climatique en pr\u00e9vention des conflits \" style=\"width:100%;height:auto\"\/><div class=\"advgb-image-slider-item-info\" style=\"justify-content:flex-end;align-items:center\"><a class=\"advgb-image-slider-overlay\" target=\"_blank\" rel=\"noopener noreferrer\" href=\"https:\/\/koff.swisspeace.ch\/apropos\/?p=1267&amp;preview=true\" style=\"opacity:0.5\"><\/a><h4 class=\"advgb-image-slider-title\">Mozambique \u2013 Lutte contre le changement climatique en pr\u00e9vention des conflits <\/h4><\/div><\/div><div class=\"advgb-image-slider-item\"><img decoding=\"async\" src=\"https:\/\/koff.swisspeace.ch\/apropos\/wp-content\/uploads\/2023\/04\/WB180Fastenaktion-1.jpg\" class=\"advgb-image-slider-img\" alt=\"Femmes et hommes \u2013 deux r\u00e9alit\u00e9s distinctes face \u00e0 l\u2019impact d\u00e9vastateur de l\u2019exploitation mini\u00e8re \" style=\"width:100%;height:auto\"\/><div class=\"advgb-image-slider-item-info\" style=\"justify-content:flex-end;align-items:center\"><a class=\"advgb-image-slider-overlay\" target=\"_blank\" rel=\"noopener noreferrer\" href=\"https:\/\/koff.swisspeace.ch\/apropos\/?p=1251&amp;preview=true\" style=\"opacity:0.5\"><\/a><h4 class=\"advgb-image-slider-title\">Femmes et hommes \u2013 deux r\u00e9alit\u00e9s distinctes face \u00e0 l\u2019impact d\u00e9vastateur de l\u2019exploitation mini\u00e8re <\/h4><\/div><\/div><\/div><\/div>\n\n\n\n<p>Les ressources naturelles telles que la terre, l&#8217;eau, le p\u00e9trole, le gaz, les for\u00eats et le b\u00e9tail sont des biens tr\u00e8s pris\u00e9s, essentiels \u00e0 la survie et au bien-\u00eatre de l&#8217;\u00eatre humain. Ils repr\u00e9sentent un moyen de subsistance pour de nombreuses personnes, en particulier dans les pays en d\u00e9veloppement, et sont cruciaux pour le fonctionnement des \u00e9conomies et des soci\u00e9t\u00e9s dans le monde.<\/p>\n\n\n\n<p>Cependant, avec la croissance d\u00e9mographique, l&#8217;industrialisation et le r\u00e9chauffement climatique, ces ressources se font rares. Par cons\u00e9quent, la concurrence et la course \u00e0 leur utilisation, leur contr\u00f4le s&#8217;intensifie, entra\u00eenant parfois des conflits. On peut faire le lien entre la p\u00e9nurie de ressources naturelles une s\u00e9rie de conflits, notamment des guerres civiles, des diff\u00e9rends entre \u00c9tats et des violences localis\u00e9es.<\/p>\n\n\n\n<p>Dans ce contexte, les membres de KOFF abordent la relation indirecte entre la rar\u00e9faction des ressources naturelles et les conflits violents, et partagent leurs points de vue sur les diverses possibilit\u00e9s de r\u00e9pondre \u00e0 ce type de conflits. Ils explorent diverses approches pour s&#8217;attaquer aux causes profondes des tensions li\u00e9s aux ressources naturelles, allant de la promotion d&#8217;une conduite responsable des entreprises dans le secteur des industries extractives au soutien de projets d&#8217;att\u00e9nuation du changement climatique, en passant par la prise en compte des conflits dans la consolidation de la paix environnementale et la protection des d\u00e9fenseurs et d\u00e9fenseuses des droits de l&#8217;homme et de l&#8217;environnement.<\/p>\n\n\n\n<p>Je vous souhaite une agr\u00e9able lecture!<\/p>\n\n\n\n<p>Sanjally Jobarteh, r\u00e9dactrice du magazine de <a href=\"https:\/\/koff.swisspeace.ch\/\" target=\"_blank\" rel=\"noreferrer noopener\">KOFF<\/a><\/p>\n\n\n\n<p><\/p>\n","protected":false},"excerpt":{"rendered":"<p>Les ressources naturelles telles que la terre, l&#8217;eau, le p\u00e9trole, le gaz, les for\u00eats et le b\u00e9tail sont des biens tr\u00e8s pris\u00e9s, essentiels \u00e0 la survie et au bien-\u00eatre de l&#8217;\u00eatre humain. Ils repr\u00e9sentent un moyen de subsistance pour de nombreuses personnes, en particulier dans les pays en d\u00e9veloppement, et sont cruciaux pour le fonctionnement <a href=\"https:\/\/koff.swisspeace.ch\/apropos\/1494\/ressources-naturelles-paix-et-conflits\/\" class=\"more-link\">&#8230;<span class=\"screen-reader-text\">  Ressources naturelles, paix et conflits<\/span><\/a><\/p>\n","protected":false},"author":3,"featured_media":0,"comment_status":"open","ping_status":"open","sticky":false,"template":"","format":"standard","meta":{"advgb_blocks_editor_width":"","advgb_blocks_columns_visual_guide":""},"categories":[87],"tags":[],"issue":[165],"acf":[],"author_meta":{"display_name":"\u00e0 propos","author_link":"https:\/\/koff.swisspeace.ch\/apropos\/author\/apropos\/"},"featured_img":null,"coauthors":[],"tax_additional":{"categories":{"linked":["<a href=\"https:\/\/koff.swisspeace.ch\/apropos\/category\/editorial-fr\/\" class=\"advgb-post-tax-term\">\u00c9ditorial<\/a>"],"unlinked":["<span class=\"advgb-post-tax-term\">\u00c9ditorial<\/span>"]}},"comment_count":0,"relative_dates":{"created":"Posted 3 years ago","modified":"Updated 2 years ago"},"absolute_dates":{"created":"Posted on April 14, 2023","modified":"Updated on June 27, 2024"},"absolute_dates_time":{"created":"Posted on April 14, 2023 11:58 am","modified":"Updated on June 27, 2024 12:05 pm"},"featured_img_caption":"","series_order":null,"_links":{"self":[{"href":"https:\/\/koff.swisspeace.ch\/apropos\/wp-json\/wp\/v2\/posts\/1494"}],"collection":[{"href":"https:\/\/koff.swisspeace.ch\/apropos\/wp-json\/wp\/v2\/posts"}],"about":[{"href":"https:\/\/koff.swisspeace.ch\/apropos\/wp-json\/wp\/v2\/types\/post"}],"author":[{"embeddable":true,"href":"https:\/\/koff.swisspeace.ch\/apropos\/wp-json\/wp\/v2\/users\/3"}],"replies":[{"embeddable":true,"href":"https:\/\/koff.swisspeace.ch\/apropos\/wp-json\/wp\/v2\/comments?post=1494"}],"version-history":[{"count":6,"href":"https:\/\/koff.swisspeace.ch\/apropos\/wp-json\/wp\/v2\/posts\/1494\/revisions"}],"predecessor-version":[{"id":4189,"href":"https:\/\/koff.swisspeace.ch\/apropos\/wp-json\/wp\/v2\/posts\/1494\/revisions\/4189"}],"wp:attachment":[{"href":"https:\/\/koff.swisspeace.ch\/apropos\/wp-json\/wp\/v2\/media?parent=1494"}],"wp:term":[{"taxonomy":"category","embeddable":true,"href":"https:\/\/koff.swisspeace.ch\/apropos\/wp-json\/wp\/v2\/categories?post=1494"},{"taxonomy":"post_tag","embeddable":true,"href":"https:\/\/koff.swisspeace.ch\/apropos\/wp-json\/wp\/v2\/tags?post=1494"},{"taxonomy":"issue","embeddable":true,"href":"https:\/\/koff.swisspeace.ch\/apropos\/wp-json\/wp\/v2\/issue?post=1494"}],"curies":[{"name":"wp","href":"https:\/\/api.w.org\/{rel}","templated":true}]}}