{"id":1627,"date":"2023-07-02T13:23:58","date_gmt":"2023-07-02T13:23:58","guid":{"rendered":"https:\/\/koff.swisspeace.ch\/apropos\/?p=1627"},"modified":"2023-07-03T10:01:48","modified_gmt":"2023-07-03T10:01:48","slug":"plaidoyer-pour-une-revalorisation-substantielle-des-operations-de-maintien-de-la-paix-de-lonu","status":"publish","type":"post","link":"https:\/\/koff.swisspeace.ch\/apropos\/1627\/plaidoyer-pour-une-revalorisation-substantielle-des-operations-de-maintien-de-la-paix-de-lonu\/","title":{"rendered":"Plaidoyer pour une revalorisation substantielle des op\u00e9rations de maintien de la paix de l\u2019ONU"},"content":{"rendered":"\n<p><\/p>\n\n\n\n<p>La guerre d\u2019agression men\u00e9e par la Russie contre l\u2019Ukraine a mis en \u00e9vidence la fragilit\u00e9 dramatique du droit international, dont l\u2019axe principal est la pr\u00e9vention de toute guerre et la garantie des droits humains universels, qui devraient \u00eatre assur\u00e9s par les Nations Unies. En raison du droit de veto de la plus grande puissance nucl\u00e9aire du monde, aucune mesure n\u2019a pu \u00eatre prise pour mettre fin \u00e0 la guerre ou pour sanctionner les crimes de guerre, mais l\u2019ONU, que ce soit via l\u2019Assembl\u00e9e g\u00e9n\u00e9rale ou le Conseil de s\u00e9curit\u00e9, s\u2019est limit\u00e9e \u00e0 des r\u00e9solutions d\u00e9clamatoires. <\/p>\n\n\n\n<p>Il est urgent aujourd\u2019hui de renforcer l\u2019ONU et ses organes de promotion de la paix, ce qui implique non seulement une r\u00e9forme en profondeur des Nations Unies (par exemple la suppression du droit de veto des puissances nucl\u00e9aires), mais aussi ses moyens de promotion de la paix. La Suisse pourrait contribuer davantage \u00e0 cet objectif essentiel, non seulement dans la coop\u00e9ration internationale (CI), pour laquelle 11,45 milliards de francs sont pr\u00e9vus selon les valeurs de r\u00e9f\u00e9rence du plan financier<tcxspan tcxhref=\"tel:20252028\" title=\"Call  2025-2028  with 3CX Click to Call\"> 2025-2028 <\/tcxspan>(\u00e0 peine un tiers du montant pr\u00e9vu pour l\u2019arm\u00e9e), mais \u00e9galement en renfor\u00e7ant ses efforts dans des domaines tels que le d\u00e9minage humanitaire et la recherche de personnes disparues, qui rev\u00eatent une importance accrue compte tenu de la guerre en cours en Ukraine. Elle pourrait aussi et surtout s\u2019impliquer pour la promotion militaire de la paix, c\u2019est-\u00e0-dire soutenir les missions de maintien de la paix de l\u2019ONU (Peace Keeping), qui visent \u00e0 emp\u00eacher l\u2019escalade des conflits dans les zones de crise, garantir la s\u00e9curit\u00e9 de la population et permettre la promotion civile de la paix. <\/p>\n\n\n\n<p>La Suisse est active au Liban, en Syrie, en R\u00e9publique d\u00e9mocratique du Congo, au Soudan du Sud, au Mali, au Cachemire ou au Sahara occidental, mais avec un total d\u2019environ 280 observateur\u00b7trices militaires. Elle pourrait ici d\u00e9velopper consid\u00e9rablement son engagement de deux mani\u00e8res: premi\u00e8rement, avec de v\u00e9ritables troupes, comme c\u2019est le cas pour la KFOR en Bosnie, qu\u2019elle met \u00e0 disposition de l\u2019ONU pour ses missions importantes. Deuxi\u00e8mement, avec un soutien financier substantiel et durable aux missions de paix de l\u2019ONU. Ces derni\u00e8res souffrent en effet de plus en plus d\u2019un sous-financement, comme le constate de mani\u00e8re alarmante le Secr\u00e9taire g\u00e9n\u00e9ral de l\u2019ONU Ant\u00f3nio Guterres, ce qui met en p\u00e9ril leurs missions les plus minimes. Dans l\u2019ensemble, il serait temps de lancer un nouveau projet de casques bleus. Bien que la Suisse soit membre de l\u2019ONU depuis plus de vingt ans, elle n\u2019a pas d\u00e9velopp\u00e9 sa participation aux missions de maintien de la paix de l\u2019ONU. Les priorit\u00e9s dans la conception de l\u2019arm\u00e9e devraient donc enfin \u00eatre r\u00e9orient\u00e9es. Nous devons entretenir la solidarit\u00e9 internationale \u00e0 bien des niveaux.<\/p>\n","protected":false},"excerpt":{"rendered":"<p>La guerre d\u2019agression men\u00e9e par la Russie contre l\u2019Ukraine a mis en \u00e9vidence la fragilit\u00e9 dramatique du droit international, dont l\u2019axe principal est la pr\u00e9vention de toute guerre et la garantie des droits humains universels, qui devraient \u00eatre assur\u00e9s par les Nations Unies. En raison du droit de veto de la plus grande puissance nucl\u00e9aire <a href=\"https:\/\/koff.swisspeace.ch\/apropos\/1627\/plaidoyer-pour-une-revalorisation-substantielle-des-operations-de-maintien-de-la-paix-de-lonu\/\" class=\"more-link\">&#8230;<span class=\"screen-reader-text\">  Plaidoyer pour une revalorisation substantielle des op\u00e9rations de maintien de la paix de l\u2019ONU<\/span><\/a><\/p>\n","protected":false},"author":3,"featured_media":1733,"comment_status":"open","ping_status":"open","sticky":false,"template":"","format":"standard","meta":{"advgb_blocks_editor_width":"","advgb_blocks_columns_visual_guide":""},"categories":[117],"tags":[],"issue":[192],"acf":[],"author_meta":{"display_name":"\u00e0 propos","author_link":"https:\/\/koff.swisspeace.ch\/apropos\/author\/apropos\/"},"featured_img":"https:\/\/koff.swisspeace.ch\/apropos\/wp-content\/uploads\/2023\/06\/Casques-bleus-600x332.jpg","coauthors":[],"tax_additional":{"categories":{"linked":["<a href=\"https:\/\/koff.swisspeace.ch\/apropos\/category\/indepth-fr\/\" class=\"advgb-post-tax-term\">Pour aller plus loin<\/a>"],"unlinked":["<span class=\"advgb-post-tax-term\">Pour aller plus loin<\/span>"]}},"comment_count":0,"relative_dates":{"created":"Posted 3 years ago","modified":"Updated 3 years ago"},"absolute_dates":{"created":"Posted on July 2, 2023","modified":"Updated on July 3, 2023"},"absolute_dates_time":{"created":"Posted on July 2, 2023 1:23 pm","modified":"Updated on July 3, 2023 10:01 am"},"featured_img_caption":"","series_order":null,"_links":{"self":[{"href":"https:\/\/koff.swisspeace.ch\/apropos\/wp-json\/wp\/v2\/posts\/1627"}],"collection":[{"href":"https:\/\/koff.swisspeace.ch\/apropos\/wp-json\/wp\/v2\/posts"}],"about":[{"href":"https:\/\/koff.swisspeace.ch\/apropos\/wp-json\/wp\/v2\/types\/post"}],"author":[{"embeddable":true,"href":"https:\/\/koff.swisspeace.ch\/apropos\/wp-json\/wp\/v2\/users\/3"}],"replies":[{"embeddable":true,"href":"https:\/\/koff.swisspeace.ch\/apropos\/wp-json\/wp\/v2\/comments?post=1627"}],"version-history":[{"count":6,"href":"https:\/\/koff.swisspeace.ch\/apropos\/wp-json\/wp\/v2\/posts\/1627\/revisions"}],"predecessor-version":[{"id":2047,"href":"https:\/\/koff.swisspeace.ch\/apropos\/wp-json\/wp\/v2\/posts\/1627\/revisions\/2047"}],"wp:featuredmedia":[{"embeddable":true,"href":"https:\/\/koff.swisspeace.ch\/apropos\/wp-json\/wp\/v2\/media\/1733"}],"wp:attachment":[{"href":"https:\/\/koff.swisspeace.ch\/apropos\/wp-json\/wp\/v2\/media?parent=1627"}],"wp:term":[{"taxonomy":"category","embeddable":true,"href":"https:\/\/koff.swisspeace.ch\/apropos\/wp-json\/wp\/v2\/categories?post=1627"},{"taxonomy":"post_tag","embeddable":true,"href":"https:\/\/koff.swisspeace.ch\/apropos\/wp-json\/wp\/v2\/tags?post=1627"},{"taxonomy":"issue","embeddable":true,"href":"https:\/\/koff.swisspeace.ch\/apropos\/wp-json\/wp\/v2\/issue?post=1627"}],"curies":[{"name":"wp","href":"https:\/\/api.w.org\/{rel}","templated":true}]}}