{"id":1653,"date":"2023-07-03T05:49:34","date_gmt":"2023-07-03T05:49:34","guid":{"rendered":"https:\/\/koff.swisspeace.ch\/apropos\/?p=1653"},"modified":"2023-07-03T13:16:35","modified_gmt":"2023-07-03T13:16:35","slug":"die-finanzierung-der-medien-fur-den-frieden-eine-globale-herausforderung","status":"publish","type":"post","link":"https:\/\/koff.swisspeace.ch\/apropos\/1653\/die-finanzierung-der-medien-fur-den-frieden-eine-globale-herausforderung\/","title":{"rendered":"Die Finanzierung der Medien f\u00fcr den Frieden \u2013 eine globale Herausforderung"},"content":{"rendered":"\n<p><\/p>\n\n\n\n<p><strong>Die Finanzierung der Medien ist in der heutigen Zeit eine weltweite Herausforderung f\u00fcr die Demokratie. In einem Konflikt k\u00f6nnen Medien, die dank gen\u00fcgend Mitteln unabh\u00e4ngig und professionell arbeiten k\u00f6nnen, eine Schl\u00fcsselrolle bei der Wiederherstellung des Vertrauens und des Dialogs innerhalb der Bev\u00f6lkerung spielen \u2013 der erste Schritt zur\u00fcck zum Frieden.<\/strong><\/p>\n\n\n\n<p>Die mediale Verlagerung hin zu \u00fcberwiegend digitalen Formaten hat in allen Teilen der Welt eine andauernde Krise der Medienfinanzierung ausgel\u00f6st. Oftmals stand am Ende der Krise der Aufkauf durch grosse Unternehmensgruppen auf der Suche nach politischem Einfluss. Daher braucht es sowohl im Norden als auch im S\u00fcden ein Neudenken der Wirtschaftsmodelle hinsichtlich unabh\u00e4ngiger Information.<\/p>\n\n\n\n<p>Lange Zeit waren geschriebene Informationen, die fr\u00fcher auf Papier kostenpflichtig waren, im Internet gratis verf\u00fcgbar. Die Werbeeinnahmen gingen zun\u00e4chst zur\u00fcck, erholten sich aber wieder \u2013 allerdings fliessen nun zwei Drittel den Giganten der Digital\u00f6konomie zu. In reichen L\u00e4ndern mit einem ausreichend finanzierten Rechtsstaat k\u00f6nnen \u00f6ffentlich-rechtliche Medien diese Situation zum Teil ausgleichen. Die unabh\u00e4ngigen Online-Medien \u2013 also jene, deren Finanzierung haupts\u00e4chlich von ihren Redakteur:innen oder Leser:innen gestemmt wird \u2013 schaffen es ebenfalls durch Abo- und Spendensysteme sowie manchmal durch \u00f6ffentliche Subventionen, zu expandieren.<\/p>\n\n\n\n<p>In L\u00e4ndern mit geringem oder durchschnittlichem Einkommen funktionieren diese Modelle nicht \u2013 vor allem, wenn es sich um autorit\u00e4re L\u00e4nder oder L\u00e4nder in Krisen handelt. Die internationale Entwicklungshilfe f\u00fcr Medien ist nur ein Tropfen auf dem heissen Stein (weniger als 500&nbsp;Millionen US-Dollar im Jahr \u2013 das entspricht 0,3&nbsp;Prozent der weltweiten Entwicklungshilfe) und reicht nicht f\u00fcr die dauerhafte Etablierung von Medien ausserhalb des Einflusses grosser wirtschaftlicher oder politischer Interessen aus.<\/p>\n\n\n\n<p>Eine zu starke finanzielle Abh\u00e4ngigkeit von einer einzelnen Finanzierungsquelle kann die f\u00fcr die journalistische Arbeit ben\u00f6tigte redaktionelle Unabh\u00e4ngigkeit beeintr\u00e4chtigen. In konfliktbetroffenen L\u00e4ndern ist diese Unabh\u00e4ngigkeit umso wichtiger, denn dort missbrauchen beide Seiten die Medien manchmal f\u00fcr die Verbreitung ihrer Propaganda. Dennoch k\u00f6nnen Medien ohne Finanzierung nicht existieren.<\/p>\n\n\n\n<p>Die Stiftung Hirondelle sucht mittels Forschungsarbeiten nach Alternativen und schl\u00e4gt neue Gouvernanz-Modelle vor. Sie erarbeitet neue Finanzierungsmodelle und kombiniert traditionelle Mittel mit kreativeren Wegen zur Ertragsgenerierung. Diese Arbeiten und Experimente finden in von Konflikten oder einer schlechten Wirtschaftslage betroffenen L\u00e4ndern statt, in denen die Stiftung Hirondelle die Arbeit von lokalen Journalist:innen seit \u00fcber 28 Jahren unterst\u00fctzt und den Zugang zu verl\u00e4sslichen Informationen f\u00fcr die am st\u00e4rksten von Krisen und Konflikten betroffene Bev\u00f6lkerung f\u00f6rdert.<\/p>\n","protected":false},"excerpt":{"rendered":"<p>Die Finanzierung der Medien ist in der heutigen Zeit eine weltweite Herausforderung f\u00fcr die Demokratie. In einem Konflikt k\u00f6nnen Medien, die dank gen\u00fcgend Mitteln unabh\u00e4ngig und professionell arbeiten k\u00f6nnen, eine Schl\u00fcsselrolle bei der Wiederherstellung des Vertrauens und des Dialogs innerhalb der Bev\u00f6lkerung spielen \u2013 der erste Schritt zur\u00fcck zum Frieden. Die mediale Verlagerung hin zu <a href=\"https:\/\/koff.swisspeace.ch\/apropos\/1653\/die-finanzierung-der-medien-fur-den-frieden-eine-globale-herausforderung\/\" class=\"more-link\">&#8230;<span class=\"screen-reader-text\">  Die Finanzierung der Medien f\u00fcr den Frieden \u2013 eine globale Herausforderung<\/span><\/a><\/p>\n","protected":false},"author":3,"featured_media":1650,"comment_status":"open","ping_status":"open","sticky":false,"template":"","format":"standard","meta":{"advgb_blocks_editor_width":"","advgb_blocks_columns_visual_guide":""},"categories":[73],"tags":[],"issue":[190],"acf":[],"author_meta":{"display_name":"\u00e0 propos","author_link":"https:\/\/koff.swisspeace.ch\/apropos\/author\/apropos\/"},"featured_img":"https:\/\/koff.swisspeace.ch\/apropos\/wp-content\/uploads\/2023\/06\/Bild4-600x331.png","coauthors":[],"tax_additional":{"categories":{"linked":["<a href=\"https:\/\/koff.swisspeace.ch\/apropos\/category\/reports-de\/\" class=\"advgb-post-tax-term\">Dossier<\/a>"],"unlinked":["<span class=\"advgb-post-tax-term\">Dossier<\/span>"]}},"comment_count":0,"relative_dates":{"created":"Posted 3 years ago","modified":"Updated 3 years ago"},"absolute_dates":{"created":"Posted on July 3, 2023","modified":"Updated on July 3, 2023"},"absolute_dates_time":{"created":"Posted on July 3, 2023 5:49 am","modified":"Updated on July 3, 2023 1:16 pm"},"featured_img_caption":"","series_order":null,"_links":{"self":[{"href":"https:\/\/koff.swisspeace.ch\/apropos\/wp-json\/wp\/v2\/posts\/1653"}],"collection":[{"href":"https:\/\/koff.swisspeace.ch\/apropos\/wp-json\/wp\/v2\/posts"}],"about":[{"href":"https:\/\/koff.swisspeace.ch\/apropos\/wp-json\/wp\/v2\/types\/post"}],"author":[{"embeddable":true,"href":"https:\/\/koff.swisspeace.ch\/apropos\/wp-json\/wp\/v2\/users\/3"}],"replies":[{"embeddable":true,"href":"https:\/\/koff.swisspeace.ch\/apropos\/wp-json\/wp\/v2\/comments?post=1653"}],"version-history":[{"count":6,"href":"https:\/\/koff.swisspeace.ch\/apropos\/wp-json\/wp\/v2\/posts\/1653\/revisions"}],"predecessor-version":[{"id":2062,"href":"https:\/\/koff.swisspeace.ch\/apropos\/wp-json\/wp\/v2\/posts\/1653\/revisions\/2062"}],"wp:featuredmedia":[{"embeddable":true,"href":"https:\/\/koff.swisspeace.ch\/apropos\/wp-json\/wp\/v2\/media\/1650"}],"wp:attachment":[{"href":"https:\/\/koff.swisspeace.ch\/apropos\/wp-json\/wp\/v2\/media?parent=1653"}],"wp:term":[{"taxonomy":"category","embeddable":true,"href":"https:\/\/koff.swisspeace.ch\/apropos\/wp-json\/wp\/v2\/categories?post=1653"},{"taxonomy":"post_tag","embeddable":true,"href":"https:\/\/koff.swisspeace.ch\/apropos\/wp-json\/wp\/v2\/tags?post=1653"},{"taxonomy":"issue","embeddable":true,"href":"https:\/\/koff.swisspeace.ch\/apropos\/wp-json\/wp\/v2\/issue?post=1653"}],"curies":[{"name":"wp","href":"https:\/\/api.w.org\/{rel}","templated":true}]}}