{"id":1667,"date":"2023-07-03T06:14:10","date_gmt":"2023-07-03T06:14:10","guid":{"rendered":"https:\/\/koff.swisspeace.ch\/apropos\/?p=1667"},"modified":"2023-07-03T09:23:39","modified_gmt":"2023-07-03T09:23:39","slug":"renforcer-la-societe-civile-en-diversifiant-les-modeles-de-financement","status":"publish","type":"post","link":"https:\/\/koff.swisspeace.ch\/apropos\/1667\/renforcer-la-societe-civile-en-diversifiant-les-modeles-de-financement\/","title":{"rendered":"Renforcer la soci\u00e9t\u00e9 civile en diversifiant les mod\u00e8les de financement"},"content":{"rendered":"\n<p><\/p>\n\n\n\n<p>L&#8217;un des \u00e9l\u00e9ments cl\u00e9s du programme de terre des hommes schweiz (tdh) est l&#8217;autonomisation des jeunes afin qu\u2019ils\u00b7elles deviennent des acteurs et actrices du changement. terre des hommes schweiz soutient ses organisations partenaires et des projets g\u00e9r\u00e9s par des jeunes qui s&#8217;efforcent de promouvoir une culture de la paix dans des pays tels que le Br\u00e9sil, la Colombie et le Salvador. Dans ces environnements caract\u00e9ris\u00e9s par un espace de la soci\u00e9t\u00e9 civile r\u00e9duit et une tendance \u00e0 la polarisation, il est particuli\u00e8rement important de favoriser la coh\u00e9sion sociale, en particulier chez les jeunes. Cependant, ces contextes politiques entra\u00eenent de nouveaux risques dans la mise en \u0153uvre de projets de consolidation de la paix, \u00e0 l&#8217;instar de menaces publiques et de tentatives de criminalisation et de d\u00e9l\u00e9gitimation des organisations de d\u00e9fense des droits humains. Face \u00e0 ces d\u00e9fis, terre des hommes schweiz tente d&#8217;innover en terme de strat\u00e9gies et mod\u00e8les de financement.<\/p>\n\n\n\n<p>Dans un premier temps, des fonds d&#8217;urgence ont \u00e9t\u00e9 allou\u00e9s pour r\u00e9pondre \u00e0 des situations d&#8217;instabilit\u00e9 et de fragilit\u00e9. Ces derniers permettent \u00e0 l&#8217;organisation de faire preuve d&#8217;agilit\u00e9 face aux risques s\u00e9curitaires croissants et de contribuer financi\u00e8rement \u00e0 la protection des d\u00e9fenseur\u00b7euses des droits humains. Ils peuvent \u00e9galement \u00eatre utilis\u00e9s pour soutenir les mesures de soutien psychosocial ou juridique que les organisations partenaires proposent \u00e0 leurs membres. Ces derni\u00e8res ann\u00e9es, il est devenu \u00e9vident que des fonds suppl\u00e9mentaires disponibles sont essentiels au renforcement de la r\u00e9silience de la soci\u00e9t\u00e9 civile lors de p\u00e9riodes de crise.<\/p>\n\n\n\n<p>Il est \u00e9galement clair que la soci\u00e9t\u00e9 civile offre des espaces privil\u00e9gi\u00e9s permettant une analyse, une strat\u00e9gie et un plaidoyer collectifs dans les pays touch\u00e9s par la mont\u00e9e de l&#8217;autoritarisme et de la violence. Ainsi, terre des hommes schweiz pr\u00e9voit d&#8217;allouer des fonds suppl\u00e9mentaires \u00e0 ces r\u00e9seaux de la soci\u00e9t\u00e9 civile, et en particulier \u00e0 celles et ceux qui sont strat\u00e9giquement impliqu\u00e9\u00b7es dans la lutte contre les tendances anti-d\u00e9mocratiques.<\/p>\n\n\n\n<p>Gr\u00e2ce \u00e0 des strat\u00e9gies de financement ouvertes et flexibles, terre des hommes schweiz fait la promotion d&#8217;initiatives qui \u00e9chappent aux programmes de financement classiques. Ces subventions servent de test pour les jeunes activistes. Elles leur permettent de b\u00e9n\u00e9ficier de solutions non conventionnelles et favorisent l&#8217;activisme des jeunes issu\u00b7es des couches populaires. Cette approche favorise \u00e9galement l&#8217;\u00e9mergence de nouveaux\u00b7lles acteur\u00b7rices de la soci\u00e9t\u00e9 civile. Renforcer les organisations locales menac\u00e9es signifie \u00e9galement permettre un financement central plus important et moins restrictif en ce qui concerne les frais dits \u00ab&nbsp;g\u00e9n\u00e9raux&nbsp;\u00bb (d\u00e9penses indirectes n\u00e9cessaires au fonctionnement d&#8217;une organisation, telles que les co\u00fbts administratifs et op\u00e9rationnels) dans les budgets des projets.&nbsp; &nbsp;&nbsp;<\/p>\n\n\n\n<p>Le financement du Forum de la soci\u00e9t\u00e9 civile sur la s\u00e9curit\u00e9 publique dans le nord-est du Br\u00e9sil, qui vise \u00e0 coordonner les activit\u00e9s de plaidoyer des ONG en mati\u00e8re de politiques de s\u00e9curit\u00e9 dans neuf \u00c9tats f\u00e9d\u00e9raux est un excellent exemple de financement central flexible. Le soutien financier \u00e0 court terme de terre des hommes schweiz devrait permettre \u00e0 ce r\u00e9seau de couvrir les frais li\u00e9s \u00e0 l&#8217;organisation de conf\u00e9rences ax\u00e9es sur l&#8217;\u00e9laboration de propositions de politiques publiques.<\/p>\n\n\n\n<p>Pour terre des hommes schweiz, repenser et diversifier les mod\u00e8les de financement est une \u00e9tape cruciale dans la mise en place de partenariats \u00e9quitables en accord avec la n\u00e9cessit\u00e9 de \u00ab&nbsp;d\u00e9coloniser l&#8217;aide&nbsp;\u00bb. Devant la fragilit\u00e9 de la d\u00e9mocratie et la pression accrue sur la soci\u00e9t\u00e9 civile \u00e0 travers le monde, terre des hommes schweiz commence \u00e0 explorer des mod\u00e8les participatifs de subventions.<\/p>\n\n\n\n<p>Ces mod\u00e8les participatifs d\u00e9signent des modes de financement dans lesquels le pouvoir de d\u00e9cision est partag\u00e9 avec les communaut\u00e9s ou les organisations b\u00e9n\u00e9ficiaires. Ces derni\u00e8res sont ainsi impliqu\u00e9es dans l&#8217;ensemble du processus d&#8217;attribution des subventions, depuis l&#8217;identification des besoins jusqu&#8217;\u00e0 la s\u00e9lection des projets ou des initiatives \u00e0 financer. Cette approche permet d&#8217;inverser la dynamique de pouvoir dans les processus traditionnels d&#8217;octroi de subventions et de d\u00e9velopper des partenariats plus \u00e9quitables.<\/p>\n\n\n\n<p>Dans le cadre du d\u00e9veloppement, ce processus de r\u00e9flexion est important et n\u00e9cessite un apprentissage commun et un \u00e9change d&#8217;exp\u00e9riences, ainsi qu&#8217;un d\u00e9bat strat\u00e9gique avec les bailleur\u00b7euses de fonds institutionnels et les fondations.&nbsp;&nbsp;<\/p>\n","protected":false},"excerpt":{"rendered":"<p>L&#8217;un des \u00e9l\u00e9ments cl\u00e9s du programme de terre des hommes schweiz (tdh) est l&#8217;autonomisation des jeunes afin qu\u2019ils\u00b7elles deviennent des acteurs et actrices du changement. terre des hommes schweiz soutient ses organisations partenaires et des projets g\u00e9r\u00e9s par des jeunes qui s&#8217;efforcent de promouvoir une culture de la paix dans des pays tels que le <a href=\"https:\/\/koff.swisspeace.ch\/apropos\/1667\/renforcer-la-societe-civile-en-diversifiant-les-modeles-de-financement\/\" class=\"more-link\">&#8230;<span class=\"screen-reader-text\">  Renforcer la soci\u00e9t\u00e9 civile en diversifiant les mod\u00e8les de financement<\/span><\/a><\/p>\n","protected":false},"author":3,"featured_media":2023,"comment_status":"open","ping_status":"open","sticky":false,"template":"","format":"standard","meta":{"advgb_blocks_editor_width":"","advgb_blocks_columns_visual_guide":""},"categories":[113],"tags":[],"issue":[192],"acf":[],"author_meta":{"display_name":"\u00e0 propos","author_link":"https:\/\/koff.swisspeace.ch\/apropos\/author\/apropos\/"},"featured_img":"https:\/\/koff.swisspeace.ch\/apropos\/wp-content\/uploads\/2023\/07\/Forum-de-segurancas-publica-3-600x338.png","coauthors":[],"tax_additional":{"categories":{"linked":["<a href=\"https:\/\/koff.swisspeace.ch\/apropos\/category\/reports-fr\/\" class=\"advgb-post-tax-term\">Dossier<\/a>"],"unlinked":["<span class=\"advgb-post-tax-term\">Dossier<\/span>"]}},"comment_count":0,"relative_dates":{"created":"Posted 3 years ago","modified":"Updated 3 years ago"},"absolute_dates":{"created":"Posted on July 3, 2023","modified":"Updated on July 3, 2023"},"absolute_dates_time":{"created":"Posted on July 3, 2023 6:14 am","modified":"Updated on July 3, 2023 9:23 am"},"featured_img_caption":"","series_order":null,"_links":{"self":[{"href":"https:\/\/koff.swisspeace.ch\/apropos\/wp-json\/wp\/v2\/posts\/1667"}],"collection":[{"href":"https:\/\/koff.swisspeace.ch\/apropos\/wp-json\/wp\/v2\/posts"}],"about":[{"href":"https:\/\/koff.swisspeace.ch\/apropos\/wp-json\/wp\/v2\/types\/post"}],"author":[{"embeddable":true,"href":"https:\/\/koff.swisspeace.ch\/apropos\/wp-json\/wp\/v2\/users\/3"}],"replies":[{"embeddable":true,"href":"https:\/\/koff.swisspeace.ch\/apropos\/wp-json\/wp\/v2\/comments?post=1667"}],"version-history":[{"count":7,"href":"https:\/\/koff.swisspeace.ch\/apropos\/wp-json\/wp\/v2\/posts\/1667\/revisions"}],"predecessor-version":[{"id":2024,"href":"https:\/\/koff.swisspeace.ch\/apropos\/wp-json\/wp\/v2\/posts\/1667\/revisions\/2024"}],"wp:featuredmedia":[{"embeddable":true,"href":"https:\/\/koff.swisspeace.ch\/apropos\/wp-json\/wp\/v2\/media\/2023"}],"wp:attachment":[{"href":"https:\/\/koff.swisspeace.ch\/apropos\/wp-json\/wp\/v2\/media?parent=1667"}],"wp:term":[{"taxonomy":"category","embeddable":true,"href":"https:\/\/koff.swisspeace.ch\/apropos\/wp-json\/wp\/v2\/categories?post=1667"},{"taxonomy":"post_tag","embeddable":true,"href":"https:\/\/koff.swisspeace.ch\/apropos\/wp-json\/wp\/v2\/tags?post=1667"},{"taxonomy":"issue","embeddable":true,"href":"https:\/\/koff.swisspeace.ch\/apropos\/wp-json\/wp\/v2\/issue?post=1667"}],"curies":[{"name":"wp","href":"https:\/\/api.w.org\/{rel}","templated":true}]}}