{"id":1675,"date":"2023-07-02T13:43:42","date_gmt":"2023-07-02T13:43:42","guid":{"rendered":"https:\/\/koff.swisspeace.ch\/apropos\/?p=1675"},"modified":"2023-07-02T13:43:43","modified_gmt":"2023-07-02T13:43:43","slug":"pour-une-economie-au-service-de-la-paix","status":"publish","type":"post","link":"https:\/\/koff.swisspeace.ch\/apropos\/1675\/pour-une-economie-au-service-de-la-paix\/","title":{"rendered":"Pour une \u00e9conomie au service de la paix"},"content":{"rendered":"\n<p><\/p>\n\n\n\n<p>Il y a de nombreuses raisons qui appellent \u00e0 un meilleur financement des activit\u00e9s en faveur de la paix. Il est souvent soutenu que les acteurs et actrices du march\u00e9 financier font des choix rationnels&nbsp;; or en mati\u00e8re de paix ou de s\u00e9curit\u00e9, ce qui est surtout&nbsp;financ\u00e9, c\u2019est la guerre. Est-ce rationnel&nbsp;? Pour \u00e9tablir et faire durer la paix, \u00e0 long terme et de fa\u00e7on universelle, il est n\u00e9cessaire d\u2019inverser cette tendance.<br>Constatons d\u2019abord que les outils de la paix sont, comparativement aux outils de la guerre, particuli\u00e8rement bon march\u00e9s&nbsp;: enseigner la paix et la nonviolence, tel que le proposent les Objectifs du D\u00e9veloppement Durable (n\u00b0 4.7) s\u2019int\u00e8gre dans les co\u00fbts usuels de l\u2019\u00e9ducation&nbsp;; former et r\u00e9mun\u00e9rer des m\u00e9diateur\u00b7rices, leur fournir des locaux et les moyens n\u00e9cessaires pour atteindre et aider les personnes et les populations concern\u00e9es co\u00fbtera toujours moins cher que d&#8217;employer des milliers de soldat\u00b7es et d\u2019officier\u00b7es, financer leurs places d\u2019armes et leurs armements. Int\u00e9grer la pr\u00e9vention et la prospective dans les politiques publiques de s\u00e9curit\u00e9, assurer un minimum vital d\u00e9cent et une \u00e9ducation au vivre-ensemble co\u00fbtera aussi moins cher que les r\u00e9parations dues aux violences contre les personnes et les infrastructures.<br>Le changement est-il en train de se faire ? \u00ab&nbsp;Le monde est surarm\u00e9 et la paix sous-financ\u00e9e&nbsp;\u00bb disait Ban Ki-Moon, alors Secr\u00e9taire G\u00e9n\u00e9ral des Nations Unies. Ce cri du c\u0153ur a en partie \u00e9t\u00e9 entendu, car il existe d\u00e9sormais un fond de l\u2019ONU pour la Paix. Ant\u00f3nio Guterres et l\u2019Assembl\u00e9e G\u00e9n\u00e9rale des Nations Unies demandent \u00e0 ce que tous les \u00c9tats financent quelques activit\u00e9s en faveur de la paix (quelques postes de travail) dans le cadre du budget r\u00e9gulier de l\u2019organisation. Ces d\u00e9marches sont modestes et peinent \u00e0 trouver des consensus, mais \u00e0 leurs mesures, elles rendent visible ce besoin et de nombreux \u00c9tats y participent.<\/p>\n\n\n\n<p>Pour la soci\u00e9t\u00e9 civile aussi, le besoin de financer la paix se fait sentir.<br>La conscientisation en faveur de la paix pour le grand public, si elle est souvent politis\u00e9e, est avant tout faite dans des microstructures, dans lesquelles la plupart des personnes sont b\u00e9n\u00e9voles ou tr\u00e8s peu pay\u00e9es. Pourtant, construire la paix est un m\u00e9tier, honorable, qui donne ou devrait donner droit \u00e0 un juste salaire. Heureusement, la profession progresse et s\u2019int\u00e8gre plus ou moins bien dans les institutions \u00e9tatiques, acad\u00e9miques ou dans les organisations de d\u00e9veloppements, mais elle laisse encore trop peu de place aux chercheur\u00b7es et praticien\u00b7nes ind\u00e9pendant\u00b7es ou \u00e0 la possibilit\u00e9 d&#8217;en faire une profession en soi.<br>Ce manque de financement, ou mauvais financement de la paix va parfois jusqu\u2019\u00e0 inciter \u00e0 l\u2019objection de conscience aux budgets militaires, et suscite une demande \u00e0 pouvoir \u00e0 la place payer ses imp\u00f4ts, sans ambigu\u00eft\u00e9, en faveur de projets de paix. Cela se justifie aussi lorsque l\u2019on constate que les d\u00e9penses militaires sont davantage financ\u00e9es par la TVA, laquelle co\u00fbte plus aux personnes de condition modeste qu\u2019aux classes ais\u00e9es.<br>Enfin, Il convient de conclure en rappelant qu\u2019une \u00e9conomie publique et priv\u00e9e en faveur de la paix, qui finance sa propre s\u00e9curit\u00e9 sans recourir \u00e0 l\u2019usage de la force civile ou militaire se soutient elle-m\u00eame de fa\u00e7on plus durable. Elle est aussi plus \u00e9thique et surtout plus humaine. Financer la paix contribue ainsi \u00e0 la cr\u00e9ation d\u2019un syst\u00e8me \u00e9conomique agissant en faveur de l\u2019humanit\u00e9 et de la biosph\u00e8re.<br>Vous aussi, vous pouvez financer la paix.<br><br><br><\/p>\n","protected":false},"excerpt":{"rendered":"<p>Il y a de nombreuses raisons qui appellent \u00e0 un meilleur financement des activit\u00e9s en faveur de la paix. Il est souvent soutenu que les acteurs et actrices du march\u00e9 financier font des choix rationnels&nbsp;; or en mati\u00e8re de paix ou de s\u00e9curit\u00e9, ce qui est surtout&nbsp;financ\u00e9, c\u2019est la guerre. Est-ce rationnel&nbsp;? Pour \u00e9tablir et <a href=\"https:\/\/koff.swisspeace.ch\/apropos\/1675\/pour-une-economie-au-service-de-la-paix\/\" class=\"more-link\">&#8230;<span class=\"screen-reader-text\">  Pour une \u00e9conomie au service de la paix<\/span><\/a><\/p>\n","protected":false},"author":3,"featured_media":1899,"comment_status":"open","ping_status":"open","sticky":false,"template":"","format":"standard","meta":{"advgb_blocks_editor_width":"","advgb_blocks_columns_visual_guide":""},"categories":[117],"tags":[],"issue":[192],"acf":[],"author_meta":{"display_name":"\u00e0 propos","author_link":"https:\/\/koff.swisspeace.ch\/apropos\/author\/apropos\/"},"featured_img":"https:\/\/koff.swisspeace.ch\/apropos\/wp-content\/uploads\/2023\/07\/armando-sotoca-r4P5E5mwfgg-unsplash-600x338.png","coauthors":[],"tax_additional":{"categories":{"linked":["<a href=\"https:\/\/koff.swisspeace.ch\/apropos\/category\/indepth-fr\/\" class=\"advgb-post-tax-term\">Pour aller plus loin<\/a>"],"unlinked":["<span class=\"advgb-post-tax-term\">Pour aller plus loin<\/span>"]}},"comment_count":0,"relative_dates":{"created":"Posted 3 years ago","modified":"Updated 3 years ago"},"absolute_dates":{"created":"Posted on July 2, 2023","modified":"Updated on July 2, 2023"},"absolute_dates_time":{"created":"Posted on July 2, 2023 1:43 pm","modified":"Updated on July 2, 2023 1:43 pm"},"featured_img_caption":"","series_order":null,"_links":{"self":[{"href":"https:\/\/koff.swisspeace.ch\/apropos\/wp-json\/wp\/v2\/posts\/1675"}],"collection":[{"href":"https:\/\/koff.swisspeace.ch\/apropos\/wp-json\/wp\/v2\/posts"}],"about":[{"href":"https:\/\/koff.swisspeace.ch\/apropos\/wp-json\/wp\/v2\/types\/post"}],"author":[{"embeddable":true,"href":"https:\/\/koff.swisspeace.ch\/apropos\/wp-json\/wp\/v2\/users\/3"}],"replies":[{"embeddable":true,"href":"https:\/\/koff.swisspeace.ch\/apropos\/wp-json\/wp\/v2\/comments?post=1675"}],"version-history":[{"count":6,"href":"https:\/\/koff.swisspeace.ch\/apropos\/wp-json\/wp\/v2\/posts\/1675\/revisions"}],"predecessor-version":[{"id":1904,"href":"https:\/\/koff.swisspeace.ch\/apropos\/wp-json\/wp\/v2\/posts\/1675\/revisions\/1904"}],"wp:featuredmedia":[{"embeddable":true,"href":"https:\/\/koff.swisspeace.ch\/apropos\/wp-json\/wp\/v2\/media\/1899"}],"wp:attachment":[{"href":"https:\/\/koff.swisspeace.ch\/apropos\/wp-json\/wp\/v2\/media?parent=1675"}],"wp:term":[{"taxonomy":"category","embeddable":true,"href":"https:\/\/koff.swisspeace.ch\/apropos\/wp-json\/wp\/v2\/categories?post=1675"},{"taxonomy":"post_tag","embeddable":true,"href":"https:\/\/koff.swisspeace.ch\/apropos\/wp-json\/wp\/v2\/tags?post=1675"},{"taxonomy":"issue","embeddable":true,"href":"https:\/\/koff.swisspeace.ch\/apropos\/wp-json\/wp\/v2\/issue?post=1675"}],"curies":[{"name":"wp","href":"https:\/\/api.w.org\/{rel}","templated":true}]}}