{"id":1709,"date":"2023-07-03T06:25:18","date_gmt":"2023-07-03T06:25:18","guid":{"rendered":"https:\/\/koff.swisspeace.ch\/apropos\/?p=1709"},"modified":"2023-07-03T06:25:18","modified_gmt":"2023-07-03T06:25:18","slug":"wie-konnen-stimmen-der-inklusion-und-des-zusammenhalt-in-den-humanitaren-entwicklungs-nexus-integriert-werden","status":"publish","type":"post","link":"https:\/\/koff.swisspeace.ch\/apropos\/1709\/wie-konnen-stimmen-der-inklusion-und-des-zusammenhalt-in-den-humanitaren-entwicklungs-nexus-integriert-werden\/","title":{"rendered":"Wie k\u00f6nnen Stimmen der Inklusion und des Zusammenhalt in den Humanit\u00e4ren-Entwicklungs-Nexus integriert werden?"},"content":{"rendered":"\n<p><\/p>\n\n\n\n<p>Die Kurzversion des VIC Humanitarian Resource Guide gibt einen schnellen \u00dcberblick \u00fcber Ans\u00e4tze und Tools die unser Arbeitsbereich und unser Team nutzen, um komplexe Programme zu analysieren, umzusetzen und zu evaluiern.<br><br>Klicken Sie <a href=\"https:\/\/koff.swisspeace.ch\/fileadmin\/user_upload\/6_Dokumente\/HSI_VIC_Resource_Guide_ShortVersion.pdf\" target=\"_blank\" rel=\"noreferrer noopener\">hier<\/a><strong><a rel=\"noreferrer noopener\" href=\"\\Users\\paul.peterson\\OneDrive - HELVETAS Swiss Intercooperation\\Desktop\\HumanitarianResponsesv1.pdf\" target=\"_blank\">,<\/a> <\/strong>um die kurze Version des Leifadens zu lesen, um mehr \u00fcber unsere Ideen, Kompetenzen und Expertise zu lernen. <\/p>\n","protected":false},"excerpt":{"rendered":"<p>Die Kurzversion des VIC Humanitarian Resource Guide gibt einen schnellen \u00dcberblick \u00fcber Ans\u00e4tze und Tools die unser Arbeitsbereich und unser Team nutzen, um komplexe Programme zu analysieren, umzusetzen und zu evaluiern. Klicken Sie hier, um die kurze Version des Leifadens zu lesen, um mehr \u00fcber unsere Ideen, Kompetenzen und Expertise zu lernen.<\/p>\n","protected":false},"author":3,"featured_media":1707,"comment_status":"open","ping_status":"open","sticky":false,"template":"","format":"standard","meta":{"advgb_blocks_editor_width":"","advgb_blocks_columns_visual_guide":""},"categories":[71],"tags":[],"issue":[190],"acf":[],"author_meta":{"display_name":"\u00e0 propos","author_link":"https:\/\/koff.swisspeace.ch\/apropos\/author\/apropos\/"},"featured_img":"https:\/\/koff.swisspeace.ch\/apropos\/wp-content\/uploads\/2023\/06\/NewsHelvetas181_Marco-knobel-600x332.png","coauthors":[],"tax_additional":{"categories":{"linked":["<a href=\"https:\/\/koff.swisspeace.ch\/apropos\/category\/news-de\/\" class=\"advgb-post-tax-term\">Aktuell<\/a>"],"unlinked":["<span class=\"advgb-post-tax-term\">Aktuell<\/span>"]}},"comment_count":0,"relative_dates":{"created":"Posted 3 years ago","modified":"Updated 3 years ago"},"absolute_dates":{"created":"Posted on July 3, 2023","modified":"Updated on July 3, 2023"},"absolute_dates_time":{"created":"Posted on July 3, 2023 6:25 am","modified":"Updated on July 3, 2023 6:25 am"},"featured_img_caption":"","series_order":null,"_links":{"self":[{"href":"https:\/\/koff.swisspeace.ch\/apropos\/wp-json\/wp\/v2\/posts\/1709"}],"collection":[{"href":"https:\/\/koff.swisspeace.ch\/apropos\/wp-json\/wp\/v2\/posts"}],"about":[{"href":"https:\/\/koff.swisspeace.ch\/apropos\/wp-json\/wp\/v2\/types\/post"}],"author":[{"embeddable":true,"href":"https:\/\/koff.swisspeace.ch\/apropos\/wp-json\/wp\/v2\/users\/3"}],"replies":[{"embeddable":true,"href":"https:\/\/koff.swisspeace.ch\/apropos\/wp-json\/wp\/v2\/comments?post=1709"}],"version-history":[{"count":4,"href":"https:\/\/koff.swisspeace.ch\/apropos\/wp-json\/wp\/v2\/posts\/1709\/revisions"}],"predecessor-version":[{"id":1805,"href":"https:\/\/koff.swisspeace.ch\/apropos\/wp-json\/wp\/v2\/posts\/1709\/revisions\/1805"}],"wp:featuredmedia":[{"embeddable":true,"href":"https:\/\/koff.swisspeace.ch\/apropos\/wp-json\/wp\/v2\/media\/1707"}],"wp:attachment":[{"href":"https:\/\/koff.swisspeace.ch\/apropos\/wp-json\/wp\/v2\/media?parent=1709"}],"wp:term":[{"taxonomy":"category","embeddable":true,"href":"https:\/\/koff.swisspeace.ch\/apropos\/wp-json\/wp\/v2\/categories?post=1709"},{"taxonomy":"post_tag","embeddable":true,"href":"https:\/\/koff.swisspeace.ch\/apropos\/wp-json\/wp\/v2\/tags?post=1709"},{"taxonomy":"issue","embeddable":true,"href":"https:\/\/koff.swisspeace.ch\/apropos\/wp-json\/wp\/v2\/issue?post=1709"}],"curies":[{"name":"wp","href":"https:\/\/api.w.org\/{rel}","templated":true}]}}