{"id":1726,"date":"2023-07-02T13:55:52","date_gmt":"2023-07-02T13:55:52","guid":{"rendered":"https:\/\/koff.swisspeace.ch\/apropos\/?p=1726"},"modified":"2023-07-03T08:56:29","modified_gmt":"2023-07-03T08:56:29","slug":"spendenaufruf-besserer-schutz-fur-verteidigerinnen-von-menschenrechten","status":"publish","type":"post","link":"https:\/\/koff.swisspeace.ch\/apropos\/1726\/spendenaufruf-besserer-schutz-fur-verteidigerinnen-von-menschenrechten\/","title":{"rendered":"Spendenaufruf \u2013 Besserer Schutz f\u00fcr Verteidiger:innen von Menschenrechten"},"content":{"rendered":"\n<p>In einem von Krisen geplagten Umfeld arbeitet die Organisation <em>R\u00e9seau des D\u00e9fenseurs des Droits Humains en Afrique Centrale<\/em> (REDHAC) mit einem Netzwerk von \u00fcber 400 Menschenrechtsorganisationen in Kamerun und Umgebung daran, Menschenrechtsverteidiger:innen zu f\u00f6rdern, zu sch\u00fctzen und mittels Konfliktl\u00f6sungsmechanismen Frieden zu schaffen. Die sechs Mitarbeitenden von REDHAC reisen f\u00fcr diese Arbeit oft in abgelegene und schwer erreichbare Gegenden in den Konfliktgebieten, wo ihre pers\u00f6nliche Sicherheit akut gef\u00e4hrdet ist. Die Schweizer Hilfsorganisation miva m\u00f6chte diese wertvolle Arbeit unterst\u00fctzen und REDHAC ein eigenes Fahrzeug finanzieren, damit die Reisen sicherer werden. <\/p>\n\n\n\n<p>Vielen Dank f\u00fcr eine Spende f\u00fcr dieses miva-Projekt (Nr. 220041) auf <a href=\"http:\/\/www.miva.ch\">www.miva.ch<\/a>.<br><\/p>\n","protected":false},"excerpt":{"rendered":"<p>In einem von Krisen geplagten Umfeld arbeitet die Organisation R\u00e9seau des D\u00e9fenseurs des Droits Humains en Afrique Centrale (REDHAC) mit einem Netzwerk von \u00fcber 400 Menschenrechtsorganisationen in Kamerun und Umgebung daran, Menschenrechtsverteidiger:innen zu f\u00f6rdern, zu sch\u00fctzen und mittels Konfliktl\u00f6sungsmechanismen Frieden zu schaffen. Die sechs Mitarbeitenden von REDHAC reisen f\u00fcr diese Arbeit oft in abgelegene und <a href=\"https:\/\/koff.swisspeace.ch\/apropos\/1726\/spendenaufruf-besserer-schutz-fur-verteidigerinnen-von-menschenrechten\/\" class=\"more-link\">&#8230;<span class=\"screen-reader-text\">  Spendenaufruf \u2013 Besserer Schutz f\u00fcr Verteidiger:innen von Menschenrechten<\/span><\/a><\/p>\n","protected":false},"author":3,"featured_media":1723,"comment_status":"open","ping_status":"open","sticky":false,"template":"","format":"standard","meta":{"advgb_blocks_editor_width":"","advgb_blocks_columns_visual_guide":""},"categories":[71],"tags":[],"issue":[190],"acf":[],"author_meta":{"display_name":"\u00e0 propos","author_link":"https:\/\/koff.swisspeace.ch\/apropos\/author\/apropos\/"},"featured_img":"https:\/\/koff.swisspeace.ch\/apropos\/wp-content\/uploads\/2023\/06\/mivaNews181-600x331.png","coauthors":[],"tax_additional":{"categories":{"linked":["<a href=\"https:\/\/koff.swisspeace.ch\/apropos\/category\/news-de\/\" class=\"advgb-post-tax-term\">Aktuell<\/a>"],"unlinked":["<span class=\"advgb-post-tax-term\">Aktuell<\/span>"]}},"comment_count":0,"relative_dates":{"created":"Posted 3 years ago","modified":"Updated 3 years ago"},"absolute_dates":{"created":"Posted on July 2, 2023","modified":"Updated on July 3, 2023"},"absolute_dates_time":{"created":"Posted on July 2, 2023 1:55 pm","modified":"Updated on July 3, 2023 8:56 am"},"featured_img_caption":"","series_order":null,"_links":{"self":[{"href":"https:\/\/koff.swisspeace.ch\/apropos\/wp-json\/wp\/v2\/posts\/1726"}],"collection":[{"href":"https:\/\/koff.swisspeace.ch\/apropos\/wp-json\/wp\/v2\/posts"}],"about":[{"href":"https:\/\/koff.swisspeace.ch\/apropos\/wp-json\/wp\/v2\/types\/post"}],"author":[{"embeddable":true,"href":"https:\/\/koff.swisspeace.ch\/apropos\/wp-json\/wp\/v2\/users\/3"}],"replies":[{"embeddable":true,"href":"https:\/\/koff.swisspeace.ch\/apropos\/wp-json\/wp\/v2\/comments?post=1726"}],"version-history":[{"count":6,"href":"https:\/\/koff.swisspeace.ch\/apropos\/wp-json\/wp\/v2\/posts\/1726\/revisions"}],"predecessor-version":[{"id":2003,"href":"https:\/\/koff.swisspeace.ch\/apropos\/wp-json\/wp\/v2\/posts\/1726\/revisions\/2003"}],"wp:featuredmedia":[{"embeddable":true,"href":"https:\/\/koff.swisspeace.ch\/apropos\/wp-json\/wp\/v2\/media\/1723"}],"wp:attachment":[{"href":"https:\/\/koff.swisspeace.ch\/apropos\/wp-json\/wp\/v2\/media?parent=1726"}],"wp:term":[{"taxonomy":"category","embeddable":true,"href":"https:\/\/koff.swisspeace.ch\/apropos\/wp-json\/wp\/v2\/categories?post=1726"},{"taxonomy":"post_tag","embeddable":true,"href":"https:\/\/koff.swisspeace.ch\/apropos\/wp-json\/wp\/v2\/tags?post=1726"},{"taxonomy":"issue","embeddable":true,"href":"https:\/\/koff.swisspeace.ch\/apropos\/wp-json\/wp\/v2\/issue?post=1726"}],"curies":[{"name":"wp","href":"https:\/\/api.w.org\/{rel}","templated":true}]}}