{"id":1775,"date":"2023-07-02T14:08:20","date_gmt":"2023-07-02T14:08:20","guid":{"rendered":"https:\/\/koff.swisspeace.ch\/apropos\/?p=1775"},"modified":"2023-07-03T06:01:46","modified_gmt":"2023-07-03T06:01:46","slug":"6-friedenskonferenz-175-jahre-frieden-in-der-schweiz-visionen-fur-eine-aktive-friedensnation-schweiz","status":"publish","type":"post","link":"https:\/\/koff.swisspeace.ch\/apropos\/1775\/6-friedenskonferenz-175-jahre-frieden-in-der-schweiz-visionen-fur-eine-aktive-friedensnation-schweiz\/","title":{"rendered":"Events"},"content":{"rendered":"\n<h2 class=\"wp-block-heading advgb-dyn-71f63c35\">6. Friedenskonferenz: 175 Jahre Frieden in der Schweiz&nbsp;\u2013 Visionen f\u00fcr eine aktive Friedensnation Schweiz<\/h2>\n\n\n\n<p><strong>9. August 2023, Ilanz<\/strong><\/p>\n\n\n\n<p>Der politische Frieden in der Schweiz ist so alt wie die Bundesverfassung (1848). Doch wo steht die Friedensnation Schweiz heute? Welche neuen Wege sind einzuschlagen, damit wir uns in unserem Alltag sicher f\u00fchlen k\u00f6nnen? Das Forum f\u00fcr Friedenskultur l\u00e4dt zur 6. Friedenskonferenz in Ilanz ein und bietet zu diesen Fragen einen Open Space. <\/p>\n\n\n\n<p>Als Diskussionsimpulse dienen uns Thesen, die von der Arbeitsgruppe \u00abSicherheit neu denken\u00bb erarbeitet worden sind. Seit Januar 2023 besch\u00e4ftigt diese sich mit der Frage, wie eine Schweizer Friedens- und Sicherheitspolitik gef\u00f6rdert werden kann, die sich an der UNO-Charta orientiert. Die erarbeiteten Ergebnisse der Friedenskonferenz werden an der Veranstaltung <a href=\"https:\/\/www.ilanzersommer.ch\/veranstaltung\/3x3x3-raum-fuer-dialog\/\">\u00ab3x3x3 \u2013 Raum f\u00fcr Dialog: Sicherheit neu denken\u00bb<\/a> w\u00e4hrend des <a href=\"https:\/\/www.ilanzersommer.ch\/\">\u00abIlanzer Sommers\u00bb<\/a> weiter behandelt.<\/p>\n\n\n\n<p>Weitere Informationen und Anmeldung (offen ab 31.5.) <a href=\"http:\/\/www.forumfriedenskultur.ch\">hier<\/a>.<\/p>\n\n\n\n<p><\/p>\n\n\n\n<h2 class=\"wp-block-heading\"><strong>Internationales Forum zur interreligi\u00f6sen und transkulturellen Friedensf\u00f6rderung<\/strong><\/h2>\n\n\n\n<p><strong>17. August 2023, 14:00-17:00 &#8211; 18. August 2023, 14:00-16:00 MESZ (online, auf Englisch und Spanisch)<\/strong><\/p>\n\n\n\n<p><\/p>\n\n\n\n<p>Zahlreiche Partnerkirchen und Partnerorganisationen von Mission 21 leben in Krisen- und Konfliktregionen. Deshalb ist interreligi\u00f6se und transkulturelle Friedensf\u00f6rderung ein Hauptthema der Zusammenarbeit. Im Forum wird in Referaten und Gespr\u00e4chen er\u00f6rtert und diskutiert, wie sich Friedensinitiativen aus verschiedenen Kontexten gegenseitig unterst\u00fctzen k\u00f6nnen.<\/p>\n\n\n\n<p>Das Grundsatzreferat h\u00e4lt Septemmy Lakawa, Pr\u00e4sidentin der Theologischen Fakult\u00e4t Jakarta (Indonesien). Sie ist Professorin f\u00fcr Traumatheologie und feministische Theologie. Weitere Inputs kommen von Fachleuten aus Nigeria und Bolivien. Die Teilnehmenden werden sich mit Expert:innen aus unseren Partnerkirchen und -organisationen in Workshops austauschen k\u00f6nnen.<\/p>\n\n\n\n<p>Weitere Informationen und Anmeldung <a href=\"http:\/\/www.mission-21.org\/forum-peacebuilding-2023\" target=\"_blank\" rel=\"noreferrer noopener\">hier<\/a>.<\/p>\n\n\n\n<p><\/p>\n\n\n\n<h2 class=\"wp-block-heading\">Die 60-Jahr-Feier von Eirene Suisse<\/h2>\n\n\n\n<p><strong>16. September 2023 ab 15:00, Salle polyvalente du L\u00e9man in Apples<\/strong><\/p>\n\n\n\n<p>Dieses Jahr zelebriert Eirene Suisse ihr 60-j\u00e4hriges Engagement f\u00fcr den Frieden auf der ganzen Welt durch internationale Zusammenarbeit in Form eines Personenaustauschs. Alle Vermieter:innen, Mitglieder, Sympathisant:innen und Personen, die mehr \u00fcber ihre Aktivit\u00e4ten erfahren m\u00f6chten, sind herzlich eingeladen. An diesem Tag erwarten Sie zahlreiche \u00dcberraschungen. Der Grundpreis betr\u00e4gt 50 CHF (25 CHF f\u00fcr Kinder) und der Unterst\u00fctzungspreis 100 CHF, inklusive Aperitif, Mittagessen mit Vorspeise\/Hauptspeise\/Dessert und ersten Getr\u00e4nken. <\/p>\n\n\n\n<p>Weitere Informationen und Anmeldungen <a rel=\"noreferrer noopener\" href=\"info@eirenesuisse.ch\" target=\"_blank\">hier<\/a><\/p>\n","protected":false},"excerpt":{"rendered":"<p>6. Friedenskonferenz: 175 Jahre Frieden in der Schweiz&nbsp;\u2013 Visionen f\u00fcr eine aktive Friedensnation Schweiz 9. August 2023, Ilanz Der politische Frieden in der Schweiz ist so alt wie die Bundesverfassung (1848). Doch wo steht die Friedensnation Schweiz heute? Welche neuen Wege sind einzuschlagen, damit wir uns in unserem Alltag sicher f\u00fchlen k\u00f6nnen? Das Forum f\u00fcr <a href=\"https:\/\/koff.swisspeace.ch\/apropos\/1775\/6-friedenskonferenz-175-jahre-frieden-in-der-schweiz-visionen-fur-eine-aktive-friedensnation-schweiz\/\" class=\"more-link\">&#8230;<span class=\"screen-reader-text\">  Events<\/span><\/a><\/p>\n","protected":false},"author":3,"featured_media":392,"comment_status":"open","ping_status":"open","sticky":false,"template":"","format":"standard","meta":{"advgb_blocks_editor_width":"","advgb_blocks_columns_visual_guide":""},"categories":[93],"tags":[],"issue":[190],"acf":[],"author_meta":{"display_name":"\u00e0 propos","author_link":"https:\/\/koff.swisspeace.ch\/apropos\/author\/apropos\/"},"featured_img":"https:\/\/koff.swisspeace.ch\/apropos\/wp-content\/uploads\/2023\/01\/Bildschirmfoto-2023-01-03-um-11.57.47-e1672743726765-300x200.png","coauthors":[],"tax_additional":{"categories":{"linked":["<a href=\"https:\/\/koff.swisspeace.ch\/apropos\/category\/calendar-de\/\" class=\"advgb-post-tax-term\">Kalender<\/a>"],"unlinked":["<span class=\"advgb-post-tax-term\">Kalender<\/span>"]}},"comment_count":0,"relative_dates":{"created":"Posted 3 years ago","modified":"Updated 3 years ago"},"absolute_dates":{"created":"Posted on July 2, 2023","modified":"Updated on July 3, 2023"},"absolute_dates_time":{"created":"Posted on July 2, 2023 2:08 pm","modified":"Updated on July 3, 2023 6:01 am"},"featured_img_caption":"","series_order":null,"_links":{"self":[{"href":"https:\/\/koff.swisspeace.ch\/apropos\/wp-json\/wp\/v2\/posts\/1775"}],"collection":[{"href":"https:\/\/koff.swisspeace.ch\/apropos\/wp-json\/wp\/v2\/posts"}],"about":[{"href":"https:\/\/koff.swisspeace.ch\/apropos\/wp-json\/wp\/v2\/types\/post"}],"author":[{"embeddable":true,"href":"https:\/\/koff.swisspeace.ch\/apropos\/wp-json\/wp\/v2\/users\/3"}],"replies":[{"embeddable":true,"href":"https:\/\/koff.swisspeace.ch\/apropos\/wp-json\/wp\/v2\/comments?post=1775"}],"version-history":[{"count":12,"href":"https:\/\/koff.swisspeace.ch\/apropos\/wp-json\/wp\/v2\/posts\/1775\/revisions"}],"predecessor-version":[{"id":1937,"href":"https:\/\/koff.swisspeace.ch\/apropos\/wp-json\/wp\/v2\/posts\/1775\/revisions\/1937"}],"wp:featuredmedia":[{"embeddable":true,"href":"https:\/\/koff.swisspeace.ch\/apropos\/wp-json\/wp\/v2\/media\/392"}],"wp:attachment":[{"href":"https:\/\/koff.swisspeace.ch\/apropos\/wp-json\/wp\/v2\/media?parent=1775"}],"wp:term":[{"taxonomy":"category","embeddable":true,"href":"https:\/\/koff.swisspeace.ch\/apropos\/wp-json\/wp\/v2\/categories?post=1775"},{"taxonomy":"post_tag","embeddable":true,"href":"https:\/\/koff.swisspeace.ch\/apropos\/wp-json\/wp\/v2\/tags?post=1775"},{"taxonomy":"issue","embeddable":true,"href":"https:\/\/koff.swisspeace.ch\/apropos\/wp-json\/wp\/v2\/issue?post=1775"}],"curies":[{"name":"wp","href":"https:\/\/api.w.org\/{rel}","templated":true}]}}