{"id":1780,"date":"2023-07-02T14:09:13","date_gmt":"2023-07-02T14:09:13","guid":{"rendered":"https:\/\/koff.swisspeace.ch\/apropos\/?p=1780"},"modified":"2023-07-02T14:09:14","modified_gmt":"2023-07-02T14:09:14","slug":"evenements-3","status":"publish","type":"post","link":"https:\/\/koff.swisspeace.ch\/apropos\/1780\/evenements-3\/","title":{"rendered":"\u00c9v\u00e9nements"},"content":{"rendered":"\n<h2 class=\"wp-block-heading\">6e Conf\u00e9rence sur la paix : 175 ans de paix en Suisse \u2013 Visions pour une nation de paix active : la Suisse<\/h2>\n\n\n\n<p><strong>9 ao\u00fbt 2023<\/strong><\/p>\n\n\n\n<p>La paix politique en Suisse est aussi vieille que la Constitution f\u00e9d\u00e9rale (1848). Mais o\u00f9 en est aujourd&#8217;hui la Suisse, nation de paix ? Quelles sont les nouvelles voies \u00e0 suivre pour que nous puissions nous sentir en s\u00e9curit\u00e9 au quotidien ? Le 9 ao\u00fbt 2023, le Forum f\u00fcr Friedenskultur vous invite \u00e0 la 6e conf\u00e9rence sur la paix \u00e0 Ilanz et vous offre un espace ouvert pour aborder ces questions.<br>Des th\u00e8ses \u00e9labor\u00e9es par le groupe de travail &#8220;Sicherheit neu denken&#8221; serviront de base \u00e0 l&#8217;\u00e9change. Depuis janvier 2023, ce groupe se penche sur le soutien d&#8217;une politique suisse de paix et de s\u00e9curit\u00e9 qui s&#8217;oriente vers la Charte de l&#8217;ONU. Les r\u00e9sultats \u00e9labor\u00e9s par la Conf\u00e9rence sur la paix seront pr\u00e9sent\u00e9s lors de l&#8217;\u00e9v\u00e9nement &#8220;3x3x3 &#8211; Espace de dialogue : Repenser la s\u00e9curit\u00e9&#8221; pendant l&#8217;Ilanzer Sommer.<\/p>\n\n\n\n<p><a href=\"http:\/\/La paix politique en Suisse est aussi vieille que la Constitution f\u00e9d\u00e9rale (1848). Mais o\u00f9 en est aujourd'hui la Suisse, nation de paix ? Quelles sont les nouvelles voies \u00e0 suivre pour que nous puissions nous sentir en s\u00e9curit\u00e9 dans notre vie quotidienne ? Le 9 ao\u00fbt 2023, le Forum f\u00fcr Friedenskultur invite \u00e0 la 6e conf\u00e9rence sur la paix \u00e0 Ilanz et propose un espace ouvert sur ces questions.  Des th\u00e8ses \u00e9labor\u00e9es par le groupe de travail &quot;Repenser la s\u00e9curit\u00e9&quot; nous serviront d'impulsions \u00e0 la discussion. Depuis janvier 2023, celui-ci se penche sur la question de savoir comment promouvoir une politique suisse de paix et de s\u00e9curit\u00e9 qui s'oriente vers la Charte de l'ONU. Les r\u00e9sultats \u00e9labor\u00e9s par la Conf\u00e9rence sur la paix seront pr\u00e9sent\u00e9s lors de la manifestation &quot;3x3x3 - Espace de dialogue : Repenser la s\u00e9curit\u00e9&quot; pendant l'&quot;\u00e9t\u00e9 d'Ilanz&quot; (9 - 13 ao\u00fbt 2023).\">PLUS D&#8217;INFORMATIONS<\/a><\/p>\n\n\n\n<p><\/p>\n\n\n\n<h2 class=\"wp-block-heading\">Forum international sur la promotion de la paix interreligieuse et transculturelle<\/h2>\n\n\n\n<p><strong>17 ao\u00fbt 2023, 14h-17h, 18 ao\u00fbt 2023, 14h-16h CEST (en ligne, en anglais\/espagnol).<\/strong><\/p>\n\n\n\n<p><\/p>\n\n\n\n<p>De nombreuses \u00e9glises et organisations partenaires de Mission 21 vivent dans des r\u00e9gions en crise ou en conflit. C&#8217;est pourquoi la promotion interreligieuse et transculturelle de la paix est un th\u00e8me majeur de la consolidation de la paix. Lors du forum, des expos\u00e9s et des discussions permettront d&#8217;examiner et de d\u00e9battre de la mani\u00e8re dont les initiatives de paix issues de diff\u00e9rents contextes peuvent se soutenir mutuellement.<\/p>\n\n\n\n<p><a href=\"http:\/\/www.mission-21.org\/forum-peacebuilding-2023\" data-type=\"page\" data-id=\"1782\">PLUS D&#8217;INFORMATIONS<\/a><\/p>\n\n\n\n<h2 class=\"wp-block-heading\">Eirenne Suisse f\u00eate ses 60 ans<\/h2>\n\n\n\n<p><strong>16 septembre 2023 d\u00e8s 15h00 \u00e0 la salle polyvalente du L\u00e9man \u00e0 Apples <\/strong><\/p>\n\n\n\n<p>Cette ann\u00e9e, Eirene Suisse f\u00eate ses 60 ans d\u2019engagement en faveur de la paix \u00e0 travers le monde gr\u00e2ce \u00e0 la coop\u00e9ration internationale \u00e0 travers un \u00e9change interpersonnel. Toute\u00b7s les bailleurs, membres, sympathisante\u00b7s et personnes int\u00e9ress\u00e9es \u00e0 en d\u00e9couvrir plus sur les activit\u00e9s d&#8217;Eirenne y sont convi\u00e9e\u00b7s. De nombreuses surprises vous attendent lors de cette journ\u00e9e. Un frais de participation de base est fix\u00e9 \u00e0 50.- CHF (25.- CHF prix enfants) et un frais de soutien \u00e0 l&#8217;organisation \u00e0 100.- CHF incluant l\u2019ap\u00e9ro, le repas avec entr\u00e9e\/plat\/dessert et les premi\u00e8res boissons. Les membres d&#8217;Eirenne Suisse se r\u00e9jouissent de f\u00eater avec vous ces longues ann\u00e9es d\u2019engagement ! <\/p>\n\n\n\n<p><a href=\"info@eirenesuisse.ch\" target=\"_blank\" rel=\"noreferrer noopener\">PLUS D&#8217;INFORMATIONS<\/a><\/p>\n","protected":false},"excerpt":{"rendered":"<p>6e Conf\u00e9rence sur la paix : 175 ans de paix en Suisse \u2013 Visions pour une nation de paix active : la Suisse 9 ao\u00fbt 2023 La paix politique en Suisse est aussi vieille que la Constitution f\u00e9d\u00e9rale (1848). Mais o\u00f9 en est aujourd&#8217;hui la Suisse, nation de paix ? Quelles sont les nouvelles voies <a href=\"https:\/\/koff.swisspeace.ch\/apropos\/1780\/evenements-3\/\" class=\"more-link\">&#8230;<span class=\"screen-reader-text\">  \u00c9v\u00e9nements<\/span><\/a><\/p>\n","protected":false},"author":3,"featured_media":392,"comment_status":"open","ping_status":"open","sticky":false,"template":"","format":"standard","meta":{"advgb_blocks_editor_width":"","advgb_blocks_columns_visual_guide":""},"categories":[97],"tags":[],"issue":[192],"acf":[],"author_meta":{"display_name":"\u00e0 propos","author_link":"https:\/\/koff.swisspeace.ch\/apropos\/author\/apropos\/"},"featured_img":"https:\/\/koff.swisspeace.ch\/apropos\/wp-content\/uploads\/2023\/01\/Bildschirmfoto-2023-01-03-um-11.57.47-e1672743726765-300x200.png","coauthors":[],"tax_additional":{"categories":{"linked":["<a href=\"https:\/\/koff.swisspeace.ch\/apropos\/category\/calendar-fr\/\" class=\"advgb-post-tax-term\">Calendrier<\/a>"],"unlinked":["<span class=\"advgb-post-tax-term\">Calendrier<\/span>"]}},"comment_count":0,"relative_dates":{"created":"Posted 3 years ago","modified":"Updated 3 years ago"},"absolute_dates":{"created":"Posted on July 2, 2023","modified":"Updated on July 2, 2023"},"absolute_dates_time":{"created":"Posted on July 2, 2023 2:09 pm","modified":"Updated on July 2, 2023 2:09 pm"},"featured_img_caption":"","series_order":null,"_links":{"self":[{"href":"https:\/\/koff.swisspeace.ch\/apropos\/wp-json\/wp\/v2\/posts\/1780"}],"collection":[{"href":"https:\/\/koff.swisspeace.ch\/apropos\/wp-json\/wp\/v2\/posts"}],"about":[{"href":"https:\/\/koff.swisspeace.ch\/apropos\/wp-json\/wp\/v2\/types\/post"}],"author":[{"embeddable":true,"href":"https:\/\/koff.swisspeace.ch\/apropos\/wp-json\/wp\/v2\/users\/3"}],"replies":[{"embeddable":true,"href":"https:\/\/koff.swisspeace.ch\/apropos\/wp-json\/wp\/v2\/comments?post=1780"}],"version-history":[{"count":3,"href":"https:\/\/koff.swisspeace.ch\/apropos\/wp-json\/wp\/v2\/posts\/1780\/revisions"}],"predecessor-version":[{"id":1785,"href":"https:\/\/koff.swisspeace.ch\/apropos\/wp-json\/wp\/v2\/posts\/1780\/revisions\/1785"}],"wp:featuredmedia":[{"embeddable":true,"href":"https:\/\/koff.swisspeace.ch\/apropos\/wp-json\/wp\/v2\/media\/392"}],"wp:attachment":[{"href":"https:\/\/koff.swisspeace.ch\/apropos\/wp-json\/wp\/v2\/media?parent=1780"}],"wp:term":[{"taxonomy":"category","embeddable":true,"href":"https:\/\/koff.swisspeace.ch\/apropos\/wp-json\/wp\/v2\/categories?post=1780"},{"taxonomy":"post_tag","embeddable":true,"href":"https:\/\/koff.swisspeace.ch\/apropos\/wp-json\/wp\/v2\/tags?post=1780"},{"taxonomy":"issue","embeddable":true,"href":"https:\/\/koff.swisspeace.ch\/apropos\/wp-json\/wp\/v2\/issue?post=1780"}],"curies":[{"name":"wp","href":"https:\/\/api.w.org\/{rel}","templated":true}]}}