{"id":1787,"date":"2023-07-02T13:58:54","date_gmt":"2023-07-02T13:58:54","guid":{"rendered":"https:\/\/koff.swisspeace.ch\/apropos\/?p=1787"},"modified":"2023-07-03T08:45:55","modified_gmt":"2023-07-03T08:45:55","slug":"approche-inclusive-de-lheritage-des-conflits","status":"publish","type":"post","link":"https:\/\/koff.swisspeace.ch\/apropos\/1787\/approche-inclusive-de-lheritage-des-conflits\/","title":{"rendered":"Approche inclusive de l&#8217;h\u00e9ritage des conflits"},"content":{"rendered":"\n<p>Lors du webinaire &#8220;Memory and Transformation&#8221; organis\u00e9 par Femmes de Paix Autour du Monde, cfd &#8211; l&#8217;Organisation f\u00e9ministe pour la paix et KOFF, des expert\u00b7es et des participant\u00b7es se sont pench\u00e9\u00b7es sur tout ce que la violence et l&#8217;injustice li\u00e9es aux conflits ont laiss\u00e9 en h\u00e9ritage. Il s&#8217;agissait en particulier de savoir quelles voix et exp\u00e9riences sont exclues du processus de traitement de cet h\u00e9ritage qui r\u00e9sonne encore aujourd&#8217;hui et quelles sont les cons\u00e9quences de cette exclusion. Le visionnage du webinaire est d\u00e9sormais disponible <a href=\"https:\/\/1000peacewomen.org\/en\/news\/inclusive-approach-to-legacy-of-conflict\" target=\"_blank\" rel=\"noreferrer noopener\">ici<\/a>.<\/p>\n","protected":false},"excerpt":{"rendered":"<p>Lors du webinaire &#8220;Memory and Transformation&#8221; organis\u00e9 par Femmes de Paix Autour du Monde, cfd &#8211; l&#8217;Organisation f\u00e9ministe pour la paix et KOFF, des expert\u00b7es et des participant\u00b7es se sont pench\u00e9\u00b7es sur tout ce que la violence et l&#8217;injustice li\u00e9es aux conflits ont laiss\u00e9 en h\u00e9ritage. Il s&#8217;agissait en particulier de savoir quelles voix et <a href=\"https:\/\/koff.swisspeace.ch\/apropos\/1787\/approche-inclusive-de-lheritage-des-conflits\/\" class=\"more-link\">&#8230;<span class=\"screen-reader-text\">  Approche inclusive de l&#8217;h\u00e9ritage des conflits<\/span><\/a><\/p>\n","protected":false},"author":3,"featured_media":1713,"comment_status":"open","ping_status":"open","sticky":false,"template":"","format":"standard","meta":{"advgb_blocks_editor_width":"","advgb_blocks_columns_visual_guide":""},"categories":[99],"tags":[],"issue":[192],"acf":[],"author_meta":{"display_name":"\u00e0 propos","author_link":"https:\/\/koff.swisspeace.ch\/apropos\/author\/apropos\/"},"featured_img":"https:\/\/koff.swisspeace.ch\/apropos\/wp-content\/uploads\/2023\/06\/PWAG-600x353.png","coauthors":[],"tax_additional":{"categories":{"linked":["<a href=\"https:\/\/koff.swisspeace.ch\/apropos\/category\/news-fr\/\" class=\"advgb-post-tax-term\">Actualit\u00e9<\/a>"],"unlinked":["<span class=\"advgb-post-tax-term\">Actualit\u00e9<\/span>"]}},"comment_count":0,"relative_dates":{"created":"Posted 3 years ago","modified":"Updated 3 years ago"},"absolute_dates":{"created":"Posted on July 2, 2023","modified":"Updated on July 3, 2023"},"absolute_dates_time":{"created":"Posted on July 2, 2023 1:58 pm","modified":"Updated on July 3, 2023 8:45 am"},"featured_img_caption":"","series_order":null,"_links":{"self":[{"href":"https:\/\/koff.swisspeace.ch\/apropos\/wp-json\/wp\/v2\/posts\/1787"}],"collection":[{"href":"https:\/\/koff.swisspeace.ch\/apropos\/wp-json\/wp\/v2\/posts"}],"about":[{"href":"https:\/\/koff.swisspeace.ch\/apropos\/wp-json\/wp\/v2\/types\/post"}],"author":[{"embeddable":true,"href":"https:\/\/koff.swisspeace.ch\/apropos\/wp-json\/wp\/v2\/users\/3"}],"replies":[{"embeddable":true,"href":"https:\/\/koff.swisspeace.ch\/apropos\/wp-json\/wp\/v2\/comments?post=1787"}],"version-history":[{"count":6,"href":"https:\/\/koff.swisspeace.ch\/apropos\/wp-json\/wp\/v2\/posts\/1787\/revisions"}],"predecessor-version":[{"id":1987,"href":"https:\/\/koff.swisspeace.ch\/apropos\/wp-json\/wp\/v2\/posts\/1787\/revisions\/1987"}],"wp:featuredmedia":[{"embeddable":true,"href":"https:\/\/koff.swisspeace.ch\/apropos\/wp-json\/wp\/v2\/media\/1713"}],"wp:attachment":[{"href":"https:\/\/koff.swisspeace.ch\/apropos\/wp-json\/wp\/v2\/media?parent=1787"}],"wp:term":[{"taxonomy":"category","embeddable":true,"href":"https:\/\/koff.swisspeace.ch\/apropos\/wp-json\/wp\/v2\/categories?post=1787"},{"taxonomy":"post_tag","embeddable":true,"href":"https:\/\/koff.swisspeace.ch\/apropos\/wp-json\/wp\/v2\/tags?post=1787"},{"taxonomy":"issue","embeddable":true,"href":"https:\/\/koff.swisspeace.ch\/apropos\/wp-json\/wp\/v2\/issue?post=1787"}],"curies":[{"name":"wp","href":"https:\/\/api.w.org\/{rel}","templated":true}]}}