{"id":1790,"date":"2023-07-02T13:56:21","date_gmt":"2023-07-02T13:56:21","guid":{"rendered":"https:\/\/koff.swisspeace.ch\/apropos\/?p=1790"},"modified":"2023-07-03T08:55:21","modified_gmt":"2023-07-03T08:55:21","slug":"appel-aux-dons-une-meilleure-protection-pour-les-defenseur%c2%b7ses-des-droits-humains","status":"publish","type":"post","link":"https:\/\/koff.swisspeace.ch\/apropos\/1790\/appel-aux-dons-une-meilleure-protection-pour-les-defenseur%c2%b7ses-des-droits-humains\/","title":{"rendered":"Appel aux dons \u2013 Une meilleure protection pour les d\u00e9fenseur\u00b7ses des droits humains"},"content":{"rendered":"\n<p>Dans un contexte de crise, le R\u00e9seau des D\u00e9fenseurs des Droits Humains en Afrique Centrale (REDHAC) travaille avec plus de 400 organisations de d\u00e9fense des droits humains au Cameroun et dans les environs. Il vise \u00e0 promouvoir et prot\u00e9ger les d\u00e9fenseur\u00b7ses des droits de l&#8217;homme et instaurer la paix gr\u00e2ce \u00e0 des m\u00e9canismes de r\u00e9solution des conflits. Pour ce faire, les six collaborateur\u00b7rices du REDHAC se rendent dans des r\u00e9gions recul\u00e9es en conflit et difficiles d&#8217;acc\u00e8s, o\u00f9 leur propre s\u00e9curit\u00e9 est menac\u00e9e. Afin de rendre leurs voyages plus s\u00fbrs et soutenir leur travail, l&#8217;organisation humanitaire miva souhaite leur financer un v\u00e9hicule. miva se r\u00e9jouit par avance de vos dons (n\u00b0 220041) \u00e0 verser sur <a rel=\"noreferrer noopener\" href=\"http:\/\/www.miva.ch\" target=\"_blank\">www.miva.ch<\/a>.<\/p>\n","protected":false},"excerpt":{"rendered":"<p>Dans un contexte de crise, le R\u00e9seau des D\u00e9fenseurs des Droits Humains en Afrique Centrale (REDHAC) travaille avec plus de 400 organisations de d\u00e9fense des droits humains au Cameroun et dans les environs. Il vise \u00e0 promouvoir et prot\u00e9ger les d\u00e9fenseur\u00b7ses des droits de l&#8217;homme et instaurer la paix gr\u00e2ce \u00e0 des m\u00e9canismes de r\u00e9solution <a href=\"https:\/\/koff.swisspeace.ch\/apropos\/1790\/appel-aux-dons-une-meilleure-protection-pour-les-defenseur%c2%b7ses-des-droits-humains\/\" class=\"more-link\">&#8230;<span class=\"screen-reader-text\">  Appel aux dons \u2013 Une meilleure protection pour les d\u00e9fenseur\u00b7ses des droits humains<\/span><\/a><\/p>\n","protected":false},"author":3,"featured_media":1723,"comment_status":"open","ping_status":"open","sticky":false,"template":"","format":"standard","meta":{"advgb_blocks_editor_width":"","advgb_blocks_columns_visual_guide":""},"categories":[99],"tags":[],"issue":[192],"acf":[],"author_meta":{"display_name":"\u00e0 propos","author_link":"https:\/\/koff.swisspeace.ch\/apropos\/author\/apropos\/"},"featured_img":"https:\/\/koff.swisspeace.ch\/apropos\/wp-content\/uploads\/2023\/06\/mivaNews181-600x331.png","coauthors":[],"tax_additional":{"categories":{"linked":["<a href=\"https:\/\/koff.swisspeace.ch\/apropos\/category\/news-fr\/\" class=\"advgb-post-tax-term\">Actualit\u00e9<\/a>"],"unlinked":["<span class=\"advgb-post-tax-term\">Actualit\u00e9<\/span>"]}},"comment_count":0,"relative_dates":{"created":"Posted 3 years ago","modified":"Updated 3 years ago"},"absolute_dates":{"created":"Posted on July 2, 2023","modified":"Updated on July 3, 2023"},"absolute_dates_time":{"created":"Posted on July 2, 2023 1:56 pm","modified":"Updated on July 3, 2023 8:55 am"},"featured_img_caption":"","series_order":null,"_links":{"self":[{"href":"https:\/\/koff.swisspeace.ch\/apropos\/wp-json\/wp\/v2\/posts\/1790"}],"collection":[{"href":"https:\/\/koff.swisspeace.ch\/apropos\/wp-json\/wp\/v2\/posts"}],"about":[{"href":"https:\/\/koff.swisspeace.ch\/apropos\/wp-json\/wp\/v2\/types\/post"}],"author":[{"embeddable":true,"href":"https:\/\/koff.swisspeace.ch\/apropos\/wp-json\/wp\/v2\/users\/3"}],"replies":[{"embeddable":true,"href":"https:\/\/koff.swisspeace.ch\/apropos\/wp-json\/wp\/v2\/comments?post=1790"}],"version-history":[{"count":6,"href":"https:\/\/koff.swisspeace.ch\/apropos\/wp-json\/wp\/v2\/posts\/1790\/revisions"}],"predecessor-version":[{"id":2002,"href":"https:\/\/koff.swisspeace.ch\/apropos\/wp-json\/wp\/v2\/posts\/1790\/revisions\/2002"}],"wp:featuredmedia":[{"embeddable":true,"href":"https:\/\/koff.swisspeace.ch\/apropos\/wp-json\/wp\/v2\/media\/1723"}],"wp:attachment":[{"href":"https:\/\/koff.swisspeace.ch\/apropos\/wp-json\/wp\/v2\/media?parent=1790"}],"wp:term":[{"taxonomy":"category","embeddable":true,"href":"https:\/\/koff.swisspeace.ch\/apropos\/wp-json\/wp\/v2\/categories?post=1790"},{"taxonomy":"post_tag","embeddable":true,"href":"https:\/\/koff.swisspeace.ch\/apropos\/wp-json\/wp\/v2\/tags?post=1790"},{"taxonomy":"issue","embeddable":true,"href":"https:\/\/koff.swisspeace.ch\/apropos\/wp-json\/wp\/v2\/issue?post=1790"}],"curies":[{"name":"wp","href":"https:\/\/api.w.org\/{rel}","templated":true}]}}