{"id":1796,"date":"2023-07-03T06:19:45","date_gmt":"2023-07-03T06:19:45","guid":{"rendered":"https:\/\/koff.swisspeace.ch\/apropos\/?p=1796"},"modified":"2023-07-03T10:02:27","modified_gmt":"2023-07-03T10:02:27","slug":"comment-integrer-linclusion-et-la-cohesion-dans-le-lien-entre-laide-humanitaire-et-le-developpement","status":"publish","type":"post","link":"https:\/\/koff.swisspeace.ch\/apropos\/1796\/comment-integrer-linclusion-et-la-cohesion-dans-le-lien-entre-laide-humanitaire-et-le-developpement\/","title":{"rendered":"Comment int\u00e9grer l&#8217;inclusion et la coh\u00e9sion dans le lien entre l&#8217;aide humanitaire et le d\u00e9veloppement ?"},"content":{"rendered":"\n<p>La version courte du guide des ressources humanitaires sur l&#8217;int\u00e9gration des voix, l&#8217;inclusion et la coh\u00e9sion (VIC) d&#8217;Helvetas donne un aper\u00e7u rapide des approches et des outils que notre domaine de travail et nos \u00e9quipes peuvent appliquer pour analyser, mettre en \u0153uvre et \u00e9valuer des programmes humanitaires complexes.<\/p>\n\n\n\n<p>Cliquez <a href=\"https:\/\/koff.swisspeace.ch\/fileadmin\/user_upload\/6_Dokumente\/HSI_VIC_Resource_Guide_ShortVersion.pdf\">ici<\/a> pour consulter la version courte du guide et en savoir plus les id\u00e9es, comp\u00e9tences et expertise d&#8217;Helvetas.<\/p>\n","protected":false},"excerpt":{"rendered":"<p>La version courte du guide des ressources humanitaires sur l&#8217;int\u00e9gration des voix, l&#8217;inclusion et la coh\u00e9sion (VIC) d&#8217;Helvetas donne un aper\u00e7u rapide des approches et des outils que notre domaine de travail et nos \u00e9quipes peuvent appliquer pour analyser, mettre en \u0153uvre et \u00e9valuer des programmes humanitaires complexes. Cliquez ici pour consulter la version courte <a href=\"https:\/\/koff.swisspeace.ch\/apropos\/1796\/comment-integrer-linclusion-et-la-cohesion-dans-le-lien-entre-laide-humanitaire-et-le-developpement\/\" class=\"more-link\">&#8230;<span class=\"screen-reader-text\">  Comment int\u00e9grer l&#8217;inclusion et la coh\u00e9sion dans le lien entre l&#8217;aide humanitaire et le d\u00e9veloppement ?<\/span><\/a><\/p>\n","protected":false},"author":3,"featured_media":1707,"comment_status":"open","ping_status":"open","sticky":false,"template":"","format":"standard","meta":{"advgb_blocks_editor_width":"","advgb_blocks_columns_visual_guide":""},"categories":[99],"tags":[],"issue":[192],"acf":[],"author_meta":{"display_name":"\u00e0 propos","author_link":"https:\/\/koff.swisspeace.ch\/apropos\/author\/apropos\/"},"featured_img":"https:\/\/koff.swisspeace.ch\/apropos\/wp-content\/uploads\/2023\/06\/NewsHelvetas181_Marco-knobel-600x332.png","coauthors":[],"tax_additional":{"categories":{"linked":["<a href=\"https:\/\/koff.swisspeace.ch\/apropos\/category\/news-fr\/\" class=\"advgb-post-tax-term\">Actualit\u00e9<\/a>"],"unlinked":["<span class=\"advgb-post-tax-term\">Actualit\u00e9<\/span>"]}},"comment_count":0,"relative_dates":{"created":"Posted 3 years ago","modified":"Updated 3 years ago"},"absolute_dates":{"created":"Posted on July 3, 2023","modified":"Updated on July 3, 2023"},"absolute_dates_time":{"created":"Posted on July 3, 2023 6:19 am","modified":"Updated on July 3, 2023 10:02 am"},"featured_img_caption":"","series_order":null,"_links":{"self":[{"href":"https:\/\/koff.swisspeace.ch\/apropos\/wp-json\/wp\/v2\/posts\/1796"}],"collection":[{"href":"https:\/\/koff.swisspeace.ch\/apropos\/wp-json\/wp\/v2\/posts"}],"about":[{"href":"https:\/\/koff.swisspeace.ch\/apropos\/wp-json\/wp\/v2\/types\/post"}],"author":[{"embeddable":true,"href":"https:\/\/koff.swisspeace.ch\/apropos\/wp-json\/wp\/v2\/users\/3"}],"replies":[{"embeddable":true,"href":"https:\/\/koff.swisspeace.ch\/apropos\/wp-json\/wp\/v2\/comments?post=1796"}],"version-history":[{"count":8,"href":"https:\/\/koff.swisspeace.ch\/apropos\/wp-json\/wp\/v2\/posts\/1796\/revisions"}],"predecessor-version":[{"id":2048,"href":"https:\/\/koff.swisspeace.ch\/apropos\/wp-json\/wp\/v2\/posts\/1796\/revisions\/2048"}],"wp:featuredmedia":[{"embeddable":true,"href":"https:\/\/koff.swisspeace.ch\/apropos\/wp-json\/wp\/v2\/media\/1707"}],"wp:attachment":[{"href":"https:\/\/koff.swisspeace.ch\/apropos\/wp-json\/wp\/v2\/media?parent=1796"}],"wp:term":[{"taxonomy":"category","embeddable":true,"href":"https:\/\/koff.swisspeace.ch\/apropos\/wp-json\/wp\/v2\/categories?post=1796"},{"taxonomy":"post_tag","embeddable":true,"href":"https:\/\/koff.swisspeace.ch\/apropos\/wp-json\/wp\/v2\/tags?post=1796"},{"taxonomy":"issue","embeddable":true,"href":"https:\/\/koff.swisspeace.ch\/apropos\/wp-json\/wp\/v2\/issue?post=1796"}],"curies":[{"name":"wp","href":"https:\/\/api.w.org\/{rel}","templated":true}]}}