{"id":1811,"date":"2023-07-03T06:20:11","date_gmt":"2023-07-03T06:20:11","guid":{"rendered":"https:\/\/koff.swisspeace.ch\/apropos\/?p=1811"},"modified":"2023-07-03T06:20:12","modified_gmt":"2023-07-03T06:20:12","slug":"swisspeace-offre-un-nouveau-cas-dealing-with-the-past","status":"publish","type":"post","link":"https:\/\/koff.swisspeace.ch\/apropos\/1811\/swisspeace-offre-un-nouveau-cas-dealing-with-the-past\/","title":{"rendered":"swisspeace offre un nouveau CAS dealing with the Past"},"content":{"rendered":"\n<p>Le &#8220;Certificate of Advanced Studies (CAS) Dealing with the Past&#8221; explore la mani\u00e8re dont les soci\u00e9t\u00e9s  g\u00e8rent le pass\u00e9 et se pr\u00e9parent \u00e0 l&#8217;avenir \u00e0 l&#8217;issue de conflits violents. Le programme se d\u00e9roule sur un an et d\u00e9bute \u00e0 l&#8217;automne 2023. Les trois modules du programme auront lieu au centre culturel kHaus \u00e0 B\u00e2le ou sous forme virtuelle.<br>La recherche d&#8217;une solution \u00e0 un pass\u00e9 violent est souvent consid\u00e9r\u00e9e comme la base d&#8217;une paix durable, pour que s&#8217;\u00e9tablissent la d\u00e9mocratie et l&#8217;\u00c9tat de droit. Cela peut impliquer de traiter des crimes commis pendant un conflit arm\u00e9, un r\u00e9gime autoritaire ou une occupation, et de s&#8217;attaquer aux restes de la domination coloniale. Dans le CAS Dealing with the Past, vous discuterez de mani\u00e8re critique de ces processus, \u00e9tudierez et comparerez des \u00e9tudes de cas concrets et r\u00e9fl\u00e9chirez \u00e0 des approches transformatives de traitement du pass\u00e9.<\/p>\n","protected":false},"excerpt":{"rendered":"<p>Le &#8220;Certificate of Advanced Studies (CAS) Dealing with the Past&#8221; explore la mani\u00e8re dont les soci\u00e9t\u00e9s g\u00e8rent le pass\u00e9 et se pr\u00e9parent \u00e0 l&#8217;avenir \u00e0 l&#8217;issue de conflits violents. Le programme se d\u00e9roule sur un an et d\u00e9bute \u00e0 l&#8217;automne 2023. Les trois modules du programme auront lieu au centre culturel kHaus \u00e0 B\u00e2le ou <a href=\"https:\/\/koff.swisspeace.ch\/apropos\/1811\/swisspeace-offre-un-nouveau-cas-dealing-with-the-past\/\" class=\"more-link\">&#8230;<span class=\"screen-reader-text\">  swisspeace offre un nouveau CAS dealing with the Past<\/span><\/a><\/p>\n","protected":false},"author":3,"featured_media":1693,"comment_status":"open","ping_status":"open","sticky":false,"template":"","format":"standard","meta":{"advgb_blocks_editor_width":"","advgb_blocks_columns_visual_guide":""},"categories":[99],"tags":[],"issue":[192],"acf":[],"author_meta":{"display_name":"\u00e0 propos","author_link":"https:\/\/koff.swisspeace.ch\/apropos\/author\/apropos\/"},"featured_img":"https:\/\/koff.swisspeace.ch\/apropos\/wp-content\/uploads\/2023\/06\/Terraced-rice-field-600x331.png","coauthors":[],"tax_additional":{"categories":{"linked":["<a href=\"https:\/\/koff.swisspeace.ch\/apropos\/category\/news-fr\/\" class=\"advgb-post-tax-term\">Actualit\u00e9<\/a>"],"unlinked":["<span class=\"advgb-post-tax-term\">Actualit\u00e9<\/span>"]}},"comment_count":0,"relative_dates":{"created":"Posted 3 years ago","modified":"Updated 3 years ago"},"absolute_dates":{"created":"Posted on July 3, 2023","modified":"Updated on July 3, 2023"},"absolute_dates_time":{"created":"Posted on July 3, 2023 6:20 am","modified":"Updated on July 3, 2023 6:20 am"},"featured_img_caption":"","series_order":null,"_links":{"self":[{"href":"https:\/\/koff.swisspeace.ch\/apropos\/wp-json\/wp\/v2\/posts\/1811"}],"collection":[{"href":"https:\/\/koff.swisspeace.ch\/apropos\/wp-json\/wp\/v2\/posts"}],"about":[{"href":"https:\/\/koff.swisspeace.ch\/apropos\/wp-json\/wp\/v2\/types\/post"}],"author":[{"embeddable":true,"href":"https:\/\/koff.swisspeace.ch\/apropos\/wp-json\/wp\/v2\/users\/3"}],"replies":[{"embeddable":true,"href":"https:\/\/koff.swisspeace.ch\/apropos\/wp-json\/wp\/v2\/comments?post=1811"}],"version-history":[{"count":2,"href":"https:\/\/koff.swisspeace.ch\/apropos\/wp-json\/wp\/v2\/posts\/1811\/revisions"}],"predecessor-version":[{"id":1813,"href":"https:\/\/koff.swisspeace.ch\/apropos\/wp-json\/wp\/v2\/posts\/1811\/revisions\/1813"}],"wp:featuredmedia":[{"embeddable":true,"href":"https:\/\/koff.swisspeace.ch\/apropos\/wp-json\/wp\/v2\/media\/1693"}],"wp:attachment":[{"href":"https:\/\/koff.swisspeace.ch\/apropos\/wp-json\/wp\/v2\/media?parent=1811"}],"wp:term":[{"taxonomy":"category","embeddable":true,"href":"https:\/\/koff.swisspeace.ch\/apropos\/wp-json\/wp\/v2\/categories?post=1811"},{"taxonomy":"post_tag","embeddable":true,"href":"https:\/\/koff.swisspeace.ch\/apropos\/wp-json\/wp\/v2\/tags?post=1811"},{"taxonomy":"issue","embeddable":true,"href":"https:\/\/koff.swisspeace.ch\/apropos\/wp-json\/wp\/v2\/issue?post=1811"}],"curies":[{"name":"wp","href":"https:\/\/api.w.org\/{rel}","templated":true}]}}