{"id":1824,"date":"2023-07-03T06:20:25","date_gmt":"2023-07-03T06:20:25","guid":{"rendered":"https:\/\/koff.swisspeace.ch\/apropos\/?p=1824"},"modified":"2023-07-03T08:39:58","modified_gmt":"2023-07-03T08:39:58","slug":"reimaginons-le-financement-de-la-promotion-de-la-paix","status":"publish","type":"post","link":"https:\/\/koff.swisspeace.ch\/apropos\/1824\/reimaginons-le-financement-de-la-promotion-de-la-paix\/","title":{"rendered":"R\u00e9imaginons le financement de la promotion de la paix"},"content":{"rendered":"\n<p><\/p>\n\n\n\n<p>La promotion de la paix \u00e0 l&#8217;\u00e9chelle mondiale doit affronter trois r\u00e9alit\u00e9s difficiles en ce qui concerne le financement de la consolidation de la paix:<\/p>\n\n\n\n<ol>\n<li>Malgr\u00e9 la complexit\u00e9 et la prolongation des conflits, les ressources financi\u00e8res consacr\u00e9es \u00e0 la promotion de la paix diminuent.<\/li>\n\n\n\n<li>S\u2019appuyer uniquement sur quelques \u00abdonateur\u00b7rices traditionnel\u00b7les\u00bb ne sera jamais suffisant pour r\u00e9pondre aux besoins mondiaux en mati\u00e8re de promotion de la paix.<\/li>\n\n\n\n<li>Il faut s&#8217;attendre \u00e0 ce que les sources de financement existantes destin\u00e9es \u00e0 la consolidation de la paix diminuent davantage.<\/li>\n<\/ol>\n\n\n\n<p>Alors, que pouvons-nous faire? Au moins deux domaines majeurs peuvent \u00eatre repens\u00e9s pour changer les choses.<\/p>\n\n\n\n<p>Premi\u00e8rement, nous devons maximiser l&#8217;utilisation des ressources existantes allou\u00e9es \u00e0 la consolidation de la paix. Les financements concessionnels des banques multilat\u00e9rales de d\u00e9veloppement (BMD) et des institutions de financement du d\u00e9veloppement (IFD) rec\u00e8lent un \u00e9norme potentiel inexploit\u00e9 en mati\u00e8re de promotion de la paix. Alors que 75% des personnes extr\u00eamement pauvres dans le monde vivent dans des environnements fragiles, le lien \u00e9troit entre la paix et le d\u00e9veloppement \u00e9conomique ne peut \u00eatre ignor\u00e9. Les financements alloue\u00e9s \u00e0 l&#8217;aide au d\u00e9veloppement \u00e9tant au moins 50 fois sup\u00e9rieurs \u00e0 ceux destin\u00e9s \u00e0 la promotion de la paix (50 milliards USD contre 1 milliard USD), leur potentiel de contribution \u00e0 la paix est \u00e9norme.<\/p>\n\n\n\n<p>Pourtant, la majorit\u00e9 de ces financements sont engag\u00e9s sans prise en compte ad\u00e9quate des conflits, et sans strat\u00e9gie intentionnelle de consolidation de la paix. C\u2019est l\u2019un des plus grands angles morts des approches multilat\u00e9rales du d\u00e9veloppement aujourd\u2019hui. Une \u00e9tude r\u00e9cente du CGIAR a pass\u00e9 en revue 22 fonds multilat\u00e9raux pour le climat et a constat\u00e9 que seuls 4% des financements accord\u00e9s dans des contextes fragiles comportaient des mesures actives de prise en compte des conflits. De plus, une <a rel=\"noreferrer noopener\" href=\"https:\/\/financeforpeace.org\/resources\/mapping-investment-guidance-for-peace-2023\/\" target=\"_blank\">\u00e9tude cartographique<\/a> r\u00e9alis\u00e9e par l\u2019initiative Finance for Peace d\u2019Interpeace a montr\u00e9 que la plupart des cadres d\u2019investissement des BMD et des IFD ignorent largement les consid\u00e9rations relatives \u00e0 la paix et aux conflits. Pour cette raison, l\u2019<a rel=\"noreferrer noopener\" href=\"https:\/\/financeforpeace.org\/\" target=\"_blank\">initiative Finance for Peace<\/a> collabore avec des institutions telles que la Banque africaine de d\u00e9veloppement pour mettre en \u0153uvre un nouveau <a rel=\"noreferrer noopener\" href=\"https:\/\/financeforpeace.org\/resources\/peace-finance-impact-framework-v1\/\" target=\"_blank\">cadre d\u2019impact du financement de la paix (Peace Finance Impact Framework \u2013 PFIF)<\/a> qui vise \u00e0 aligner les strat\u00e9gies d\u2019investissement avec les effets intentionnels sur la paix.<\/p>\n\n\n\n<p>Deuxi\u00e8mement, nous devons tirer parti des ressources du secteur priv\u00e9, malgr\u00e9 des <a rel=\"noreferrer noopener\" href=\"https:\/\/financeforpeace.org\/resources\/peace-impact-of-private-investments-evidence-from-multinationals-investments-in-africa\/\" target=\"_blank\">preuves<\/a> d\u00e9montrant que les investissements du secteur priv\u00e9 dans les zones \u00e0 faible revenu et fragiles exacerbent souvent les dynamiques de conflit en modifiant l&#8217;acc\u00e8s \u00e0 la terre, aux moyens de subsistance et \u00e0 d&#8217;autres ressources. Actuellement, la plupart des approches classiques visant \u00e0 pr\u00e9venir les conflits et promouvoir la paix n&#8217;impliquent pas avec les acteur\u00b7rices du secteur priv\u00e9. Cependant, il existe un fort enthousiasme de la part des investisseur\u00b7euses institutionnel\u00b7les en mati\u00e8re d&#8217;investissements verts conformes aux ODD et procurant un impact social positif dans les march\u00e9s \u00e9mergents, o\u00f9 les consid\u00e9rations de paix sont essentielles \u00e0 leur att\u00e9nuation des risques et \u00e0 leur r\u00e9ussite.<\/p>\n\n\n\n<p>C\u2019est pourquoi Finance for Peace travaille avec des partenaires financiers priv\u00e9s et publics pour \u00e9tablir des conditions de march\u00e9 favorables \u00e0 une nouvelle cat\u00e9gorie d\u2019obligations (<a rel=\"noreferrer noopener\" href=\"https:\/\/vimeo.com\/727084646?embedded=true&amp;source=vimeo_logo&amp;owner=11149301\" target=\"_blank\">&#8220;peace bonds&#8221;<\/a>) et d\u2019actions de paix.<br>Cr\u00e9er un espace pour que les actions de promotion de la paix soient int\u00e9gr\u00e9es dans ces instruments financiers rend les investissements sensibles aux conflits. Cela permet de r\u00e9duire les risques pour les communaut\u00e9s et les investisseur\u00b7euses, et de favoriser la cr\u00e9ation de nouveaux projets ax\u00e9s sur la paix.<\/p>\n\n\n\n<p>Le potentiel de croissance du financement de la consolidation de la paix est \u00e9norme : si seulement 1% du march\u00e9 des obligations vertes et sociales d&#8217;une valeur de 1,6 billion de dollars am\u00e9ricains \u00e9tait orient\u00e9 vers la paix, cela repr\u00e9senterait 16 fois l&#8217;aide publique au d\u00e9veloppement (APD) actuellement destin\u00e9e \u00e0 la consolidation de la paix et \u00e0 la r\u00e9solution des conflits.<\/p>\n","protected":false},"excerpt":{"rendered":"<p>La promotion de la paix \u00e0 l&#8217;\u00e9chelle mondiale doit affronter trois r\u00e9alit\u00e9s difficiles en ce qui concerne le financement de la consolidation de la paix: Alors, que pouvons-nous faire? Au moins deux domaines majeurs peuvent \u00eatre repens\u00e9s pour changer les choses. Premi\u00e8rement, nous devons maximiser l&#8217;utilisation des ressources existantes allou\u00e9es \u00e0 la consolidation de la <a href=\"https:\/\/koff.swisspeace.ch\/apropos\/1824\/reimaginons-le-financement-de-la-promotion-de-la-paix\/\" class=\"more-link\">&#8230;<span class=\"screen-reader-text\">  R\u00e9imaginons le financement de la promotion de la paix<\/span><\/a><\/p>\n","protected":false},"author":3,"featured_media":1682,"comment_status":"open","ping_status":"open","sticky":false,"template":"","format":"standard","meta":{"advgb_blocks_editor_width":"","advgb_blocks_columns_visual_guide":""},"categories":[113],"tags":[],"issue":[192],"acf":[],"author_meta":{"display_name":"\u00e0 propos","author_link":"https:\/\/koff.swisspeace.ch\/apropos\/author\/apropos\/"},"featured_img":"https:\/\/koff.swisspeace.ch\/apropos\/wp-content\/uploads\/2023\/06\/InterpeaceWB181-600x332.png","coauthors":[],"tax_additional":{"categories":{"linked":["<a href=\"https:\/\/koff.swisspeace.ch\/apropos\/category\/reports-fr\/\" class=\"advgb-post-tax-term\">Dossier<\/a>"],"unlinked":["<span class=\"advgb-post-tax-term\">Dossier<\/span>"]}},"comment_count":0,"relative_dates":{"created":"Posted 3 years ago","modified":"Updated 3 years ago"},"absolute_dates":{"created":"Posted on July 3, 2023","modified":"Updated on July 3, 2023"},"absolute_dates_time":{"created":"Posted on July 3, 2023 6:20 am","modified":"Updated on July 3, 2023 8:39 am"},"featured_img_caption":"","series_order":null,"_links":{"self":[{"href":"https:\/\/koff.swisspeace.ch\/apropos\/wp-json\/wp\/v2\/posts\/1824"}],"collection":[{"href":"https:\/\/koff.swisspeace.ch\/apropos\/wp-json\/wp\/v2\/posts"}],"about":[{"href":"https:\/\/koff.swisspeace.ch\/apropos\/wp-json\/wp\/v2\/types\/post"}],"author":[{"embeddable":true,"href":"https:\/\/koff.swisspeace.ch\/apropos\/wp-json\/wp\/v2\/users\/3"}],"replies":[{"embeddable":true,"href":"https:\/\/koff.swisspeace.ch\/apropos\/wp-json\/wp\/v2\/comments?post=1824"}],"version-history":[{"count":11,"href":"https:\/\/koff.swisspeace.ch\/apropos\/wp-json\/wp\/v2\/posts\/1824\/revisions"}],"predecessor-version":[{"id":1982,"href":"https:\/\/koff.swisspeace.ch\/apropos\/wp-json\/wp\/v2\/posts\/1824\/revisions\/1982"}],"wp:featuredmedia":[{"embeddable":true,"href":"https:\/\/koff.swisspeace.ch\/apropos\/wp-json\/wp\/v2\/media\/1682"}],"wp:attachment":[{"href":"https:\/\/koff.swisspeace.ch\/apropos\/wp-json\/wp\/v2\/media?parent=1824"}],"wp:term":[{"taxonomy":"category","embeddable":true,"href":"https:\/\/koff.swisspeace.ch\/apropos\/wp-json\/wp\/v2\/categories?post=1824"},{"taxonomy":"post_tag","embeddable":true,"href":"https:\/\/koff.swisspeace.ch\/apropos\/wp-json\/wp\/v2\/tags?post=1824"},{"taxonomy":"issue","embeddable":true,"href":"https:\/\/koff.swisspeace.ch\/apropos\/wp-json\/wp\/v2\/issue?post=1824"}],"curies":[{"name":"wp","href":"https:\/\/api.w.org\/{rel}","templated":true}]}}