{"id":1838,"date":"2023-06-29T14:57:43","date_gmt":"2023-06-29T14:57:43","guid":{"rendered":"https:\/\/koff.swisspeace.ch\/apropos\/?p=1838"},"modified":"2023-07-03T11:38:01","modified_gmt":"2023-07-03T11:38:01","slug":"frieden-finanzieren-was-sind-die-prioritaten","status":"publish","type":"post","link":"https:\/\/koff.swisspeace.ch\/apropos\/1838\/frieden-finanzieren-was-sind-die-prioritaten\/","title":{"rendered":"Frieden finanzieren \u2013 Was sind die Priorit\u00e4ten?"},"content":{"rendered":"\n<div class=\"wp-block-advgb-images-slider advgb-images-slider-block advg-images-slider-efd1c917-03c8-4602-997b-0e3919c3b227\"><div class=\"advgb-images-slider\" dir=\"ltr\"><div class=\"advgb-image-slider-item\"><img decoding=\"async\" src=\"https:\/\/koff.swisspeace.ch\/apropos\/wp-content\/uploads\/2023\/07\/india-g987fa01f8_1280.jpg\" class=\"advgb-image-slider-img\" alt=\"\" style=\"width:100%;height:auto\"\/><div class=\"advgb-image-slider-item-info\" style=\"justify-content:flex-end;align-items:center\"><a class=\"advgb-image-slider-overlay\" target=\"_blank\" rel=\"noopener noreferrer\" href=\"#\" style=\"opacity:0.5\"><\/a><\/div><\/div><div class=\"advgb-image-slider-item\"><img decoding=\"async\" src=\"https:\/\/koff.swisspeace.ch\/apropos\/wp-content\/uploads\/2023\/07\/Forum-de-segurancas-publica-3.png\" class=\"advgb-image-slider-img\" alt=\"Diversifizierung von Finanzierungsmodalit\u00e4ten zur St\u00e4rkung der Zivilgesellschaft \" style=\"width:100%;height:auto\"\/><div class=\"advgb-image-slider-item-info\" style=\"justify-content:flex-end;align-items:center\"><a class=\"advgb-image-slider-overlay\" target=\"_blank\" rel=\"noopener noreferrer\" href=\"https:\/\/koff.swisspeace.ch\/apropos\/1664\/diversifizierung-von-finanzierungsmodalitaten-zur-starkung-der-zivilgesellschaft\/\" style=\"opacity:0.5\"><\/a><h4 class=\"advgb-image-slider-title\">Diversifizierung von Finanzierungsmodalit\u00e4ten zur St\u00e4rkung der Zivilgesellschaft <\/h4><\/div><\/div><div class=\"advgb-image-slider-item\"><img decoding=\"async\" src=\"https:\/\/koff.swisspeace.ch\/apropos\/wp-content\/uploads\/2023\/06\/Bild4.png\" class=\"advgb-image-slider-img\" alt=\"Die Finanzierung der Medien f\u00fcr den Frieden \u2013 eine globale Herausforderung\" style=\"width:100%;height:auto\"\/><div class=\"advgb-image-slider-item-info\" style=\"justify-content:flex-end;align-items:center\"><a class=\"advgb-image-slider-overlay\" target=\"_blank\" rel=\"noopener noreferrer\" href=\"https:\/\/koff.swisspeace.ch\/apropos\/1653\/die-finanzierung-der-medien-fur-den-frieden-eine-globale-herausforderung\/\" style=\"opacity:0.5\"><\/a><h4 class=\"advgb-image-slider-title\">Die Finanzierung der Medien f\u00fcr den Frieden \u2013 eine globale Herausforderung<\/h4><\/div><\/div><div class=\"advgb-image-slider-item\"><img decoding=\"async\" src=\"https:\/\/koff.swisspeace.ch\/apropos\/wp-content\/uploads\/2023\/07\/1200px-Ivans_wall_art_-_Maputo.jpg\" class=\"advgb-image-slider-img\" alt=\"Fehlleitung und Missbrauch von Mitteln f\u00fcr die Friedensf\u00f6rderung wirksam verhindern\" style=\"width:100%;height:auto\"\/><div class=\"advgb-image-slider-item-info\" style=\"justify-content:flex-end;align-items:center\"><a class=\"advgb-image-slider-overlay\" target=\"_blank\" rel=\"noopener noreferrer\" href=\"https:\/\/koff.swisspeace.ch\/apropos\/1615\/fehlleitung-und-missbrauch-von-mitteln-fur-die-friedensforderung-wirksam-verhindern\/\" style=\"opacity:0.5\"><\/a><h4 class=\"advgb-image-slider-title\">Fehlleitung und Missbrauch von Mitteln f\u00fcr die Friedensf\u00f6rderung wirksam verhindern<\/h4><\/div><\/div><\/div><\/div>\n\n\n\n<p>Wie viele F\u00f6rdermittel sind zur Finanzierung des Friedens erforderlich? Wer soll diese Mittel bereitstellen, und wie sollen sie sinnvoll verteilt werden? In dieser Ausgabe von \u00e0 propos befassen sich die Beitr\u00e4ge von KOFF-Mitgliedern mit der zentralen Frage der Friedensfinanzierung. In einem angespannten globalen Rahmen, in dem die finanziellen Ressourcen knapper werden und Konflikte und Gewalt zunehmen, ist die Frage nach der Diversifizierung und dem zweckm\u00e4ssigen Einsatz von Geldern dringender denn je. Auch die Sorge um die Angleichung an die Agenden der internationalen Geldgebenden und die Wahrung der Eigenverantwortung der Friedensschaffenden und von Gewalt Betroffenen gewinnt zunehmend an Bedeutung.<\/p>\n\n\n\n<p><br>In diesem \u00e0 propos-Magazin stellen KOFF-Tr\u00e4gerognisationen kreative Ans\u00e4tze vor, um den Missbrauch von Friedensf\u00f6rderungsfonds zu bek\u00e4mpfen, Finanzierungsquellen zu diversifizieren und eine gerechte und lokale Kontrolle \u00fcber die Ressourcen der Friedensf\u00f6rderung zu st\u00e4rken. Es werden auch pers\u00f6nliche \u00dcberlegungen vorgestellt, die f\u00fcr ein st\u00e4rkeres Engagement der \u00f6ffentlichen und privaten Wirtschaft in der Friedensf\u00f6rderung eintreten.<\/p>\n\n\n\n<p>Ich w\u00fcnsche eine angenehme Lekt\u00fcre<\/p>\n\n\n\n<p>Redakteurin <a rel=\"noreferrer noopener\" href=\"https:\/\/koff.swisspeace.ch\/\" target=\"_blank\">KOFF<\/a> Magazin, Sanjally Jobarteh<\/p>\n\n\n\n<p><\/p>\n","protected":false},"excerpt":{"rendered":"<p>Wie viele F\u00f6rdermittel sind zur Finanzierung des Friedens erforderlich? Wer soll diese Mittel bereitstellen, und wie sollen sie sinnvoll verteilt werden? In dieser Ausgabe von \u00e0 propos befassen sich die Beitr\u00e4ge von KOFF-Mitgliedern mit der zentralen Frage der Friedensfinanzierung. In einem angespannten globalen Rahmen, in dem die finanziellen Ressourcen knapper werden und Konflikte und Gewalt <a href=\"https:\/\/koff.swisspeace.ch\/apropos\/1838\/frieden-finanzieren-was-sind-die-prioritaten\/\" class=\"more-link\">&#8230;<span class=\"screen-reader-text\">  Frieden finanzieren \u2013 Was sind die Priorit\u00e4ten?<\/span><\/a><\/p>\n","protected":false},"author":3,"featured_media":0,"comment_status":"open","ping_status":"open","sticky":false,"template":"","format":"standard","meta":{"advgb_blocks_editor_width":"","advgb_blocks_columns_visual_guide":""},"categories":[26],"tags":[],"issue":[190],"acf":[],"author_meta":{"display_name":"\u00e0 propos","author_link":"https:\/\/koff.swisspeace.ch\/apropos\/author\/apropos\/"},"featured_img":null,"coauthors":[],"tax_additional":{"categories":{"linked":["<a href=\"https:\/\/koff.swisspeace.ch\/apropos\/category\/editorial-de\/\" class=\"advgb-post-tax-term\">Editorial<\/a>"],"unlinked":["<span class=\"advgb-post-tax-term\">Editorial<\/span>"]}},"comment_count":0,"relative_dates":{"created":"Posted 3 years ago","modified":"Updated 3 years ago"},"absolute_dates":{"created":"Posted on June 29, 2023","modified":"Updated on July 3, 2023"},"absolute_dates_time":{"created":"Posted on June 29, 2023 2:57 pm","modified":"Updated on July 3, 2023 11:38 am"},"featured_img_caption":"","series_order":null,"_links":{"self":[{"href":"https:\/\/koff.swisspeace.ch\/apropos\/wp-json\/wp\/v2\/posts\/1838"}],"collection":[{"href":"https:\/\/koff.swisspeace.ch\/apropos\/wp-json\/wp\/v2\/posts"}],"about":[{"href":"https:\/\/koff.swisspeace.ch\/apropos\/wp-json\/wp\/v2\/types\/post"}],"author":[{"embeddable":true,"href":"https:\/\/koff.swisspeace.ch\/apropos\/wp-json\/wp\/v2\/users\/3"}],"replies":[{"embeddable":true,"href":"https:\/\/koff.swisspeace.ch\/apropos\/wp-json\/wp\/v2\/comments?post=1838"}],"version-history":[{"count":13,"href":"https:\/\/koff.swisspeace.ch\/apropos\/wp-json\/wp\/v2\/posts\/1838\/revisions"}],"predecessor-version":[{"id":2055,"href":"https:\/\/koff.swisspeace.ch\/apropos\/wp-json\/wp\/v2\/posts\/1838\/revisions\/2055"}],"wp:attachment":[{"href":"https:\/\/koff.swisspeace.ch\/apropos\/wp-json\/wp\/v2\/media?parent=1838"}],"wp:term":[{"taxonomy":"category","embeddable":true,"href":"https:\/\/koff.swisspeace.ch\/apropos\/wp-json\/wp\/v2\/categories?post=1838"},{"taxonomy":"post_tag","embeddable":true,"href":"https:\/\/koff.swisspeace.ch\/apropos\/wp-json\/wp\/v2\/tags?post=1838"},{"taxonomy":"issue","embeddable":true,"href":"https:\/\/koff.swisspeace.ch\/apropos\/wp-json\/wp\/v2\/issue?post=1838"}],"curies":[{"name":"wp","href":"https:\/\/api.w.org\/{rel}","templated":true}]}}