{"id":1852,"date":"2023-07-03T08:59:29","date_gmt":"2023-07-03T08:59:29","guid":{"rendered":"https:\/\/koff.swisspeace.ch\/apropos\/?p=1852"},"modified":"2023-07-03T12:21:11","modified_gmt":"2023-07-03T12:21:11","slug":"financement-de-la-paix-quelles-sont-les-priorites","status":"publish","type":"post","link":"https:\/\/koff.swisspeace.ch\/apropos\/1852\/financement-de-la-paix-quelles-sont-les-priorites\/","title":{"rendered":"Financement de la paix \u2013 Quelles sont les priorit\u00e9s?"},"content":{"rendered":"\n<div class=\"wp-block-advgb-images-slider advgb-images-slider-block advg-images-slider-6a11d253-e66c-4572-8033-5716b1f32b3e\"><div class=\"advgb-images-slider\" dir=\"ltr\"><div class=\"advgb-image-slider-item\"><img decoding=\"async\" src=\"https:\/\/koff.swisspeace.ch\/apropos\/wp-content\/uploads\/2023\/07\/india-g987fa01f8_1280.jpg\" class=\"advgb-image-slider-img\" alt=\"\" style=\"width:100%;height:auto\"\/><div class=\"advgb-image-slider-item-info\" style=\"justify-content:flex-end;align-items:center\"><a class=\"advgb-image-slider-overlay\" target=\"_blank\" rel=\"noopener noreferrer\" href=\"#\" style=\"opacity:0.5\"><\/a><\/div><\/div><div class=\"advgb-image-slider-item\"><img decoding=\"async\" src=\"https:\/\/koff.swisspeace.ch\/apropos\/wp-content\/uploads\/2023\/07\/Forum-de-segurancas-publica-3.png\" class=\"advgb-image-slider-img\" alt=\"Renforcer la soci\u00e9t\u00e9 civile en diversifiant les mod\u00e8les de financement\" style=\"width:100%;height:auto\"\/><div class=\"advgb-image-slider-item-info\" style=\"justify-content:flex-end;align-items:center\"><a class=\"advgb-image-slider-overlay\" target=\"_blank\" rel=\"noopener noreferrer\" href=\"https:\/\/koff.swisspeace.ch\/apropos\/1667\/renforcer-la-societe-civile-en-diversifiant-les-modeles-de-financement\/\" style=\"opacity:0.5\"><\/a><h4 class=\"advgb-image-slider-title\">Renforcer la soci\u00e9t\u00e9 civile en diversifiant les mod\u00e8les de financement<\/h4><\/div><\/div><div class=\"advgb-image-slider-item\"><img decoding=\"async\" src=\"https:\/\/koff.swisspeace.ch\/apropos\/wp-content\/uploads\/2023\/06\/Bild4.png\" class=\"advgb-image-slider-img\" alt=\"Financer les m\u00e9dias pour la paix \u2013 un d\u00e9fi global\" style=\"width:100%;height:auto\"\/><div class=\"advgb-image-slider-item-info\" style=\"justify-content:flex-end;align-items:center\"><a class=\"advgb-image-slider-overlay\" target=\"_blank\" rel=\"noopener noreferrer\" href=\"https:\/\/koff.swisspeace.ch\/apropos\/1656\/financer-des-medias-pour-la-paix-un-defi-global\/\" style=\"opacity:0.5\"><\/a><h4 class=\"advgb-image-slider-title\">Financer les m\u00e9dias pour la paix \u2013 un d\u00e9fi global<\/h4><\/div><\/div><div class=\"advgb-image-slider-item\"><img decoding=\"async\" src=\"https:\/\/koff.swisspeace.ch\/apropos\/wp-content\/uploads\/2023\/07\/1200px-Ivans_wall_art_-_Maputo.jpg\" class=\"advgb-image-slider-img\" alt=\"Des mesures efficaces pour pr\u00e9venir le d\u00e9tournement des fonds pour la promotion de la paix\" style=\"width:100%;height:auto\"\/><div class=\"advgb-image-slider-item-info\" style=\"justify-content:flex-end;align-items:center\"><a class=\"advgb-image-slider-overlay\" target=\"_blank\" rel=\"noopener noreferrer\" href=\"https:\/\/koff.swisspeace.ch\/apropos\/1617\/des-mesures-efficaces-pour-prevenir-le-detournement-des-fonds-pour-la-promotion-de-la-paix\/\" style=\"opacity:0.5\"><\/a><h4 class=\"advgb-image-slider-title\">Des mesures efficaces pour pr\u00e9venir le d\u00e9tournement des fonds pour la promotion de la paix<\/h4><\/div><\/div><\/div><\/div>\n\n\n\n<p>Quels sont les besoins actuels  en termes de financement de la paix ? D&#8217;o\u00f9 devraient venir les fonds et comment les allouer intelligemment ? Dans cette \u00e9dition d&#8217;\u00e0 propos, nous abordons la question essentielle du financement de la paix. Dans un contexte mondial tendu, o\u00f9 les ressources financi\u00e8res pour consolider la paix se rar\u00e9fient et o\u00f9 les conflits et la violence augmentent, la n\u00e9cessit\u00e9 de diversifier les sources de financement et de les utiliser judicieusement est plus urgente que jamais. Tout aussi importants, les risques associ\u00e9s \u00e0 la d\u00e9pendance envers les donateur\u00b7rices internationaux\u00b7ales et \u00e0 la pr\u00e9servation du contr\u00f4le de ces ressources par celles et ceux qui contribuent \u00e0 la paix, ainsi que par les personnes touch\u00e9es par la violence sont \u00e0 prendre en compte.<\/p>\n\n\n\n<p>Dans ce num\u00e9ro d&#8217;\u00e0 propos, les membres de KOFF partagent des approches innovantes pour combattre le mauvais usage des fonds de la promotion de la paix, diversifier les sources de financement et favoriser un contr\u00f4le \u00e9quitable et local de ces ressources. Le magazine inclue \u00e9galement des r\u00e9flexions personnelles qui plaident en faveur d&#8217;une plus grande implication de l&#8217;\u00e9conomie publique et priv\u00e9e dans le soutien aux efforts de promotion de la paix.<\/p>\n\n\n\n<p>Je vous souhaite une agr\u00e9able lecture!<\/p>\n\n\n\n<p>Sanjally Jobarteh, r\u00e9dactrice du magazine de <a href=\"https:\/\/koff.swisspeace.ch\/\" target=\"_blank\" rel=\"noreferrer noopener\">KOFF<\/a><\/p>\n\n\n\n<p><\/p>\n","protected":false},"excerpt":{"rendered":"<p>Quels sont les besoins actuels en termes de financement de la paix ? D&#8217;o\u00f9 devraient venir les fonds et comment les allouer intelligemment ? Dans cette \u00e9dition d&#8217;\u00e0 propos, nous abordons la question essentielle du financement de la paix. Dans un contexte mondial tendu, o\u00f9 les ressources financi\u00e8res pour consolider la paix se rar\u00e9fient et <a href=\"https:\/\/koff.swisspeace.ch\/apropos\/1852\/financement-de-la-paix-quelles-sont-les-priorites\/\" class=\"more-link\">&#8230;<span class=\"screen-reader-text\">  Financement de la paix \u2013 Quelles sont les priorit\u00e9s?<\/span><\/a><\/p>\n","protected":false},"author":3,"featured_media":0,"comment_status":"open","ping_status":"open","sticky":false,"template":"","format":"standard","meta":{"advgb_blocks_editor_width":"","advgb_blocks_columns_visual_guide":""},"categories":[87],"tags":[],"issue":[192],"acf":[],"author_meta":{"display_name":"\u00e0 propos","author_link":"https:\/\/koff.swisspeace.ch\/apropos\/author\/apropos\/"},"featured_img":null,"coauthors":[],"tax_additional":{"categories":{"linked":["<a href=\"https:\/\/koff.swisspeace.ch\/apropos\/category\/editorial-fr\/\" class=\"advgb-post-tax-term\">\u00c9ditorial<\/a>"],"unlinked":["<span class=\"advgb-post-tax-term\">\u00c9ditorial<\/span>"]}},"comment_count":0,"relative_dates":{"created":"Posted 3 years ago","modified":"Updated 3 years ago"},"absolute_dates":{"created":"Posted on July 3, 2023","modified":"Updated on July 3, 2023"},"absolute_dates_time":{"created":"Posted on July 3, 2023 8:59 am","modified":"Updated on July 3, 2023 12:21 pm"},"featured_img_caption":"","series_order":null,"_links":{"self":[{"href":"https:\/\/koff.swisspeace.ch\/apropos\/wp-json\/wp\/v2\/posts\/1852"}],"collection":[{"href":"https:\/\/koff.swisspeace.ch\/apropos\/wp-json\/wp\/v2\/posts"}],"about":[{"href":"https:\/\/koff.swisspeace.ch\/apropos\/wp-json\/wp\/v2\/types\/post"}],"author":[{"embeddable":true,"href":"https:\/\/koff.swisspeace.ch\/apropos\/wp-json\/wp\/v2\/users\/3"}],"replies":[{"embeddable":true,"href":"https:\/\/koff.swisspeace.ch\/apropos\/wp-json\/wp\/v2\/comments?post=1852"}],"version-history":[{"count":12,"href":"https:\/\/koff.swisspeace.ch\/apropos\/wp-json\/wp\/v2\/posts\/1852\/revisions"}],"predecessor-version":[{"id":2513,"href":"https:\/\/koff.swisspeace.ch\/apropos\/wp-json\/wp\/v2\/posts\/1852\/revisions\/2513"}],"wp:attachment":[{"href":"https:\/\/koff.swisspeace.ch\/apropos\/wp-json\/wp\/v2\/media?parent=1852"}],"wp:term":[{"taxonomy":"category","embeddable":true,"href":"https:\/\/koff.swisspeace.ch\/apropos\/wp-json\/wp\/v2\/categories?post=1852"},{"taxonomy":"post_tag","embeddable":true,"href":"https:\/\/koff.swisspeace.ch\/apropos\/wp-json\/wp\/v2\/tags?post=1852"},{"taxonomy":"issue","embeddable":true,"href":"https:\/\/koff.swisspeace.ch\/apropos\/wp-json\/wp\/v2\/issue?post=1852"}],"curies":[{"name":"wp","href":"https:\/\/api.w.org\/{rel}","templated":true}]}}