{"id":2103,"date":"2023-09-07T07:48:39","date_gmt":"2023-09-07T07:48:39","guid":{"rendered":"https:\/\/koff.swisspeace.ch\/apropos\/?p=2103"},"modified":"2023-09-19T07:51:42","modified_gmt":"2023-09-19T07:51:42","slug":"forderung-des-frauenautonomie-einblick-in-swissaid-projekte","status":"publish","type":"post","link":"https:\/\/koff.swisspeace.ch\/apropos\/2103\/forderung-des-frauenautonomie-einblick-in-swissaid-projekte\/","title":{"rendered":"F\u00f6rderung der Frauenautonomie \u2013 Einblick in SWISSAID-Projekte"},"content":{"rendered":"\n<p><\/p>\n\n\n\n<p><em>Ein Interview mit Daniele Polini, Gender-Experte bei SWISSAID<\/em><br><\/p>\n\n\n\n<p>Nachteilige Politik, festgefahrene kulturelle Traditionen, Pandemien: Die einst so vielversprechenden Fortschritte auf dem Weg zur weltweiten Gleichstellung der Geschlechter scheinen in weite Ferne zu r\u00fccken. Angesichts dieser Herausforderungen wird die Bedeutung des Empowerments von Frauen noch deutlicher. Daniele Polini, Gender-Experte bei SWISSAID, reflektiert \u00fcber die j\u00fcngsten Entwicklungen im Bereich der Gleichstellung und die Auswirkungen der SWISSAID-Projekte auf Frauen.<\/p>\n\n\n\n<p><em>Wie hat sich die Stellung der Frau in der Gesellschaft in letzter Zeit entwickelt?<\/em><\/p>\n\n\n\n<p>Bedauerlicherweise ist die Gesamtsituation besorgniserregend, da eine radikale konservative Politik den Fortschritt, insbesondere im Bereich der Frauenrechte, erschwert hat. Ein Beispiel daf\u00fcr sind die Vereinigten Staaten, wo die UNO Bedenken ge\u00e4ussert hat, dass das Ziel 5 der Nachhaltigkeitsziele &nbsp;(SDGs) &#8211; die Gleichstellung der Geschlechter &#8211; bis 2030 nicht erreicht werden kann. Auch SWISSAID stellt in den L\u00e4ndern, in denen sie t\u00e4tig ist, \u00e4hnliche Entwicklungen fest.<\/p>\n\n\n\n<p><em>Was ist die Ursache f\u00fcr den Widerstand gegen Frauenrechte?<\/em><\/p>\n\n\n\n<p>Die Gesundheits-, Klima- und humanit\u00e4ren Krisen der letzten Zeit haben zu einem alarmierenden Anstieg der Gewalt gegen Frauen gef\u00fchrt, insbesondere in l\u00e4ndlichen Regionen. Mehrere Studien, darunter auch die von UN Women (Links in der Informationsleiste), zeigen, dass sich Frauen heute weniger sicher f\u00fchlen als vor der Pandemie. Dieser beunruhigende Trend l\u00e4sst sich auf verschiedene Faktoren zur\u00fcckf\u00fchren, wie den durch die steigenden Preise verursachten Stress und die ungleiche Einkommensverteilung in zahlreichen Haushalten. Vor allem in Haushalten mit nur einem Einkommen wird die finanzielle Unsicherheit oft zum Ausl\u00f6ser f\u00fcr h\u00e4usliche Gewalt.<\/p>\n\n\n\n<p><em>Wie adressiert SWISSAID diese Herausforderungen?<\/em><\/p>\n\n\n\n<p>In den vergangenen Jahren haben wir unsere Anstrengungen zur F\u00f6rderung der Rolle der Frau erheblich intensiviert. Aufbauend auf den Erfolgen in bestimmten L\u00e4ndern haben wir diese Strategien in verschiedenen Projekten in unterschiedlichen Regionen angepasst und umgesetzt. So werden beispielsweise die Initiativen zur Sensibilisierung f\u00fcr das Thema Gewalt gegen Frauen und M\u00e4dchen in Indien und Kolumbien nun auch in Niger und Ecuador umgesetzt. Zwar braucht es Zeit, bis sich die Einstellung \u00e4ndert, aber wir sehen bereits ermutigende Fortschritte.<\/p>\n\n\n\n<p>Dar\u00fcber hinaus unterst\u00fctzt SWISSAID Frauenorganisationen in erheblichem Umfang, indem sie deren Infrastruktur und Mitglieder st\u00e4rkt. Dazu geh\u00f6ren auch Alphabetisierungs- und Budgetierungskurse, die den Frauen die n\u00f6tigen F\u00e4higkeiten und Kenntnisse vermitteln, um mehr bewirken zu k\u00f6nnen.<\/p>\n\n\n\n<p><em>Welche Rolle spielen M\u00e4nner?<\/em><\/p>\n\n\n\n<p>Wir sind uns der entscheidenden Rolle bewusst, die M\u00e4nner bei der Emanzipation der Frauen spielen, und beziehen sie aktiv in alle unsere Projekte ein. Indem wir ein Bewusstsein f\u00fcr die Bedeutung der Autonomie der Frauen und ihre Auswirkungen auf verschiedene Aspekte wie Finanzen, Gesellschaft und die Bildung der Kinder schaffen, ermutigen wir die M\u00e4nner, zu diesem Transformationsprozess beizutragen.<\/p>\n\n\n\n<p>In Niger haben wir zum Beispiel M\u00e4nnergruppen gegr\u00fcndet, die Diskussionen \u00fcber geschlechtsspezifische Ungleichheiten f\u00fchren, einschlie\u00dflich der Ungleichheiten in den Zeitpl\u00e4nen zwischen M\u00e4nnern und Frauen. Das steigende Bewusstsein f\u00fcr die negativen Auswirkungen, die solche Ungleichheiten auf die Gesellschaft haben, hat dazu gef\u00fchrt, dass viele M\u00e4nner ihre Frauen bei den t\u00e4glichen Aufgaben unterst\u00fctzen, was zu einem R\u00fcckgang der geschlechtsspezifischen Gewalt gef\u00fchrt hat.<\/p>\n\n\n\n<p>Die zus\u00e4tzliche Unterst\u00fctzung der Frauen hat ihre h\u00e4usliche Belastung verringert und es ihnen erm\u00f6glicht, anderen T\u00e4tigkeiten nachzugehen, z. B. ihre Produkte auf dem Markt zu verkaufen und so das Haushaltseinkommen zu erh\u00f6hen. Zusammengenommen f\u00fchren diese Bem\u00fchungen zu positiven Ver\u00e4nderungen und f\u00f6rdern die Gleichstellung der Geschlechter.<\/p>\n","protected":false},"excerpt":{"rendered":"<p>Ein Interview mit Daniele Polini, Gender-Experte bei SWISSAID Nachteilige Politik, festgefahrene kulturelle Traditionen, Pandemien: Die einst so vielversprechenden Fortschritte auf dem Weg zur weltweiten Gleichstellung der Geschlechter scheinen in weite Ferne zu r\u00fccken. Angesichts dieser Herausforderungen wird die Bedeutung des Empowerments von Frauen noch deutlicher. Daniele Polini, Gender-Experte bei SWISSAID, reflektiert \u00fcber die j\u00fcngsten Entwicklungen <a href=\"https:\/\/koff.swisspeace.ch\/apropos\/2103\/forderung-des-frauenautonomie-einblick-in-swissaid-projekte\/\" class=\"more-link\">&#8230;<span class=\"screen-reader-text\">  F\u00f6rderung der Frauenautonomie \u2013 Einblick in SWISSAID-Projekte<\/span><\/a><\/p>\n","protected":false},"author":3,"featured_media":2085,"comment_status":"open","ping_status":"open","sticky":false,"template":"","format":"standard","meta":{"advgb_blocks_editor_width":"","advgb_blocks_columns_visual_guide":""},"categories":[73],"tags":[],"issue":[210],"acf":[],"author_meta":{"display_name":"\u00e0 propos","author_link":"https:\/\/koff.swisspeace.ch\/apropos\/author\/apropos\/"},"featured_img":"https:\/\/koff.swisspeace.ch\/apropos\/wp-content\/uploads\/2023\/08\/WBswissaid182-600x332.png","coauthors":[],"tax_additional":{"categories":{"linked":["<a href=\"https:\/\/koff.swisspeace.ch\/apropos\/category\/reports-de\/\" class=\"advgb-post-tax-term\">Dossier<\/a>"],"unlinked":["<span class=\"advgb-post-tax-term\">Dossier<\/span>"]}},"comment_count":0,"relative_dates":{"created":"Posted 3 years ago","modified":"Updated 3 years ago"},"absolute_dates":{"created":"Posted on September 7, 2023","modified":"Updated on September 19, 2023"},"absolute_dates_time":{"created":"Posted on September 7, 2023 7:48 am","modified":"Updated on September 19, 2023 7:51 am"},"featured_img_caption":"","series_order":null,"_links":{"self":[{"href":"https:\/\/koff.swisspeace.ch\/apropos\/wp-json\/wp\/v2\/posts\/2103"}],"collection":[{"href":"https:\/\/koff.swisspeace.ch\/apropos\/wp-json\/wp\/v2\/posts"}],"about":[{"href":"https:\/\/koff.swisspeace.ch\/apropos\/wp-json\/wp\/v2\/types\/post"}],"author":[{"embeddable":true,"href":"https:\/\/koff.swisspeace.ch\/apropos\/wp-json\/wp\/v2\/users\/3"}],"replies":[{"embeddable":true,"href":"https:\/\/koff.swisspeace.ch\/apropos\/wp-json\/wp\/v2\/comments?post=2103"}],"version-history":[{"count":10,"href":"https:\/\/koff.swisspeace.ch\/apropos\/wp-json\/wp\/v2\/posts\/2103\/revisions"}],"predecessor-version":[{"id":2711,"href":"https:\/\/koff.swisspeace.ch\/apropos\/wp-json\/wp\/v2\/posts\/2103\/revisions\/2711"}],"wp:featuredmedia":[{"embeddable":true,"href":"https:\/\/koff.swisspeace.ch\/apropos\/wp-json\/wp\/v2\/media\/2085"}],"wp:attachment":[{"href":"https:\/\/koff.swisspeace.ch\/apropos\/wp-json\/wp\/v2\/media?parent=2103"}],"wp:term":[{"taxonomy":"category","embeddable":true,"href":"https:\/\/koff.swisspeace.ch\/apropos\/wp-json\/wp\/v2\/categories?post=2103"},{"taxonomy":"post_tag","embeddable":true,"href":"https:\/\/koff.swisspeace.ch\/apropos\/wp-json\/wp\/v2\/tags?post=2103"},{"taxonomy":"issue","embeddable":true,"href":"https:\/\/koff.swisspeace.ch\/apropos\/wp-json\/wp\/v2\/issue?post=2103"}],"curies":[{"name":"wp","href":"https:\/\/api.w.org\/{rel}","templated":true}]}}