{"id":2141,"date":"2023-09-06T08:52:45","date_gmt":"2023-09-06T08:52:45","guid":{"rendered":"https:\/\/koff.swisspeace.ch\/apropos\/?p=2141"},"modified":"2023-09-06T08:52:46","modified_gmt":"2023-09-06T08:52:46","slug":"rendre-visible-les-invisibles","status":"publish","type":"post","link":"https:\/\/koff.swisspeace.ch\/apropos\/2141\/rendre-visible-les-invisibles\/","title":{"rendered":"Rendre visible les invisibles"},"content":{"rendered":"\n<p><\/p>\n\n\n\n<p>Une minorit\u00e9 restreinte et bruyante s&#8217;emploie activement \u00e0 d\u00e9faire un droit humain universel, le droit \u00e0 l&#8217;\u00e9galit\u00e9 entre les hommes et les femmes. Si nous laissons ce d\u00e9fi sans r\u00e9ponse, la tapisserie universelle des droits de l&#8217;homme risque de s&#8217;effilocher. Pourquoi ? Les droits de la femme ne concernent pas uniquement les femmes. Il s&#8217;agit d&#8217;une question humaine &#8211; leur violation provient de la m\u00eame source que celle qui conduit \u00e0 la violation d&#8217;autres valeurs humaines fondamentales, telles que la dignit\u00e9, la s\u00e9curit\u00e9, l&#8217;autonomie et l&#8217;expression de soi. Voici quatre \u00e9tapes cl\u00e9s pour vaincre les d\u00e9tracteur\u00b7rices du genre et maintenir en vie l&#8217;esprit et la r\u00e9alit\u00e9 de l&#8217;\u00e9galit\u00e9 des genres pour la prochaine g\u00e9n\u00e9ration.<\/p>\n\n\n\n<p>Tout d&#8217;abord, plut\u00f4t que d&#8217;insister sur les \u00ab droits des femmes \u00bb, il faudrait faire en sorte que les invisibles soient vu\u00b7es, quel\u00b7les qu&#8217;ils\u00b7elles soient. Les invisibles sont souvent des femmes, mais pas seulement. Ils et elles comprennent et sont souvent aussi des jeunes, des personnes \u00e2g\u00e9es, des personnes handicap\u00e9es et d&#8217;autres groupes marginalis\u00e9s ou priv\u00e9s de leurs droits. Une partie du d\u00e9bat populaire actuel se concentre sur la diversit\u00e9 des genres, ce qui est important en soi, mais ne diminue en rien l&#8217;obligation fondamentale de veiller \u00e0 ce qu&#8217;aucun individu ne soit invisible.<\/p>\n\n\n\n<p>Deuxi\u00e8mement, il est utile, mais pas suffisant, d&#8217;\u00eatre vu. Pour r\u00e9aliser les objectifs universels \u00ab Femmes, paix et s\u00e9curit\u00e9 \u00bb, ainsi que d&#8217;autres programmes fondamentaux de promotion de l&#8217;\u00e9galit\u00e9, les invisibles doivent \u00eatre entendu\u00b7es et leurs points de vue doivent \u00eatre pris en compte de mani\u00e8re significative. Une fois que leurs voix sont prises en compte dans le d\u00e9bat public, il devient plus facile de passer du recensement des femmes et des filles \u00e0 leur prise en compte. Tol\u00e9rer les autres est une r\u00e9ponse passive et finalement insuffisante ; le respect mutuel, en revanche, ouvre la possibilit\u00e9 d&#8217;une inclusion active.&nbsp;<\/p>\n\n\n\n<p>Troisi\u00e8mement, nous manquerons l&#8217;occasion de continuer \u00e0 am\u00e9liorer nos soci\u00e9t\u00e9s si nous consid\u00e9rons les groupes, y compris et surtout les femmes, comme des victimes, et non comme des agents de changement. \u00c0 Interpeace, nous soutenons les communaut\u00e9s qui s&#8217;efforcent de transformer leurs soci\u00e9t\u00e9s en faveur de la paix. Cependant, il n&#8217;y a aucune chance de paix si cinquante pour cent d&#8217;une communaut\u00e9 est exclue.&nbsp; Plus pr\u00e9cis\u00e9ment, il n&#8217;y a pas de paix \u00e0 la maison, dans la communaut\u00e9 et au niveau national et mondial si un groupe est trait\u00e9 comme moins digne, moins valoris\u00e9 ou moins digne de jouer un r\u00f4le important dans notre histoire humaine commune.<\/p>\n\n\n\n<p>Enfin, le contexte local est crucial mais ne peut servir d\u2019excuse \u00e0 l\u2019inaction. Les normes culturelles sont trop souvent consid\u00e9r\u00e9es comme des barri\u00e8res au changement plut\u00f4t que comme des raisons d\u2019engager des conversations difficiles visant \u00e0 instaurer la confiance. De ces conversations naissent des actions conjointes, locales et progressives, ainsi que de nouvelles opportunit\u00e9s par l&#8217;interm\u00e9diaire des p\u00e8res, des fils, des fr\u00e8res, des m\u00e8res, des mentors et des alli\u00e9s. Les normes culturelles peuvent permettre d&#8217;agir tant que nous acceptons l&#8217;id\u00e9e que ce n&#8217;est pas une faveur faite aux femmes ou \u00e0 la soci\u00e9t\u00e9 que de faire progresser l&#8217;\u00e9galit\u00e9 entre les hommes et les femmes. Il s&#8217;agit plut\u00f4t d&#8217;une condition pr\u00e9alable \u00e0 l\u2019\u00e9tablissement d\u2019une soci\u00e9t\u00e9 r\u00e9siliente et saine.<\/p>\n\n\n\n<p>Il est clair que nous pouvons prendre des mesures simples pour renforcer notre responsabilit\u00e9 partag\u00e9e envers l&#8217;humanit\u00e9. Peu importe notre origine, nos croyances ou notre identit\u00e9 de genre, l&#8217;\u00e9galit\u00e9 des genres est une cause juste, \u00e0 la fois dans sa philosophie et dans son application pratique. Nous devons pers\u00e9v\u00e9rer dans notre engagement envers cet objectif commun.<\/p>\n","protected":false},"excerpt":{"rendered":"<p>Une minorit\u00e9 restreinte et bruyante s&#8217;emploie activement \u00e0 d\u00e9faire un droit humain universel, le droit \u00e0 l&#8217;\u00e9galit\u00e9 entre les hommes et les femmes. Si nous laissons ce d\u00e9fi sans r\u00e9ponse, la tapisserie universelle des droits de l&#8217;homme risque de s&#8217;effilocher. Pourquoi ? Les droits de la femme ne concernent pas uniquement les femmes. Il s&#8217;agit <a href=\"https:\/\/koff.swisspeace.ch\/apropos\/2141\/rendre-visible-les-invisibles\/\" class=\"more-link\">&#8230;<span class=\"screen-reader-text\">  Rendre visible les invisibles<\/span><\/a><\/p>\n","protected":false},"author":3,"featured_media":2133,"comment_status":"open","ping_status":"open","sticky":false,"template":"","format":"standard","meta":{"advgb_blocks_editor_width":"","advgb_blocks_columns_visual_guide":""},"categories":[113],"tags":[],"issue":[212],"acf":[],"author_meta":{"display_name":"\u00e0 propos","author_link":"https:\/\/koff.swisspeace.ch\/apropos\/author\/apropos\/"},"featured_img":"https:\/\/koff.swisspeace.ch\/apropos\/wp-content\/uploads\/2023\/08\/WBInterpeace183-600x332.png","coauthors":[],"tax_additional":{"categories":{"linked":["<a href=\"https:\/\/koff.swisspeace.ch\/apropos\/category\/reports-fr\/\" class=\"advgb-post-tax-term\">Dossier<\/a>"],"unlinked":["<span class=\"advgb-post-tax-term\">Dossier<\/span>"]}},"comment_count":0,"relative_dates":{"created":"Posted 3 years ago","modified":"Updated 3 years ago"},"absolute_dates":{"created":"Posted on September 6, 2023","modified":"Updated on September 6, 2023"},"absolute_dates_time":{"created":"Posted on September 6, 2023 8:52 am","modified":"Updated on September 6, 2023 8:52 am"},"featured_img_caption":"","series_order":null,"_links":{"self":[{"href":"https:\/\/koff.swisspeace.ch\/apropos\/wp-json\/wp\/v2\/posts\/2141"}],"collection":[{"href":"https:\/\/koff.swisspeace.ch\/apropos\/wp-json\/wp\/v2\/posts"}],"about":[{"href":"https:\/\/koff.swisspeace.ch\/apropos\/wp-json\/wp\/v2\/types\/post"}],"author":[{"embeddable":true,"href":"https:\/\/koff.swisspeace.ch\/apropos\/wp-json\/wp\/v2\/users\/3"}],"replies":[{"embeddable":true,"href":"https:\/\/koff.swisspeace.ch\/apropos\/wp-json\/wp\/v2\/comments?post=2141"}],"version-history":[{"count":12,"href":"https:\/\/koff.swisspeace.ch\/apropos\/wp-json\/wp\/v2\/posts\/2141\/revisions"}],"predecessor-version":[{"id":2585,"href":"https:\/\/koff.swisspeace.ch\/apropos\/wp-json\/wp\/v2\/posts\/2141\/revisions\/2585"}],"wp:featuredmedia":[{"embeddable":true,"href":"https:\/\/koff.swisspeace.ch\/apropos\/wp-json\/wp\/v2\/media\/2133"}],"wp:attachment":[{"href":"https:\/\/koff.swisspeace.ch\/apropos\/wp-json\/wp\/v2\/media?parent=2141"}],"wp:term":[{"taxonomy":"category","embeddable":true,"href":"https:\/\/koff.swisspeace.ch\/apropos\/wp-json\/wp\/v2\/categories?post=2141"},{"taxonomy":"post_tag","embeddable":true,"href":"https:\/\/koff.swisspeace.ch\/apropos\/wp-json\/wp\/v2\/tags?post=2141"},{"taxonomy":"issue","embeddable":true,"href":"https:\/\/koff.swisspeace.ch\/apropos\/wp-json\/wp\/v2\/issue?post=2141"}],"curies":[{"name":"wp","href":"https:\/\/api.w.org\/{rel}","templated":true}]}}