{"id":2148,"date":"2023-09-06T08:59:39","date_gmt":"2023-09-06T08:59:39","guid":{"rendered":"https:\/\/koff.swisspeace.ch\/apropos\/?p=2148"},"modified":"2023-09-07T07:49:42","modified_gmt":"2023-09-07T07:49:42","slug":"die-unsichtbaren-sichtbar-machen","status":"publish","type":"post","link":"https:\/\/koff.swisspeace.ch\/apropos\/2148\/die-unsichtbaren-sichtbar-machen\/","title":{"rendered":"Die Unsichtbaren sichtbar machen"},"content":{"rendered":"\n<p><\/p>\n\n\n\n<p>Gerade setzt eine kleine, aber lautstarke Minderheit alles daran, ein universelles Menschenrecht zu demontieren: das Recht auf Geschlechtergleichstellung. Wenn wir hierbei tatenlos zusehen, droht das Fundament der Menschenrechte zu br\u00f6ckeln. Warum? Frauenrechte gehen nicht nur Frauen etwas an. Sie sind f\u00fcr alle Menschen relevant, denn die Verletzung von Frauenrechten hat denselben Ursprung wie die Verletzung anderer Grundwerte, beispielsweise W\u00fcrde, Sicherheit, Selbstbestimmung und Selbstverwirklichung. Mit den folgenden vier Schritten wird Anti-Gender-Initiativen der Wind aus den Segeln genommen. Gleichzeitig bleiben so der Gedanke und die Wirklichkeit der Gleichstellung f\u00fcr die kommende Generation erhalten.<\/p>\n\n\n\n<p>Erstens: Anstatt sogenannte \u00abFrauenrechte\u00bb zu erzwingen, sollten die Unsichtbaren sichtbar gemacht werden \u2013 ganz gleich, um wen es sich dabei handelt. H\u00e4ufig sind es Frauen, aber nicht immer. Betroffen sind auch junge, alte oder beeintr\u00e4chtigte Menschen beziehungsweise andere marginalisierte oder entrechtete Gruppen. Viele der aktuellen Debatten drehen sich um Genderdiversit\u00e4t, die f\u00fcr sich genommen ein wichtiges Thema ist, uns aber nicht von der grundlegenden Verpflichtung entbindet, dass kein Individuum \u00fcbersehen werden darf.<\/p>\n\n\n\n<p>Zweitens: Gesehen zu werden hilft, reicht jedoch nicht. Um die universellen Ziele f\u00fcr Frauen, Frieden und Sicherheit neben anderen Gleichstellungsprogrammen umzusetzen, m\u00fcssen wir benachteiligten Personen eine Stimme geben und ihre Perspektiven ernsthaft ber\u00fccksichtigen. Beziehen wir sie in die Diskussion ein, wird es uns auch leichter fallen, Frauen nicht nur zu z\u00e4hlen, sondern ihrem Wort tats\u00e4chlich Gewicht zu verleihen. Andere nur zu dulden ist eine passive und letztendlich unzureichende Reaktion, wohingegen gegenseitiger Respekt T\u00fcren f\u00fcr eine aktive Inklusion \u00f6ffnet.<\/p>\n\n\n\n<p>Drittens: Solange wir bestimmte Gruppen, darunter insbesondere Frauen, eher als Opfer denn als Akteur:innen des Wandels betrachten, k\u00f6nnen wir unsere Gesellschaften nicht zum Besseren umgestalten. Interpeace unterst\u00fctzt Gemeinschaften dabei, sich zu friedlichen Gesellschaften zu entwickeln. Wenn wir indes die H\u00e4lfte einer Gemeinschaft ausschliessen, besteht keine Chance auf Frieden. In unserem Zuhause, in der Gemeinschaft sowie auf nationaler und globaler Ebene kann es keinen Frieden geben, solange wir eine Gruppe nicht f\u00fcr ehrbar, wertvoll oder w\u00fcrdig genug halten, um in unserer gemeinsamen Menschheitsgeschichte eine einflussreiche Rolle zu \u00fcbernehmen.<\/p>\n\n\n\n<p>Viertens und letztens: Der lokale Kontext ist zwar massgeblich, darf aber nicht als Ausrede f\u00fcr Unt\u00e4tigkeit gelten. Allzu oft werden kulturelle Normen als Hemmnisse wahrgenommen und nicht als Chancen, schwierige Themen anzusprechen und so Vertrauen zu schaffen. Aus solchen Gespr\u00e4chen entstehen gemeinsame, lokal gef\u00fchrte, aufeinander aufbauende Massnahmen sowie neue Anlaufstellen \u00fcber V\u00e4ter, S\u00f6hne, Br\u00fcder, M\u00fctter, Mentor:innen und Verb\u00fcndete. Kulturelle Normen k\u00f6nnen Vorhaben beg\u00fcnstigen, vorausgesetzt wir begreifen, dass es sich bei der F\u00f6rderung der Geschlechtergleichstellung nicht um eine Gef\u00e4lligkeit f\u00fcr Frauen oder die Gesellschaft handelt. Vielmehr ist sie eine Voraussetzung f\u00fcr eine gesunde und resiliente Gesellschaft.<\/p>\n\n\n\n<p>Wo wir ansetzen m\u00fcssen, steht ausser Frage, und bereits einfache Schritte k\u00f6nnen unsere gemeinsame menschliche Verpflichtung st\u00e4rken. Woher wir auch stammen, an wen oder was wir glauben oder zu welchem Geschlecht wir uns z\u00e4hlen, Gleichstellung ist nicht nur dem Grundsatz nach richtig, sondern auch in der Praxis. Deshalb m\u00fcssen wir auf dem Weg hin zu einer besseren Gesellschaft f\u00fcr alle weiterhin daf\u00fcr eintreten.<\/p>\n","protected":false},"excerpt":{"rendered":"<p>Gerade setzt eine kleine, aber lautstarke Minderheit alles daran, ein universelles Menschenrecht zu demontieren: das Recht auf Geschlechtergleichstellung. Wenn wir hierbei tatenlos zusehen, droht das Fundament der Menschenrechte zu br\u00f6ckeln. Warum? Frauenrechte gehen nicht nur Frauen etwas an. Sie sind f\u00fcr alle Menschen relevant, denn die Verletzung von Frauenrechten hat denselben Ursprung wie die Verletzung <a href=\"https:\/\/koff.swisspeace.ch\/apropos\/2148\/die-unsichtbaren-sichtbar-machen\/\" class=\"more-link\">&#8230;<span class=\"screen-reader-text\">  Die Unsichtbaren sichtbar machen<\/span><\/a><\/p>\n","protected":false},"author":3,"featured_media":2133,"comment_status":"open","ping_status":"open","sticky":false,"template":"","format":"standard","meta":{"advgb_blocks_editor_width":"","advgb_blocks_columns_visual_guide":""},"categories":[73],"tags":[],"issue":[210],"acf":[],"author_meta":{"display_name":"\u00e0 propos","author_link":"https:\/\/koff.swisspeace.ch\/apropos\/author\/apropos\/"},"featured_img":"https:\/\/koff.swisspeace.ch\/apropos\/wp-content\/uploads\/2023\/08\/WBInterpeace183-600x332.png","coauthors":[],"tax_additional":{"categories":{"linked":["<a href=\"https:\/\/koff.swisspeace.ch\/apropos\/category\/reports-de\/\" class=\"advgb-post-tax-term\">Dossier<\/a>"],"unlinked":["<span class=\"advgb-post-tax-term\">Dossier<\/span>"]}},"comment_count":0,"relative_dates":{"created":"Posted 3 years ago","modified":"Updated 3 years ago"},"absolute_dates":{"created":"Posted on September 6, 2023","modified":"Updated on September 7, 2023"},"absolute_dates_time":{"created":"Posted on September 6, 2023 8:59 am","modified":"Updated on September 7, 2023 7:49 am"},"featured_img_caption":"","series_order":null,"_links":{"self":[{"href":"https:\/\/koff.swisspeace.ch\/apropos\/wp-json\/wp\/v2\/posts\/2148"}],"collection":[{"href":"https:\/\/koff.swisspeace.ch\/apropos\/wp-json\/wp\/v2\/posts"}],"about":[{"href":"https:\/\/koff.swisspeace.ch\/apropos\/wp-json\/wp\/v2\/types\/post"}],"author":[{"embeddable":true,"href":"https:\/\/koff.swisspeace.ch\/apropos\/wp-json\/wp\/v2\/users\/3"}],"replies":[{"embeddable":true,"href":"https:\/\/koff.swisspeace.ch\/apropos\/wp-json\/wp\/v2\/comments?post=2148"}],"version-history":[{"count":3,"href":"https:\/\/koff.swisspeace.ch\/apropos\/wp-json\/wp\/v2\/posts\/2148\/revisions"}],"predecessor-version":[{"id":2604,"href":"https:\/\/koff.swisspeace.ch\/apropos\/wp-json\/wp\/v2\/posts\/2148\/revisions\/2604"}],"wp:featuredmedia":[{"embeddable":true,"href":"https:\/\/koff.swisspeace.ch\/apropos\/wp-json\/wp\/v2\/media\/2133"}],"wp:attachment":[{"href":"https:\/\/koff.swisspeace.ch\/apropos\/wp-json\/wp\/v2\/media?parent=2148"}],"wp:term":[{"taxonomy":"category","embeddable":true,"href":"https:\/\/koff.swisspeace.ch\/apropos\/wp-json\/wp\/v2\/categories?post=2148"},{"taxonomy":"post_tag","embeddable":true,"href":"https:\/\/koff.swisspeace.ch\/apropos\/wp-json\/wp\/v2\/tags?post=2148"},{"taxonomy":"issue","embeddable":true,"href":"https:\/\/koff.swisspeace.ch\/apropos\/wp-json\/wp\/v2\/issue?post=2148"}],"curies":[{"name":"wp","href":"https:\/\/api.w.org\/{rel}","templated":true}]}}