{"id":2159,"date":"2023-09-07T07:46:57","date_gmt":"2023-09-07T07:46:57","guid":{"rendered":"https:\/\/koff.swisspeace.ch\/apropos\/?p=2159"},"modified":"2023-09-07T07:46:57","modified_gmt":"2023-09-07T07:46:57","slug":"militarisation-et-recherche-dune-politique-de-paix-feministe","status":"publish","type":"post","link":"https:\/\/koff.swisspeace.ch\/apropos\/2159\/militarisation-et-recherche-dune-politique-de-paix-feministe\/","title":{"rendered":"Militarisation et recherche d\u2019une politique de paix f\u00e9ministe"},"content":{"rendered":"\n<p><\/p>\n\n\n\n<p>La r\u00e9solution\u00a01325 du Conseil de s\u00e9curit\u00e9 de l\u2019ONU sur les femmes, la paix et la s\u00e9curit\u00e9 a \u00e9t\u00e9 consid\u00e9r\u00e9e comme une vraie r\u00e9ussite pour les organisations de femmes, car elle reconnaissait pour la premi\u00e8re fois le r\u00f4le central de ces derni\u00e8res dans la pr\u00e9vention et la r\u00e9solution des conflits et dans la promotion de la paix. Toutefois, notre exp\u00e9rience au sein de Femmes de Paix Autour du Monde, qui inclue une collaboration avec des organisations partageant nos valeurs et \u0153uvrant \u00e0 la r\u00e9alisation de la r\u00e9solution 1325, met en \u00e9vidence le fait que la quantit\u00e9 de femmes participant aux n\u00e9gociations ne constitue pas un crit\u00e8re de r\u00e9ussite ad\u00e9quat. En outre, la s\u00e9curit\u00e9 est trop consid\u00e9r\u00e9e sous un prisme militariste dans la r\u00e9solution. Les causes structurelles de la violence li\u00e9e au genre dans les guerres et les conflits arm\u00e9s sont n\u00e9glig\u00e9es. La politique de paix f\u00e9ministe se penche sur les rapports de force patriarcaux structurellement ancr\u00e9s. Elle d\u00e9fend une s\u00e9curit\u00e9 globale et s\u2019attaque aux causes de la violence bas\u00e9e sur le genre.<\/p>\n\n\n\n<p><strong>Une augmentation de la violence plut\u00f4t qu\u2019une diminution <\/strong><strong><\/strong><\/p>\n\n\n\n<p>La militarisation et l\u2019armement mettent en \u00e9vidence les masculinit\u00e9s violentes et toxiques, visibles dans la vie quotidienne et particuli\u00e8rement frappantes en temps de guerre. La focalisation croissante sur la s\u00e9curit\u00e9, soi-disant \u00ab pour prot\u00e9ger les femmes \u00bb, ne fonctionne pas d\u2019un point de vue f\u00e9ministe. Malgr\u00e9 l\u2019exigence de la r\u00e9solution\u00a01325 de prot\u00e9ger les femmes contre la violence bas\u00e9e sur le genre, c\u2019est pr\u00e9cis\u00e9ment en temps de guerre qu\u2019elle augmente, dans la sph\u00e8re domestique et dans le langage. Ces faits sont rarement pris en compte lors des n\u00e9gociations de paix.<\/p>\n\n\n\n<p>M\u00eame lors de conflits arm\u00e9s, les femmes prennent soin de leurs proches et de la communaut\u00e9 malgr\u00e9 des conditions de vie d\u00e9plorables. Leur r\u00e9silience et leurs comp\u00e9tences ne sont toutefois pas prises en consid\u00e9ration de mani\u00e8re ad\u00e9quate dans les n\u00e9gociations de paix ou la reconstruction. Les voix des organisations et des r\u00e9seaux locaux de femmes sont ignor\u00e9es lors des d\u00e9cisions concernant l&#8217;apr\u00e8s-guerre et la reconstruction. En cons\u00e9quence, les investissements ne sont pas allou\u00e9s aux secteurs n\u00e9cessaires prenant en compte l\u2019\u00e9galit\u00e9 des genres (sant\u00e9, logement, \u00e9ducation), mais dans des secteurs orient\u00e9s vers le profit et domin\u00e9s par les hommes comme la voirie et l\u2019industrie.<\/p>\n\n\n\n<p><strong>Comment la r\u00e9solution 1325 est vid\u00e9e de sa substance<\/strong><strong><\/strong><\/p>\n\n\n\n<p>Actuellement, la politique de paix signifie avant tout une focalisation sur la militarisation et la s\u00e9curit\u00e9 en tant qu&#8217;\u00e9l\u00e9ments pouvant \u00eatre contr\u00f4l\u00e9s techniquement et militairement. Elle s\u2019accompagne d\u2019un d\u00e9veloppement \u00e9conomique qui mise sur le gain et le profit, notamment sur les investissements dans les entreprises d\u2019armement, le traitement des mati\u00e8res premi\u00e8res ou les technologies de surveillance. Une compr\u00e9hension f\u00e9ministe de la paix n\u2019est pas int\u00e9gr\u00e9e dans la r\u00e9solution de l\u2019ONU bas\u00e9e sur les droits humains, aux d\u00e9pens des femmes dont le travail de soin constitue la base d\u2019une soci\u00e9t\u00e9 s\u00fbre.<\/p>\n\n\n\n<p><strong>La s\u00e9curit\u00e9 par une d\u00e9militarisation cons\u00e9quente<\/strong><strong><\/strong><\/p>\n\n\n\n<p>Une politique de paix f\u00e9ministe efficace ne devrait pas assurer sa s\u00e9curit\u00e9 par la militarisation et l\u2019armement. Une s\u00e9curit\u00e9 globale pour tous et toutes, et en particulier pour les femmes, n\u00e9cessite une d\u00e9militarisation cons\u00e9quente et des investissements dans les infrastructures sociales. Cela permet de lutter contre l\u2019in\u00e9galit\u00e9 cr\u00e9\u00e9e par les rapports de force patriarcaux structurels et de stimuler les transformations sociales. Une mise en \u0153uvre coh\u00e9rente de la r\u00e9solution\u00a01325, qui garantit la participation des femmes \u00e0 tous les processus de d\u00e9cision politique, doit int\u00e9grer leurs exigences, leurs besoins et leurs propositions. Tant que cela ne sera pas le cas, une paix globale ne pourra pas voir le jour.<\/p>\n","protected":false},"excerpt":{"rendered":"<p>La r\u00e9solution\u00a01325 du Conseil de s\u00e9curit\u00e9 de l\u2019ONU sur les femmes, la paix et la s\u00e9curit\u00e9 a \u00e9t\u00e9 consid\u00e9r\u00e9e comme une vraie r\u00e9ussite pour les organisations de femmes, car elle reconnaissait pour la premi\u00e8re fois le r\u00f4le central de ces derni\u00e8res dans la pr\u00e9vention et la r\u00e9solution des conflits et dans la promotion de la <a href=\"https:\/\/koff.swisspeace.ch\/apropos\/2159\/militarisation-et-recherche-dune-politique-de-paix-feministe\/\" class=\"more-link\">&#8230;<span class=\"screen-reader-text\">  Militarisation et recherche d\u2019une politique de paix f\u00e9ministe<\/span><\/a><\/p>\n","protected":false},"author":3,"featured_media":2156,"comment_status":"open","ping_status":"open","sticky":false,"template":"","format":"standard","meta":{"advgb_blocks_editor_width":"","advgb_blocks_columns_visual_guide":""},"categories":[113],"tags":[],"issue":[212],"acf":[],"author_meta":{"display_name":"\u00e0 propos","author_link":"https:\/\/koff.swisspeace.ch\/apropos\/author\/apropos\/"},"featured_img":"https:\/\/koff.swisspeace.ch\/apropos\/wp-content\/uploads\/2023\/08\/women-and-security_Pixabay_a-propos-600x331.png","coauthors":[],"tax_additional":{"categories":{"linked":["<a href=\"https:\/\/koff.swisspeace.ch\/apropos\/category\/reports-fr\/\" class=\"advgb-post-tax-term\">Dossier<\/a>"],"unlinked":["<span class=\"advgb-post-tax-term\">Dossier<\/span>"]}},"comment_count":0,"relative_dates":{"created":"Posted 3 years ago","modified":"Updated 3 years ago"},"absolute_dates":{"created":"Posted on September 7, 2023","modified":"Updated on September 7, 2023"},"absolute_dates_time":{"created":"Posted on September 7, 2023 7:46 am","modified":"Updated on September 7, 2023 7:46 am"},"featured_img_caption":"","series_order":null,"_links":{"self":[{"href":"https:\/\/koff.swisspeace.ch\/apropos\/wp-json\/wp\/v2\/posts\/2159"}],"collection":[{"href":"https:\/\/koff.swisspeace.ch\/apropos\/wp-json\/wp\/v2\/posts"}],"about":[{"href":"https:\/\/koff.swisspeace.ch\/apropos\/wp-json\/wp\/v2\/types\/post"}],"author":[{"embeddable":true,"href":"https:\/\/koff.swisspeace.ch\/apropos\/wp-json\/wp\/v2\/users\/3"}],"replies":[{"embeddable":true,"href":"https:\/\/koff.swisspeace.ch\/apropos\/wp-json\/wp\/v2\/comments?post=2159"}],"version-history":[{"count":7,"href":"https:\/\/koff.swisspeace.ch\/apropos\/wp-json\/wp\/v2\/posts\/2159\/revisions"}],"predecessor-version":[{"id":2577,"href":"https:\/\/koff.swisspeace.ch\/apropos\/wp-json\/wp\/v2\/posts\/2159\/revisions\/2577"}],"wp:featuredmedia":[{"embeddable":true,"href":"https:\/\/koff.swisspeace.ch\/apropos\/wp-json\/wp\/v2\/media\/2156"}],"wp:attachment":[{"href":"https:\/\/koff.swisspeace.ch\/apropos\/wp-json\/wp\/v2\/media?parent=2159"}],"wp:term":[{"taxonomy":"category","embeddable":true,"href":"https:\/\/koff.swisspeace.ch\/apropos\/wp-json\/wp\/v2\/categories?post=2159"},{"taxonomy":"post_tag","embeddable":true,"href":"https:\/\/koff.swisspeace.ch\/apropos\/wp-json\/wp\/v2\/tags?post=2159"},{"taxonomy":"issue","embeddable":true,"href":"https:\/\/koff.swisspeace.ch\/apropos\/wp-json\/wp\/v2\/issue?post=2159"}],"curies":[{"name":"wp","href":"https:\/\/api.w.org\/{rel}","templated":true}]}}