{"id":2174,"date":"2023-09-06T08:54:09","date_gmt":"2023-09-06T08:54:09","guid":{"rendered":"https:\/\/koff.swisspeace.ch\/apropos\/?p=2174"},"modified":"2023-09-06T08:54:10","modified_gmt":"2023-09-06T08:54:10","slug":"moins-despace-pour-la-societe-civile-moins-despace-pour-les-femmes","status":"publish","type":"post","link":"https:\/\/koff.swisspeace.ch\/apropos\/2174\/moins-despace-pour-la-societe-civile-moins-despace-pour-les-femmes\/","title":{"rendered":"Moins d&#8217;espace pour la soci\u00e9t\u00e9 civile, moins d&#8217;espace pour les femmes"},"content":{"rendered":"\n<p><\/p>\n\n\n\n<p>HELVETAS intervient dans plus de 30&nbsp;pays d\u2019Afrique, d\u2019Asie, des Balkans et d\u2019Europe de l\u2019Est, d\u2019Am\u00e9rique latine et centrale, et de la r\u00e9gion MENA. Dans nombre d\u2019entre eux, la marge de manoeuvre accord\u00e9e \u00e0 la soci\u00e9t\u00e9 civile est de plus en plus restreint ou fini m\u00eame par disparaitre. En parall\u00e8le, le dernier <a href=\"https:\/\/www.weforum.org\/reports\/global-gender-gap-report-2023\/digest\">rapport mondial sur les in\u00e9galit\u00e9s femmes-hommes dans le monde<\/a> d\u00e9montre de l\u00e9gers progr\u00e8s en mati\u00e8re de sant\u00e9, de survie et d\u2019\u00e9ducation des femmes (filles). Cependant, la participation des femmes \u00e0 la sph\u00e8re politique et leurs opportunit\u00e9s professionnelles ont diminu\u00e9, la plus grande disparit\u00e9 demeurant dans le domaine de l\u2019autonomisation politique, avec seulement 22,1% d\u2019\u00e9cart combl\u00e9. Les deux domaines permettant aux femmes (filles) d\u2019avoir plus d\u2019influence et d\u2019agir sont en r\u00e9gression ou toujours hors de port\u00e9e. Cela soul\u00e8ve la question suivante: existe-t-il une relation de cause \u00e0 effet entre le r\u00e9tr\u00e9cissement de la libert\u00e9 d&#8217;action de la soci\u00e9t\u00e9 civile et celle des femmes?&nbsp;<\/p>\n\n\n\n<p>Ces derni\u00e8res ann\u00e9es, la mont\u00e9e de l\u2019autoritarisme et du conservatisme a pos\u00e9 des d\u00e9fis importants en mati\u00e8re d\u2019\u00e9galit\u00e9 des genres et de la s\u00e9curit\u00e9 des femmes et des filles. Bien qu\u2019elles travaillent activement au bien-\u00eatre de leurs foyers et occupent la plupart des emplois en lien avec le domaine des soins, les femmes et les filles ne b\u00e9n\u00e9ficient pas des droits et du traitement qu\u2019elles m\u00e9ritent. Les statistiques r\u00e9v\u00e8lent qu&#8217;elles repr\u00e9sentent 60% des personnes sous-aliment\u00e9es dans le monde, la moiti\u00e9 des personnes vivant sous le seuil de pauvret\u00e9, et que leur taux de ch\u00f4mage est de 50 \u00e0 100% plus \u00e9lev\u00e9 que celui des hommes. En outre, environ un tiers de ces derni\u00e8res d\u00e9clarent avoir subi une forme de violence ou de harc\u00e8lement \u00e0 caract\u00e8re sexiste.<\/p>\n\n\n\n<p>Ces d\u00e9fis, exacerb\u00e9s par les crises mondiales telles que les pand\u00e9mies et le r\u00e9chauffement climatique, ne sont pas seulement v\u00e9cus par les femmes en provenance de l&#8217;h\u00e9misph\u00e8re sud, mais aussi par celles des pays industrialis\u00e9s. Aujourd&#8217;hui, 80% des d\u00e9plac\u00e9\u00b7es climatiques sont des femmes et ce ph\u00e9nom\u00e8ne  emp\u00eachera au moins 12,5&nbsp;millions de filles chaque ann\u00e9e de terminer leurs \u00e9tudes. <\/p>\n\n\n\n<p>HELVETAS \u0153uvre pour <a href=\"https:\/\/www.helvetas.org\/fr\/suisse\/ce-qu-on-fait\/nos-themes\/genre-et-equite-sociale\">l\u2019\u00e9galit\u00e9 des sexes et l\u2019\u00e9quit\u00e9 sociale<\/a>, qu\u2019elle consid\u00e8re comme des conditions pr\u00e9alables et des solutions pour relever les plus grands d\u00e9fis du monde. Gr\u00e2ce \u00e0 ses projets <a href=\"https:\/\/www.helvetas.org\/fr\/suisse\/ce-qu-on-fait\/nos-themes\/voix-inclusion-cohesion\">Voix, inclusion et coh\u00e9sion<\/a>, l\u2019organisation soutient la participation, la repr\u00e9sentation et le leadership des femmes dans la gouvernance locale, les \u00e9lections et la m\u00e9diation pour la coh\u00e9sion et la paix. HELVETAS m\u00e8ne \u00e9galement des projets <a href=\"https:\/\/www.helvetas.org\/fr\/suisse\/ce-qu-on-fait\/nos-themes\/competences-emplois-revenus\">Comp\u00e9tences, emplois et revenus<\/a>, visant \u00e0 am\u00e9liorer l\u2019acc\u00e8s des femmes, des filles et des jeunes \u00e0 une \u00e9ducation prenant en compte le genre, \u00e0 l\u2019emploi et aux services financiers. Dans le cadre de ses projets Eau, alimentation et climat, HELVETAS am\u00e9liore l\u2019acc\u00e8s s\u00fbr et inclusif des femmes \u00e0 <a href=\"https:\/\/www.helvetas.org\/fr\/suisse\/ce-qu-on-fait\/nos-themes\/eau-alimentation-climat\">l\u2019eau<\/a> et <a href=\"https:\/\/www.helvetas.org\/fr\/suisse\/ce-qu-on-fait\/nos-themes\/eau-alimentation-climat\">\u00e0 des syst\u00e8mes alimentaires<\/a> r\u00e9silients sur le plan climatique, aux \u00e9conomies circulaires et aux cha\u00eenes de valeur \u00e9quitables.&nbsp;<\/p>\n\n\n\n<p>Cela est \u00e9videmment plus facile \u00e0 dire qu\u2019\u00e0 faire. Pour s&#8217;assurer de son impact positif, HELVETAS investit dans l\u2019\u00e9quit\u00e9 sociale et l\u2019\u00e9galit\u00e9 des genres au sein de l\u2019organisation et avec ses partenaires. Elle alloue des ressources substantielles \u00e0 la compr\u00e9hension des contextes dans lesquels elle s\u2019engage, l&#8217;application d&#8217;une approche sensible au genre, \u00e0 l\u2019\u00e9quit\u00e9 sociale et \u00e0 l&#8217;analyse des environnements sociopolitiques. \u00c0 cette fin, HELVETAS cible les femmes et implique les hommes, les familles, les dirigeant\u00b7es communautaires, les gouvernements, les universit\u00e9s, les entreprises, les m\u00e9dias et la soci\u00e9t\u00e9 civile. L\u2019organisation facilite la collaboration entre les diff\u00e9rentes parties prenantes afin d&#8217;engendrer un changement syst\u00e9mique inclusif, en veillant \u00e0 ce que les voix et les priorit\u00e9s des femmes soient entendues et que leurs droits soient respect\u00e9s, dans leur int\u00e9r\u00eat et dans celui des soci\u00e9t\u00e9s dont elles font partie.<\/p>\n","protected":false},"excerpt":{"rendered":"<p>HELVETAS intervient dans plus de 30&nbsp;pays d\u2019Afrique, d\u2019Asie, des Balkans et d\u2019Europe de l\u2019Est, d\u2019Am\u00e9rique latine et centrale, et de la r\u00e9gion MENA. Dans nombre d\u2019entre eux, la marge de manoeuvre accord\u00e9e \u00e0 la soci\u00e9t\u00e9 civile est de plus en plus restreint ou fini m\u00eame par disparaitre. En parall\u00e8le, le dernier rapport mondial sur les <a href=\"https:\/\/koff.swisspeace.ch\/apropos\/2174\/moins-despace-pour-la-societe-civile-moins-despace-pour-les-femmes\/\" class=\"more-link\">&#8230;<span class=\"screen-reader-text\">  Moins d&#8217;espace pour la soci\u00e9t\u00e9 civile, moins d&#8217;espace pour les femmes<\/span><\/a><\/p>\n","protected":false},"author":3,"featured_media":2169,"comment_status":"open","ping_status":"open","sticky":false,"template":"","format":"standard","meta":{"advgb_blocks_editor_width":"","advgb_blocks_columns_visual_guide":""},"categories":[113],"tags":[],"issue":[212],"acf":[],"author_meta":{"display_name":"\u00e0 propos","author_link":"https:\/\/koff.swisspeace.ch\/apropos\/author\/apropos\/"},"featured_img":"https:\/\/koff.swisspeace.ch\/apropos\/wp-content\/uploads\/2023\/08\/WB_Helvetas182-600x331.png","coauthors":[],"tax_additional":{"categories":{"linked":["<a href=\"https:\/\/koff.swisspeace.ch\/apropos\/category\/reports-fr\/\" class=\"advgb-post-tax-term\">Dossier<\/a>"],"unlinked":["<span class=\"advgb-post-tax-term\">Dossier<\/span>"]}},"comment_count":0,"relative_dates":{"created":"Posted 3 years ago","modified":"Updated 3 years ago"},"absolute_dates":{"created":"Posted on September 6, 2023","modified":"Updated on September 6, 2023"},"absolute_dates_time":{"created":"Posted on September 6, 2023 8:54 am","modified":"Updated on September 6, 2023 8:54 am"},"featured_img_caption":"","series_order":null,"_links":{"self":[{"href":"https:\/\/koff.swisspeace.ch\/apropos\/wp-json\/wp\/v2\/posts\/2174"}],"collection":[{"href":"https:\/\/koff.swisspeace.ch\/apropos\/wp-json\/wp\/v2\/posts"}],"about":[{"href":"https:\/\/koff.swisspeace.ch\/apropos\/wp-json\/wp\/v2\/types\/post"}],"author":[{"embeddable":true,"href":"https:\/\/koff.swisspeace.ch\/apropos\/wp-json\/wp\/v2\/users\/3"}],"replies":[{"embeddable":true,"href":"https:\/\/koff.swisspeace.ch\/apropos\/wp-json\/wp\/v2\/comments?post=2174"}],"version-history":[{"count":12,"href":"https:\/\/koff.swisspeace.ch\/apropos\/wp-json\/wp\/v2\/posts\/2174\/revisions"}],"predecessor-version":[{"id":2586,"href":"https:\/\/koff.swisspeace.ch\/apropos\/wp-json\/wp\/v2\/posts\/2174\/revisions\/2586"}],"wp:featuredmedia":[{"embeddable":true,"href":"https:\/\/koff.swisspeace.ch\/apropos\/wp-json\/wp\/v2\/media\/2169"}],"wp:attachment":[{"href":"https:\/\/koff.swisspeace.ch\/apropos\/wp-json\/wp\/v2\/media?parent=2174"}],"wp:term":[{"taxonomy":"category","embeddable":true,"href":"https:\/\/koff.swisspeace.ch\/apropos\/wp-json\/wp\/v2\/categories?post=2174"},{"taxonomy":"post_tag","embeddable":true,"href":"https:\/\/koff.swisspeace.ch\/apropos\/wp-json\/wp\/v2\/tags?post=2174"},{"taxonomy":"issue","embeddable":true,"href":"https:\/\/koff.swisspeace.ch\/apropos\/wp-json\/wp\/v2\/issue?post=2174"}],"curies":[{"name":"wp","href":"https:\/\/api.w.org\/{rel}","templated":true}]}}