{"id":2181,"date":"2023-09-04T14:34:04","date_gmt":"2023-09-04T14:34:04","guid":{"rendered":"https:\/\/koff.swisspeace.ch\/apropos\/?p=2181"},"modified":"2023-09-06T09:00:51","modified_gmt":"2023-09-06T09:00:51","slug":"weniger-zivilgesellschaftlicher-raum-weniger-handlungsspielraum-fur-frauen","status":"publish","type":"post","link":"https:\/\/koff.swisspeace.ch\/apropos\/2181\/weniger-zivilgesellschaftlicher-raum-weniger-handlungsspielraum-fur-frauen\/","title":{"rendered":"Weniger zivilgesellschaftlicher Raum, weniger Handlungsspielraum f\u00fcr Frauen"},"content":{"rendered":"\n<p><\/p>\n\n\n\n<p>Helvetas engagiert sich in \u00fcber 30 L\u00e4ndern in Afrika, Asien, Lateinamerika, Osteuropa, auf dem Balkan und in der MENA-Region. In vielen dieser L\u00e4nder ist der zivilgesellschaftliche Handlungsspielraum eingeschr\u00e4nkt oder geschlossen. Parallel dazu zeigt der j\u00fcngste <a href=\"https:\/\/www.weforum.org\/reports\/global-gender-gap-report-2023\/digest\">Global Gender Gap Report<\/a> in den Kategorien Gesundheit und Lebenserwartung sowie Bildung kleine Fortschritte bei der Gleichstellung von Frauen (bzw. M\u00e4dchen). Wirtschaftliche Teilhabe und Chancen haben sich dagegen verschlechtert. Beim Schlusslicht politische Teilhabe ist die Geschlechterkluft nur zu 22,1 Prozent geschlossen. Die beiden Bereiche, in denen Frauen (bzw. M\u00e4dchen) potenziell mehr Einfluss und Handlungsf\u00e4higkeit erlangen k\u00f6nnten, sind r\u00fcckl\u00e4ufig oder auf Dauer unerreichbar geworden. Bedeutet das, es besteht eine kausale Wechselbeziehung zwischen dem schrumpfenden Handlungsspielraum f\u00fcr die Zivilgesellschaft einerseits und f\u00fcr Frauen andererseits?<\/p>\n\n\n\n<p>Der seit einigen Jahren zunehmende Autoritarismus und Konservatismus gef\u00e4hrdet nicht nur die Gleichstellung, sondern auch die Sicherheit und das Wohlergehen von Frauen und M\u00e4dchen. Obwohl sie es sind, die zu Hause und an der Front die Care-Arbeit leisten, geniessen Frauen nicht die ihnen zustehenden Rechte und Behandlung. Statistiken belegen, dass 60&nbsp;Prozent der weltweit an Unterern\u00e4hrung leidenden Menschen weiblich sind und dass die H\u00e4lfte von ihnen unterhalb der Armutsgrenze lebt. Die Arbeitslosenrate ist bei Frauen 50 bis 100&nbsp;Prozent h\u00f6her als bei M\u00e4nnern. Dar\u00fcber hinaus gibt rund ein Drittel aller Frauen und M\u00e4dchen an, bereits in irgendeiner Form geschlechtsspezifische Gewalt oder Bel\u00e4stigung erfahren zu haben.<\/p>\n\n\n\n<p>Diese Probleme, die durch weltweite Krisen wie Pandemien und den Klimawandel noch verst\u00e4rkt werden, betreffen Frauen in Industriel\u00e4ndern ebenso wie im globalen S\u00fcden. Der Klimawandel wird dazu beitragen, dass jedes Jahr mindestens 12,5 Millionen M\u00e4dchen ihre Ausbildung nicht abschliessen k\u00f6nnen. 80&nbsp;Prozent der Menschen, die aufgrund von Klimafolgen ihr Zuhause verlassen m\u00fcssen, sind Frauen.<\/p>\n\n\n\n<p>Helvetas engagiert sich f\u00fcr <a href=\"https:\/\/www.helvetas.org\/de\/schweiz\/was-wir-tun\/unsere-themen\/gender-und-soziale-gerechtigkeit\">Gender und soziale Gerechtigkeit<\/a>, da die Organisation diese beiden Ziele als Voraussetzungen und L\u00f6sungen zur Bew\u00e4ltigung der gr\u00f6ssten Herausforderungen unserer Welt betrachtet. Durch Projekte f\u00fcr <a href=\"https:\/\/www.helvetas.org\/de\/schweiz\/was-wir-tun\/unsere-themen\/mitsprache-sozialer-zusammenhalt\">Mitsprache und sozialen Zusammenhalt<\/a> unterst\u00fctzt Helvetas Frauen im Hinblick auf Partizipation, Repr\u00e4sentanz und F\u00fchrungsrollen in lokalen Gouvernanzstrukturen, bei Wahlen und bei der Mediation f\u00fcr Zusammenhalt und Frieden. Weitere Helvetas-Projekte schaffen <a href=\"https:\/\/www.helvetas.org\/de\/schweiz\/was-wir-tun\/unsere-themen\/bildung-arbeit-einkommen\">Bildung, Arbeit und Einkommen<\/a>, indem sie Frauen, M\u00e4dchen und der <a href=\"https:\/\/www.helvetas.org\/en\/switzerland\/what-we-do\/our-topics\/youth\">Jugend<\/a> eine bedarfsgerechte Bildung, Besch\u00e4ftigung und Finanzierung erm\u00f6glichen. In den Bereichen <a href=\"https:\/\/www.helvetas.org\/de\/schweiz\/was-wir-tun\/unsere-themen\/wasser-ernaehrung-klima\">Wasser, Ern\u00e4hrung und Klima<\/a> erleichtert die Organisation Frauen den breiten, sicheren Zugang zu Wasser und setzt sich f\u00fcr klimaresistente Lebensmittelsysteme, Kreislaufwirtschaft sowie faire Wertsch\u00f6pfungsketten ein.<\/p>\n\n\n\n<p>Das ist allerdings leichter gesagt als getan. Um die Wahrscheinlichkeit einer positiven Wirkung zu erh\u00f6hen, investiert Helvetas sowohl innerhalb der eigenen Organisation als auch bei ihren Partnern in Gender und soziale Gerechtigkeit. Erhebliche Mittel werden daf\u00fcr aufgewendet, die Zielkontexte besser zu verstehen, den Fokus auf Gender und soziale Gerechtigkeit zu richten, die politische \u00d6konomie und die Machtdynamiken zu analysieren und \u00abDo-No-Harm\u00bb-Interventionsstrategien zu entwickeln. Deshalb richtet sich Helvetas an Frauen, ohne dabei M\u00e4nner, Familien, lokale Politiker:innen, Regierungen, Wissenschaft, Wirtschaft, Medien und die Zivilgesellschaft aus dem Blick zu verlieren. Die Organisation f\u00f6rdert die Zusammenarbeit verschiedener Interessensgruppen auf dem Weg zu einem inklusiven Systemwandel und sorgt daf\u00fcr, dass die Stimmen und Interessen von Frauen geh\u00f6rt und ihre Rechte respektiert werden, wovon nicht nur die Frauen selbst, sondern auch die Gesellschaften, in denen sie leben, profitieren.<\/p>\n","protected":false},"excerpt":{"rendered":"<p>Helvetas engagiert sich in \u00fcber 30 L\u00e4ndern in Afrika, Asien, Lateinamerika, Osteuropa, auf dem Balkan und in der MENA-Region. In vielen dieser L\u00e4nder ist der zivilgesellschaftliche Handlungsspielraum eingeschr\u00e4nkt oder geschlossen. Parallel dazu zeigt der j\u00fcngste Global Gender Gap Report in den Kategorien Gesundheit und Lebenserwartung sowie Bildung kleine Fortschritte bei der Gleichstellung von Frauen (bzw. <a href=\"https:\/\/koff.swisspeace.ch\/apropos\/2181\/weniger-zivilgesellschaftlicher-raum-weniger-handlungsspielraum-fur-frauen\/\" class=\"more-link\">&#8230;<span class=\"screen-reader-text\">  Weniger zivilgesellschaftlicher Raum, weniger Handlungsspielraum f\u00fcr Frauen<\/span><\/a><\/p>\n","protected":false},"author":3,"featured_media":2169,"comment_status":"open","ping_status":"open","sticky":false,"template":"","format":"standard","meta":{"advgb_blocks_editor_width":"","advgb_blocks_columns_visual_guide":""},"categories":[73],"tags":[],"issue":[210],"acf":[],"author_meta":{"display_name":"\u00e0 propos","author_link":"https:\/\/koff.swisspeace.ch\/apropos\/author\/apropos\/"},"featured_img":"https:\/\/koff.swisspeace.ch\/apropos\/wp-content\/uploads\/2023\/08\/WB_Helvetas182-600x331.png","coauthors":[],"tax_additional":{"categories":{"linked":["<a href=\"https:\/\/koff.swisspeace.ch\/apropos\/category\/reports-de\/\" class=\"advgb-post-tax-term\">Dossier<\/a>"],"unlinked":["<span class=\"advgb-post-tax-term\">Dossier<\/span>"]}},"comment_count":0,"relative_dates":{"created":"Posted 3 years ago","modified":"Updated 3 years ago"},"absolute_dates":{"created":"Posted on September 4, 2023","modified":"Updated on September 6, 2023"},"absolute_dates_time":{"created":"Posted on September 4, 2023 2:34 pm","modified":"Updated on September 6, 2023 9:00 am"},"featured_img_caption":"","series_order":null,"_links":{"self":[{"href":"https:\/\/koff.swisspeace.ch\/apropos\/wp-json\/wp\/v2\/posts\/2181"}],"collection":[{"href":"https:\/\/koff.swisspeace.ch\/apropos\/wp-json\/wp\/v2\/posts"}],"about":[{"href":"https:\/\/koff.swisspeace.ch\/apropos\/wp-json\/wp\/v2\/types\/post"}],"author":[{"embeddable":true,"href":"https:\/\/koff.swisspeace.ch\/apropos\/wp-json\/wp\/v2\/users\/3"}],"replies":[{"embeddable":true,"href":"https:\/\/koff.swisspeace.ch\/apropos\/wp-json\/wp\/v2\/comments?post=2181"}],"version-history":[{"count":5,"href":"https:\/\/koff.swisspeace.ch\/apropos\/wp-json\/wp\/v2\/posts\/2181\/revisions"}],"predecessor-version":[{"id":2491,"href":"https:\/\/koff.swisspeace.ch\/apropos\/wp-json\/wp\/v2\/posts\/2181\/revisions\/2491"}],"wp:featuredmedia":[{"embeddable":true,"href":"https:\/\/koff.swisspeace.ch\/apropos\/wp-json\/wp\/v2\/media\/2169"}],"wp:attachment":[{"href":"https:\/\/koff.swisspeace.ch\/apropos\/wp-json\/wp\/v2\/media?parent=2181"}],"wp:term":[{"taxonomy":"category","embeddable":true,"href":"https:\/\/koff.swisspeace.ch\/apropos\/wp-json\/wp\/v2\/categories?post=2181"},{"taxonomy":"post_tag","embeddable":true,"href":"https:\/\/koff.swisspeace.ch\/apropos\/wp-json\/wp\/v2\/tags?post=2181"},{"taxonomy":"issue","embeddable":true,"href":"https:\/\/koff.swisspeace.ch\/apropos\/wp-json\/wp\/v2\/issue?post=2181"}],"curies":[{"name":"wp","href":"https:\/\/api.w.org\/{rel}","templated":true}]}}